{"id":12432,"date":"2013-06-14T11:52:00","date_gmt":"2013-06-14T16:52:00","guid":{"rendered":"http:\/\/www.ambiente.gob.ec\/?p=12432"},"modified":"2013-06-14T11:52:00","modified_gmt":"2013-06-14T16:52:00","slug":"mae-rescato-un-mono-capuchino-en-orellana","status":"publish","type":"post","link":"https:\/\/www.ambienteyenergia.gob.ec\/ambiente\/mae-rescato-un-mono-capuchino-en-orellana\/","title":{"rendered":"MAE rescato un Mono Capuchino en Orellana"},"content":{"rendered":"<p style=\"text-align: justify;\">El Ministerio del Ambiente (MAE), el pasado 12 de Junio, decomis\u00f3 un mono capuchino blanco (Cebus albifrons) en la ciudad Joya de los Sachas, provincia de Orellana. El animal agresivo y desorientado, ingres\u00f3 a una vivienda del sector y causo algunos desmanes.<\/p>\n<p style=\"text-align: justify;\">\nTras recibir una llamada de alerta, t\u00e9cnicos de la Direcci\u00f3n Provincial del Ambiente de Orellana acudieron r\u00e1pidamente al lugar para verificar la presencia del mono. La propietaria de la vivienda adujo que el esp\u00e9cimen estaba perdido.<\/p>\n<p style=\"text-align: justify;\">\nEl primate fue trasladado al Zool\u00f3gico Coca-Zoo, donde se le realizar\u00e1 una revisi\u00f3n m\u00e9dica completa y se determinar\u00e1 su estado de salud. Posterior a esto, se analizar\u00e1 si es conveniente devolverlo a su h\u00e1bitat.<\/p>\n<p style=\"text-align: justify;\">\nEl Mono capuchino blanco es una especie de h\u00e1bitos diurnos, vive en grupos, por lo que puede cohabitar con otros primates como Saimiri sciureus.<\/p>\n<p style=\"text-align: justify;\">\nEste primate sufre una fuerte presi\u00f3n por cacer\u00eda, pues se utiliza su carne y se lo comercializa como mascota.<\/p>\n<p style=\"text-align: justify;\">\n<strong>El Dato<\/strong><\/p>\n<p style=\"text-align: justify;\">\nEl mono capuchino (Cebus albifrons) est\u00e1 catalogado como una especie en peligro (EN), y en la categor\u00eda II de la CITES.<\/p>\n","protected":false},"excerpt":{"rendered":"<p class=\"excerpt\">El Ministerio del Ambiente (MAE), el pasado 12 de Junio, decomis\u00f3 un mono capuchino blanco (Cebus albifrons) en la ciudad Joya de los Sachas, provincia de Orellana. El animal agresivo y desorientado, ingres\u00f3 a una vivienda del sector y causo algunos desmanes. Tras recibir una llamada de alerta, t\u00e9cnicos de la Direcci\u00f3n Provincial del Ambiente de Orellana acudieron r\u00e1pidamente al&hellip; <a href=\"https:\/\/www.ambienteyenergia.gob.ec\/ambiente\/mae-rescato-un-mono-capuchino-en-orellana\/\">Read more &rarr;<\/a><\/p>\n","protected":false},"author":13,"featured_media":12433,"comment_status":"open","ping_status":"open","sticky":false,"template":"","format":"standard","meta":{"footnotes":""},"categories":[16,4],"tags":[],"class_list":["post-12432","post","type-post","status-publish","format-standard","has-post-thumbnail","hentry","category-comunicamos","category-noticias","xfolkentry"],"_links":{"self":[{"href":"https:\/\/www.ambienteyenergia.gob.ec\/ambiente\/wp-json\/wp\/v2\/posts\/12432","targetHints":{"allow":["GET"]}}],"collection":[{"href":"https:\/\/www.ambienteyenergia.gob.ec\/ambiente\/wp-json\/wp\/v2\/posts"}],"about":[{"href":"https:\/\/www.ambienteyenergia.gob.ec\/ambiente\/wp-json\/wp\/v2\/types\/post"}],"author":[{"embeddable":true,"href":"https:\/\/www.ambienteyenergia.gob.ec\/ambiente\/wp-json\/wp\/v2\/users\/13"}],"replies":[{"embeddable":true,"href":"https:\/\/www.ambienteyenergia.gob.ec\/ambiente\/wp-json\/wp\/v2\/comments?post=12432"}],"version-history":[{"count":0,"href":"https:\/\/www.ambienteyenergia.gob.ec\/ambiente\/wp-json\/wp\/v2\/posts\/12432\/revisions"}],"wp:featuredmedia":[{"embeddable":true,"href":"https:\/\/www.ambienteyenergia.gob.ec\/ambiente\/wp-json\/wp\/v2\/media\/12433"}],"wp:attachment":[{"href":"https:\/\/www.ambienteyenergia.gob.ec\/ambiente\/wp-json\/wp\/v2\/media?parent=12432"}],"wp:term":[{"taxonomy":"category","embeddable":true,"href":"https:\/\/www.ambienteyenergia.gob.ec\/ambiente\/wp-json\/wp\/v2\/categories?post=12432"},{"taxonomy":"post_tag","embeddable":true,"href":"https:\/\/www.ambienteyenergia.gob.ec\/ambiente\/wp-json\/wp\/v2\/tags?post=12432"}],"curies":[{"name":"wp","href":"https:\/\/api.w.org\/{rel}","templated":true}]}}