{"id":12429,"date":"2013-06-14T11:46:31","date_gmt":"2013-06-14T16:46:31","guid":{"rendered":"http:\/\/www.ambiente.gob.ec\/?p=12429"},"modified":"2013-06-14T11:46:31","modified_gmt":"2013-06-14T16:46:31","slug":"mae-profundiza-la-descontaminacion-del-estero-salado","status":"publish","type":"post","link":"https:\/\/www.ambienteyenergia.gob.ec\/ambiente\/mae-profundiza-la-descontaminacion-del-estero-salado\/","title":{"rendered":"MAE profundiza la descontaminaci\u00f3n del Estero Salado"},"content":{"rendered":"<p style=\"text-align: justify;\">El Ministerio del Ambiente lidera el proceso de descontaminaci\u00f3n del Estero Salado, como parte del proyecto Guayaquil Ecol\u00f3gico. En ese sentido se ha trabajado en varios frentes para cumplir con el objetivo de recuperar el estero.<\/p>\n<p style=\"text-align: justify;\">Uno de los componentes es la Educaci\u00f3n Ambiental y Social\u00a0 a trav\u00e9s de cual se trabaja en la sensibilizaci\u00f3n, concientizaci\u00f3n para promover la participaci\u00f3n y el empoderamiento de la comunidad vecina del Estero. En ese sentido, se aplican campa\u00f1as de concienciaci\u00f3n ambiental puerta a puerta, se entregan recipientes para la recolecci\u00f3n de desechos s\u00f3lidos (tachos) tanto a centros educativos como a las familias en la zona de influencia del Estero en el sur y suroeste de la ciudad.<\/p>\n<p style=\"text-align: justify;\">En el componente t\u00e9cnico ecol\u00f3gico se ejecutan estudios y procesos t\u00e9cnicos orientados a mejorar las caracter\u00edsticas ecol\u00f3gicas, tanto agua como de los sedimentos (lodos) y las riberas del Estero. Paralelamente, se encuentran operativas 4 estaciones de superoxigenaci\u00f3n (2 en el Estero Puerto Lisa, 1 en Las Ranas y 1 en Mogoll\u00f3n), mediante las cuales, por efectos de difusi\u00f3n se incrementan los niveles de ox\u00edgeno disuelto en el agua, mejorando la calidad de la misma.<\/p>\n<p style=\"text-align: justify;\">Actualmente, el Ministerio del Ambiente, a trav\u00e9s del Proyecto Guayaquil Ecol\u00f3gico ejecuta estudios de los lodos y sedimentos en los Esteros: Puerto Lisa, Mogoll\u00f3n, Palanqueado y Las Ranas, esta caracterizaci\u00f3n incluye, estudios geol\u00f3gicos y geot\u00e9cnicos, e identificaci\u00f3n de tipos y niveles de contaminaci\u00f3n\u00a0 en los mismos. \u00a0Dichos estudios iniciaron en marzo y concluir\u00e1n a finales del 2013.<\/p>\n<p style=\"text-align: justify;\">Durante a\u00f1os el Estero Salado fue parte de las actividades recreativas y de esparcimiento de los guayaquile\u00f1os, tradici\u00f3n que se ha perdido debido al deterioro de las condiciones ecol\u00f3gicas del mismo, pero gracias a la intervenci\u00f3n del Gobierno Nacional a trav\u00e9s del Ministerio del Ambiente, Guayaquil tendr\u00e1 un estero saneado en el mediano plazo ya que el proceso de saneamiento se profundiza con las actividades t\u00e9cnicas del MAE que concluir\u00e1n en el 2017.\u00a0 Se trabaja en varios frentes en un trabajo coordinado:<\/p>\n<ul style=\"text-align: justify;\">\n<li>Concientizaci\u00f3n y educaci\u00f3n ambiental.<\/li>\n<li>Gesti\u00f3n de desechos S\u00f3lidos.<\/li>\n<li>Gesti\u00f3n de las aguas residuales que se descargan al Estero.<\/li>\n<li>Mejoramiento en la calidad de agua y sedimento.<\/li>\n<li>Liberaci\u00f3n de riberas (<span style=\"text-decoration: underline;\">reubicaci\u00f3n de familias &#8211; MIDUVI).<\/span><\/li>\n<li>Limpieza de escombros y palafitos en las riberas liberadas.<\/li>\n<li>Recuperaci\u00f3n de cobertura vegetal.<\/li>\n<li>Construcci\u00f3n de Espacios recreativos en riberas liberadas no susceptibles a reforestaci\u00f3n \u2013 <span style=\"text-decoration: underline;\">(Accionar del MIDUVI).<\/span><\/li>\n<li>Eliminaci\u00f3n de estrangulamiento en el cauce del Estero.<\/li>\n<li>Eliminaci\u00f3n de Sedimentos en sitios espec\u00edficos determinados.<\/li>\n<\/ul>\n<p style=\"text-align: justify;\">Gracias a la coordinaci\u00f3n con la empresa INTERAGUA, se ha identificado la existencia de 18 cuencas de alcantarillado de aguas lluvias (AALL) en la ciudad, las cuales descargan sus efluentes en los diversos ramales del Estero Salado, en el norte, centro, sur y suroeste de la ciudad.<\/p>\n<p style=\"text-align: justify;\">Se han identificado un total de <strong>37.409<\/strong> usuarios (al corte 30 de mayo de 2013), ubicados en las cuencas de AALL, quienes no est\u00e1n conectados a la\u00a0 red Alcantarillado Sanitario existente. De estos, 35.247 usuarios tienen una descarga de tipo residencial y 2.162 usuarios tienen una descarga de tipo empresarial, industrial o comercial.<\/p>\n<p style=\"text-align: justify;\">Por otro lado se evidencia tambi\u00e9n la existencia de 42.843 usuarios que se encuentran el \u00e1rea de influencia de las cuencas AALL, en sitios donde a\u00fan no existe alcantarillado sanitario.<\/p>\n<p style=\"text-align: justify;\">La falta de conexi\u00f3n de los usuarios obedece a varios factores, entre los cuales el m\u00e1s importante ser\u00eda el factor econ\u00f3mico, ya que la conexi\u00f3n al alcantarillado implicar\u00eda trabajos de alba\u00f1iler\u00eda en las viviendas, lo cual puede alcanzar valores onerosos para ciertas familias.<\/p>\n<p style=\"text-align: justify;\"><strong>Descargas por controlar<\/strong><\/p>\n<p style=\"text-align: justify;\">Se ha identificado un total de 677 usuarios con diferentes actividades comerciales, dentro de las cuencas de AALL que afectan al Estero Salado, estos usuarios (industrias, empresas, locales comerciales, etc.), est\u00e1n siendo inspeccionados y monitoreados a fin de constatar las condiciones en las cuales est\u00e1n efectuando las descargas de efluentes.<\/p>\n<p style=\"text-align: justify;\">Se lleva adelante una \u00a0campa\u00f1a de monitoreo y control de descargas a un total aproximado de 120 empresas y\/o industrias, que se encuentran en las cuencas de AALL que afectan al Estero Salado. Adem\u00e1s, 128 instituciones educativas en las cuencas de la zona no est\u00e1n conectadas al sistema de alcantarillado sanitario existente. De ellas, solo 33 instituciones son de car\u00e1cter p\u00fablico y el resto son de car\u00e1cter privado.<\/p>\n<p style=\"text-align: justify;\">Con el Ministerio de Educaci\u00f3n, INTERAGUA y el MAE han coordinado acciones, y actualmente se est\u00e1 valorando le reestructuraci\u00f3n de las descargas de aguas servidas en las instituciones educativas, para dar una soluci\u00f3n definitiva.<\/p>\n<p style=\"text-align: justify;\">En lo referente a las instituciones educativas privadas, a la Direcci\u00f3n Provincial de Guayas del Ministerio del Ambiente, se le remiti\u00f3 el listado de las instituciones, quienes a pesar de contar con alcantarillado sanitario en su zona no est\u00e1n conectadas en \u00e9l, quien proceder\u00e1 con las acciones legales pertinentes.<\/p>\n<p style=\"text-align: justify;\">Para el problema de las conexiones de los usuarios residenciales, se han mantenido reuniones interinstitucionales con el Ministerio de Salud P\u00fablica, Interagua y el MAE, ya que las falencias en las conexiones no solo afectan a la ecolog\u00eda del Estero Salado, sino que tambi\u00e9n ocasionan un problema de Salud P\u00fablica a los habitantes vecinos del Estero, sobre todo en el sur y suroeste de la ciudad, en los sitios cercanos al Estero Puerto Lisa, Mogoll\u00f3n en el suburbio oeste y Cobina en el Guamo sur; lo cual se est\u00e1 presupuestando para atender la problem\u00e1tica propia de cada sector y en relaci\u00f3n a su capacidad adquisitiva.<\/p>\n<p style=\"text-align: justify;\">\n","protected":false},"excerpt":{"rendered":"<p class=\"excerpt\">El Ministerio del Ambiente lidera el proceso de descontaminaci\u00f3n del Estero Salado, como parte del proyecto Guayaquil Ecol\u00f3gico. En ese sentido se ha trabajado en varios frentes para cumplir con el objetivo de recuperar el estero. Uno de los componentes es la Educaci\u00f3n Ambiental y Social\u00a0 a trav\u00e9s de cual se trabaja en la sensibilizaci\u00f3n, concientizaci\u00f3n para promover la participaci\u00f3n&hellip; <a href=\"https:\/\/www.ambienteyenergia.gob.ec\/ambiente\/mae-profundiza-la-descontaminacion-del-estero-salado\/\">Read more &rarr;<\/a><\/p>\n","protected":false},"author":13,"featured_media":12430,"comment_status":"open","ping_status":"open","sticky":false,"template":"","format":"standard","meta":{"footnotes":""},"categories":[16,4],"tags":[],"class_list":["post-12429","post","type-post","status-publish","format-standard","has-post-thumbnail","hentry","category-comunicamos","category-noticias","xfolkentry"],"_links":{"self":[{"href":"https:\/\/www.ambienteyenergia.gob.ec\/ambiente\/wp-json\/wp\/v2\/posts\/12429","targetHints":{"allow":["GET"]}}],"collection":[{"href":"https:\/\/www.ambienteyenergia.gob.ec\/ambiente\/wp-json\/wp\/v2\/posts"}],"about":[{"href":"https:\/\/www.ambienteyenergia.gob.ec\/ambiente\/wp-json\/wp\/v2\/types\/post"}],"author":[{"embeddable":true,"href":"https:\/\/www.ambienteyenergia.gob.ec\/ambiente\/wp-json\/wp\/v2\/users\/13"}],"replies":[{"embeddable":true,"href":"https:\/\/www.ambienteyenergia.gob.ec\/ambiente\/wp-json\/wp\/v2\/comments?post=12429"}],"version-history":[{"count":0,"href":"https:\/\/www.ambienteyenergia.gob.ec\/ambiente\/wp-json\/wp\/v2\/posts\/12429\/revisions"}],"wp:featuredmedia":[{"embeddable":true,"href":"https:\/\/www.ambienteyenergia.gob.ec\/ambiente\/wp-json\/wp\/v2\/media\/12430"}],"wp:attachment":[{"href":"https:\/\/www.ambienteyenergia.gob.ec\/ambiente\/wp-json\/wp\/v2\/media?parent=12429"}],"wp:term":[{"taxonomy":"category","embeddable":true,"href":"https:\/\/www.ambienteyenergia.gob.ec\/ambiente\/wp-json\/wp\/v2\/categories?post=12429"},{"taxonomy":"post_tag","embeddable":true,"href":"https:\/\/www.ambienteyenergia.gob.ec\/ambiente\/wp-json\/wp\/v2\/tags?post=12429"}],"curies":[{"name":"wp","href":"https:\/\/api.w.org\/{rel}","templated":true}]}}