{"id":12426,"date":"2013-06-14T11:12:22","date_gmt":"2013-06-14T16:12:22","guid":{"rendered":"http:\/\/www.ambiente.gob.ec\/?p=12426"},"modified":"2013-06-14T11:12:22","modified_gmt":"2013-06-14T16:12:22","slug":"mae-manabi-trabaja-con-responsabilidad-en-la-preservacion-del-medio-ambiente","status":"publish","type":"post","link":"https:\/\/www.ambienteyenergia.gob.ec\/ambiente\/mae-manabi-trabaja-con-responsabilidad-en-la-preservacion-del-medio-ambiente\/","title":{"rendered":"MAE Manab\u00ed trabaja con responsabilidad en la preservaci\u00f3n del Medio Ambiente"},"content":{"rendered":"<p style=\"text-align: justify;\">Con el objetivo de preservar la naturaleza en sus diferentes \u00e1mbitos, los funcionarios del Ministerio del Ambiente (MAE), realizan varias actividades, las que incluyen retenci\u00f3n de madera,\u00a0 control de tr\u00e1fico de vida silvestre, de las \u00c1reas Protegidas y la prevenci\u00f3n de la contaminaci\u00f3n ambiental.<\/p>\n<p style=\"text-align: justify;\">Los guardaparques del Parque Nacional Machalilla, cumplieron\u00a0 la tercera fase de la limpieza del fondo marino con ayuda de buzos de la parroquia Salango, \u00a0el objetivo es mejorar el h\u00e1bitat de las especies acu\u00e1ticas, pues los desechos que llegan al mar desde diversas actividades humanas est\u00e1n ocasionando la muerte de muchas especies;en la playa Los Frailes y en la Isla de la Plata se ejerce un estricto control a los operadores tur\u00edsticos que cada d\u00eda ingresan con \u00a0visitantes nacionales y extranjeros, sobre todo en esta \u00e9poca que es cuando\u00a0 inicia la temporada alta de turistas que llegan a avistar Ballenas Jorobadas, actividad que \u00a0finaliza en Septiembre; en Isla de la Plata, existen senderos donde anidan varias especies de aves marino costeras, entre ellas Los Albatros, considerados en peligro de extinci\u00f3n, las que son la misma especie que habita en las Islas Gal\u00e1pagos.<\/p>\n<p style=\"text-align: justify;\">Son constantes los operativos de control que se han realizado con ayuda de polic\u00edas de la Unidad de Protecci\u00f3n del Medio Ambiente (UPMA), en los mercados de Manta y Portoviejo para el control de tr\u00e1fico de vida silvestre, donde se han incautado monos capuchinos, loros amaz\u00f3nicos, caimanes de anteojos y tortugas terrestres de varias especias, los que se entregan en custodia al \u00a0centro de rescate \u201cNuestra Fauna\u201d de la Universidad T\u00e9cnica de Manab\u00ed (UTM), donde son rehabilitados y aquellos que con la valoraci\u00f3n t\u00e9cnica del veterinarios est\u00e1n en buen estado son liberados en su h\u00e1bitat.<\/p>\n<p style=\"text-align: justify;\">Durante varios meses, se est\u00e1 cumpliendo con controles en las v\u00edas\u00a0 de veh\u00edculos que transportan madera sin los permisos correspondientes,lo que\u00a0 aporta aceleradamente\u00a0 a la desforestaci\u00f3n de los campos, la misma que es retenida junto al veh\u00edculo \u00a0donde se le inicia\u00a0 un proceso administrativo y de acuerdo al informe elaborado por el t\u00e9cnico se califica la infracci\u00f3n.<\/p>\n<p style=\"text-align: justify;\">En lo que respecta a calidad ambiental, se trabaja en dos frentes, en primer lugar se previene la contaminaci\u00f3n ambiental mediante la regulaci\u00f3n de todas las obras, actividades y proyectos que ocasionen impactos ambientales negativos para lo cual se exige a los proponentes de proyectos obtener los respectivos permisos ambientales a trav\u00e9s de la aprobaci\u00f3n de fichas ambientales, planes de manejo ambiental y estudios de impacto ambiental seg\u00fan sea el caso y con ello otorgar los respectivos permisos y licencias ambientales.<\/p>\n<p style=\"text-align: justify;\">En este tema se atiende con calidez a los usuarios entre los que principalmente constan representantes y t\u00e9cnicos de las instituciones p\u00fablicas y privadas de la provincia, as\u00ed mismo se atiende con celeridad las denuncias por contravenci\u00f3n ambiental que se reciben por varios medios, sean estos escritos, telef\u00f3nicos o\u00a0 a las redes sociales Twitter: @MAEManabi y Facebook: MaeManab\u00ed.<\/p>\n<p style=\"text-align: justify;\">\n","protected":false},"excerpt":{"rendered":"<p class=\"excerpt\">Con el objetivo de preservar la naturaleza en sus diferentes \u00e1mbitos, los funcionarios del Ministerio del Ambiente (MAE), realizan varias actividades, las que incluyen retenci\u00f3n de madera,\u00a0 control de tr\u00e1fico de vida silvestre, de las \u00c1reas Protegidas y la prevenci\u00f3n de la contaminaci\u00f3n ambiental. Los guardaparques del Parque Nacional Machalilla, cumplieron\u00a0 la tercera fase de la limpieza del fondo marino&hellip; <a href=\"https:\/\/www.ambienteyenergia.gob.ec\/ambiente\/mae-manabi-trabaja-con-responsabilidad-en-la-preservacion-del-medio-ambiente\/\">Read more &rarr;<\/a><\/p>\n","protected":false},"author":13,"featured_media":12427,"comment_status":"open","ping_status":"open","sticky":false,"template":"","format":"standard","meta":{"footnotes":""},"categories":[16,4],"tags":[],"class_list":["post-12426","post","type-post","status-publish","format-standard","has-post-thumbnail","hentry","category-comunicamos","category-noticias","xfolkentry"],"_links":{"self":[{"href":"https:\/\/www.ambienteyenergia.gob.ec\/ambiente\/wp-json\/wp\/v2\/posts\/12426","targetHints":{"allow":["GET"]}}],"collection":[{"href":"https:\/\/www.ambienteyenergia.gob.ec\/ambiente\/wp-json\/wp\/v2\/posts"}],"about":[{"href":"https:\/\/www.ambienteyenergia.gob.ec\/ambiente\/wp-json\/wp\/v2\/types\/post"}],"author":[{"embeddable":true,"href":"https:\/\/www.ambienteyenergia.gob.ec\/ambiente\/wp-json\/wp\/v2\/users\/13"}],"replies":[{"embeddable":true,"href":"https:\/\/www.ambienteyenergia.gob.ec\/ambiente\/wp-json\/wp\/v2\/comments?post=12426"}],"version-history":[{"count":0,"href":"https:\/\/www.ambienteyenergia.gob.ec\/ambiente\/wp-json\/wp\/v2\/posts\/12426\/revisions"}],"wp:featuredmedia":[{"embeddable":true,"href":"https:\/\/www.ambienteyenergia.gob.ec\/ambiente\/wp-json\/wp\/v2\/media\/12427"}],"wp:attachment":[{"href":"https:\/\/www.ambienteyenergia.gob.ec\/ambiente\/wp-json\/wp\/v2\/media?parent=12426"}],"wp:term":[{"taxonomy":"category","embeddable":true,"href":"https:\/\/www.ambienteyenergia.gob.ec\/ambiente\/wp-json\/wp\/v2\/categories?post=12426"},{"taxonomy":"post_tag","embeddable":true,"href":"https:\/\/www.ambienteyenergia.gob.ec\/ambiente\/wp-json\/wp\/v2\/tags?post=12426"}],"curies":[{"name":"wp","href":"https:\/\/api.w.org\/{rel}","templated":true}]}}