{"id":12415,"date":"2013-06-14T09:41:21","date_gmt":"2013-06-14T14:41:21","guid":{"rendered":"http:\/\/www.ambiente.gob.ec\/?p=12415"},"modified":"2013-06-14T09:41:21","modified_gmt":"2013-06-14T14:41:21","slug":"incendio-forestal-en-reserva-de-produccion-de-fauna-chimborazo-100-controlado-tras-activacion-de-plan-de-contingencia-del-mae","status":"publish","type":"post","link":"https:\/\/www.ambienteyenergia.gob.ec\/ambiente\/incendio-forestal-en-reserva-de-produccion-de-fauna-chimborazo-100-controlado-tras-activacion-de-plan-de-contingencia-del-mae\/","title":{"rendered":"Incendio forestal en  \u201cReserva de Producci\u00f3n de Fauna Chimborazo\u201d, 100%  controlado tras activaci\u00f3n de Plan de Contingencia del MAE"},"content":{"rendered":"<p style=\"text-align: justify;\">Ayer, en horas de la tarde, un grupo de Guardaparques de la \u201cReserva de Producci\u00f3n de Fauna Chimborazo\u201d y del \u00abParque Nacional Sangay\u00bb alertaron sobre un incendio que consum\u00eda la zona de los p\u00e1ramos de la Cooperativa Santa Teresita y Asociaci\u00f3n 24 de mayo, ubicadas dentro de Reserva Chimborazo. De manera inmediata, las autoridades del Ministerio del Ambiente (MAE), encargadas de la \u00c1rea Protegida, activaron el Plan de Contingencia para combatir al flagelo que hasta la media noche ya fue controlado al 100%.<\/p>\n<p style=\"text-align: justify;\">La Direcci\u00f3n Ambiental de Chimborazo solicit\u00f3 apoyo emergente que incluy\u00f3 personal y equipos para combatir el fuego. Funcionarios de la Unidad de Patrimonio Natural, Forestal, y Polic\u00eda Ambiental se trasladaron con el equipo de protecci\u00f3n, para las personas que se encontraban en el incendio, y \u00a0herramientas como <em>bate fuegos<\/em>, azadones, machetes, y otros.<\/p>\n<p style=\"text-align: justify;\">Adem\u00e1s, el MAE inform\u00f3 a la Tlga. Sara Fernanda Sigcho Romero, responsable de emergencias de\u00a0 la Secretaria Nacional de Gesti\u00f3n de Riesgos,\u00a0 al Cuerpo de Bomberos de Riobamba, a la Gobernaci\u00f3n y al Comandante de la Brigada.<\/p>\n<p style=\"text-align: justify;\">As\u00ed, el responsable de Patrimonio Natural junto con la responsable del \u00c1rea Protegida formaron dos frentes de ubicaci\u00f3n para controlar el incendio. Un grupo abri\u00f3 zanjas corta fuegos para prevenir que el incendio se extienda mientras que la otra brigada con los <em>bate juegos<\/em> sofocaron las llamas que se produc\u00edan en el pajonal.<\/p>\n<p style=\"text-align: justify;\">Debido a que se acerca la \u00e9poca de verano, la presencia de \u00a0vientos fuertes imped\u00eda controlar el fuego que se extend\u00eda con velocidad de orientaci\u00f3n Este-Oeste. Aproximadamente a las 19:45, se logr\u00f3 controlar el incendio por lo que el personal y los equipos regresaron a la Direcci\u00f3n Ambiental de Chimborazo. Sin embargo, a las 20:00, los funcionarios evidenciaron nuevos focos de incendios. De forma inmediata se movilizaron \u00a0para apagar el flagelo, pero no contaron con el apoyo ninguna instituci\u00f3n.<\/p>\n<p style=\"text-align: justify;\">Al momento, el incendio est\u00e1 totalmente controlado y no se ha evidenciado afectaci\u00f3n a la vida silvestre. Sin embargo, Guardaparques de esta Cartera de Estado permanecer\u00e1n en vigilia.<\/p>\n<div id='gallery-1' class='gallery galleryid-12415 gallery-columns-4 gallery-size-thumbnail'><dl class='gallery-item'>\n\t\t\t<dt class='gallery-icon landscape'>\n\t\t\t\t<a href='https:\/\/www.ambienteyenergia.gob.ec\/ambiente\/incendio-forestal-en-reserva-de-produccion-de-fauna-chimborazo-100-controlado-tras-activacion-de-plan-de-contingencia-del-mae\/2-38\/'><img loading=\"lazy\" decoding=\"async\" width=\"150\" height=\"150\" src=\"https:\/\/www.ambienteyenergia.gob.ec\/ambiente\/wp-content\/uploads\/sites\/2\/2013\/06\/21-150x150.jpg\" class=\"attachment-thumbnail size-thumbnail\" alt=\"\" \/><\/a>\n\t\t\t<\/dt><\/dl><dl class='gallery-item'>\n\t\t\t<dt class='gallery-icon portrait'>\n\t\t\t\t<a href='https:\/\/www.ambienteyenergia.gob.ec\/ambiente\/incendio-forestal-en-reserva-de-produccion-de-fauna-chimborazo-100-controlado-tras-activacion-de-plan-de-contingencia-del-mae\/3-26\/'><img loading=\"lazy\" decoding=\"async\" width=\"150\" height=\"150\" src=\"https:\/\/www.ambienteyenergia.gob.ec\/ambiente\/wp-content\/uploads\/sites\/2\/2013\/06\/3-150x150.jpg\" class=\"attachment-thumbnail size-thumbnail\" alt=\"\" \/><\/a>\n\t\t\t<\/dt><\/dl><dl class='gallery-item'>\n\t\t\t<dt class='gallery-icon portrait'>\n\t\t\t\t<a href='https:\/\/www.ambienteyenergia.gob.ec\/ambiente\/incendio-forestal-en-reserva-de-produccion-de-fauna-chimborazo-100-controlado-tras-activacion-de-plan-de-contingencia-del-mae\/4-22\/'><img loading=\"lazy\" decoding=\"async\" width=\"150\" height=\"150\" src=\"https:\/\/www.ambienteyenergia.gob.ec\/ambiente\/wp-content\/uploads\/sites\/2\/2013\/06\/41-150x150.jpg\" class=\"attachment-thumbnail size-thumbnail\" alt=\"\" \/><\/a>\n\t\t\t<\/dt><\/dl><dl class='gallery-item'>\n\t\t\t<dt class='gallery-icon portrait'>\n\t\t\t\t<a href='https:\/\/www.ambienteyenergia.gob.ec\/ambiente\/incendio-forestal-en-reserva-de-produccion-de-fauna-chimborazo-100-controlado-tras-activacion-de-plan-de-contingencia-del-mae\/5-17\/'><img loading=\"lazy\" decoding=\"async\" width=\"150\" height=\"150\" src=\"https:\/\/www.ambienteyenergia.gob.ec\/ambiente\/wp-content\/uploads\/sites\/2\/2013\/06\/5-150x150.jpg\" class=\"attachment-thumbnail size-thumbnail\" alt=\"\" \/><\/a>\n\t\t\t<\/dt><\/dl><br style=\"clear: both\" \/><dl class='gallery-item'>\n\t\t\t<dt class='gallery-icon landscape'>\n\t\t\t\t<a href='https:\/\/www.ambienteyenergia.gob.ec\/ambiente\/incendio-forestal-en-reserva-de-produccion-de-fauna-chimborazo-100-controlado-tras-activacion-de-plan-de-contingencia-del-mae\/6-15\/'><img loading=\"lazy\" decoding=\"async\" width=\"150\" height=\"150\" src=\"https:\/\/www.ambienteyenergia.gob.ec\/ambiente\/wp-content\/uploads\/sites\/2\/2013\/06\/6-150x150.jpg\" class=\"attachment-thumbnail size-thumbnail\" alt=\"\" \/><\/a>\n\t\t\t<\/dt><\/dl><dl class='gallery-item'>\n\t\t\t<dt class='gallery-icon landscape'>\n\t\t\t\t<a href='https:\/\/www.ambienteyenergia.gob.ec\/ambiente\/incendio-forestal-en-reserva-de-produccion-de-fauna-chimborazo-100-controlado-tras-activacion-de-plan-de-contingencia-del-mae\/8-10\/'><img loading=\"lazy\" decoding=\"async\" width=\"150\" height=\"150\" src=\"https:\/\/www.ambienteyenergia.gob.ec\/ambiente\/wp-content\/uploads\/sites\/2\/2013\/06\/81-150x150.jpg\" class=\"attachment-thumbnail size-thumbnail\" alt=\"\" \/><\/a>\n\t\t\t<\/dt><\/dl><dl class='gallery-item'>\n\t\t\t<dt class='gallery-icon landscape'>\n\t\t\t\t<a href='https:\/\/www.ambienteyenergia.gob.ec\/ambiente\/incendio-forestal-en-reserva-de-produccion-de-fauna-chimborazo-100-controlado-tras-activacion-de-plan-de-contingencia-del-mae\/10-7\/'><img loading=\"lazy\" decoding=\"async\" width=\"150\" height=\"150\" src=\"https:\/\/www.ambienteyenergia.gob.ec\/ambiente\/wp-content\/uploads\/sites\/2\/2013\/06\/10-150x150.jpg\" class=\"attachment-thumbnail size-thumbnail\" alt=\"\" \/><\/a>\n\t\t\t<\/dt><\/dl><dl class='gallery-item'>\n\t\t\t<dt class='gallery-icon landscape'>\n\t\t\t\t<a href='https:\/\/www.ambienteyenergia.gob.ec\/ambiente\/incendio-forestal-en-reserva-de-produccion-de-fauna-chimborazo-100-controlado-tras-activacion-de-plan-de-contingencia-del-mae\/11-7\/'><img loading=\"lazy\" decoding=\"async\" width=\"150\" height=\"150\" src=\"https:\/\/www.ambienteyenergia.gob.ec\/ambiente\/wp-content\/uploads\/sites\/2\/2013\/06\/11-150x150.jpg\" class=\"attachment-thumbnail size-thumbnail\" alt=\"\" \/><\/a>\n\t\t\t<\/dt><\/dl><br style=\"clear: both\" \/><dl class='gallery-item'>\n\t\t\t<dt class='gallery-icon portrait'>\n\t\t\t\t<a href='https:\/\/www.ambienteyenergia.gob.ec\/ambiente\/incendio-forestal-en-reserva-de-produccion-de-fauna-chimborazo-100-controlado-tras-activacion-de-plan-de-contingencia-del-mae\/12-8\/'><img loading=\"lazy\" decoding=\"async\" width=\"150\" height=\"150\" src=\"https:\/\/www.ambienteyenergia.gob.ec\/ambiente\/wp-content\/uploads\/sites\/2\/2013\/06\/12-150x150.jpg\" class=\"attachment-thumbnail size-thumbnail\" alt=\"\" \/><\/a>\n\t\t\t<\/dt><\/dl>\n\t\t\t<br style='clear: both' \/>\n\t\t<\/div>\n\n","protected":false},"excerpt":{"rendered":"<p class=\"excerpt\">Ayer, en horas de la tarde, un grupo de Guardaparques de la \u201cReserva de Producci\u00f3n de Fauna Chimborazo\u201d y del \u00abParque Nacional Sangay\u00bb alertaron sobre un incendio que consum\u00eda la zona de los p\u00e1ramos de la Cooperativa Santa Teresita y Asociaci\u00f3n 24 de mayo, ubicadas dentro de Reserva Chimborazo. De manera inmediata, las autoridades del Ministerio del Ambiente (MAE), encargadas&hellip; <a href=\"https:\/\/www.ambienteyenergia.gob.ec\/ambiente\/incendio-forestal-en-reserva-de-produccion-de-fauna-chimborazo-100-controlado-tras-activacion-de-plan-de-contingencia-del-mae\/\">Read more &rarr;<\/a><\/p>\n","protected":false},"author":13,"featured_media":12416,"comment_status":"open","ping_status":"open","sticky":false,"template":"","format":"standard","meta":{"footnotes":""},"categories":[16,4],"tags":[],"class_list":["post-12415","post","type-post","status-publish","format-standard","has-post-thumbnail","hentry","category-comunicamos","category-noticias","xfolkentry"],"_links":{"self":[{"href":"https:\/\/www.ambienteyenergia.gob.ec\/ambiente\/wp-json\/wp\/v2\/posts\/12415","targetHints":{"allow":["GET"]}}],"collection":[{"href":"https:\/\/www.ambienteyenergia.gob.ec\/ambiente\/wp-json\/wp\/v2\/posts"}],"about":[{"href":"https:\/\/www.ambienteyenergia.gob.ec\/ambiente\/wp-json\/wp\/v2\/types\/post"}],"author":[{"embeddable":true,"href":"https:\/\/www.ambienteyenergia.gob.ec\/ambiente\/wp-json\/wp\/v2\/users\/13"}],"replies":[{"embeddable":true,"href":"https:\/\/www.ambienteyenergia.gob.ec\/ambiente\/wp-json\/wp\/v2\/comments?post=12415"}],"version-history":[{"count":0,"href":"https:\/\/www.ambienteyenergia.gob.ec\/ambiente\/wp-json\/wp\/v2\/posts\/12415\/revisions"}],"wp:featuredmedia":[{"embeddable":true,"href":"https:\/\/www.ambienteyenergia.gob.ec\/ambiente\/wp-json\/wp\/v2\/media\/12416"}],"wp:attachment":[{"href":"https:\/\/www.ambienteyenergia.gob.ec\/ambiente\/wp-json\/wp\/v2\/media?parent=12415"}],"wp:term":[{"taxonomy":"category","embeddable":true,"href":"https:\/\/www.ambienteyenergia.gob.ec\/ambiente\/wp-json\/wp\/v2\/categories?post=12415"},{"taxonomy":"post_tag","embeddable":true,"href":"https:\/\/www.ambienteyenergia.gob.ec\/ambiente\/wp-json\/wp\/v2\/tags?post=12415"}],"curies":[{"name":"wp","href":"https:\/\/api.w.org\/{rel}","templated":true}]}}