{"id":12409,"date":"2013-06-13T19:13:01","date_gmt":"2013-06-14T00:13:01","guid":{"rendered":"http:\/\/www.ambiente.gob.ec\/?p=12409"},"modified":"2013-06-13T19:13:01","modified_gmt":"2013-06-14T00:13:01","slug":"mae-apoya-gestion-ambiental-de-los-gads-municipales","status":"publish","type":"post","link":"https:\/\/www.ambienteyenergia.gob.ec\/ambiente\/mae-apoya-gestion-ambiental-de-los-gads-municipales\/","title":{"rendered":"MAE apoya gesti\u00f3n ambiental de los GAD\u2019s municipales"},"content":{"rendered":"<p style=\"text-align: justify;\">El Ministerio del Ambiente (MAE) organiza continuas reuniones t\u00e9cnicas de trabajo con la Asociaci\u00f3n de Municipalidades del Ecuador (AME), con la finalidad de apoyar la gesti\u00f3n ambiental de los Gobiernos Aut\u00f3nomos Descentralizados Municipales. La primera jornada de trabajo se realiz\u00f3 en la Coordinaci\u00f3n Zonal 1 en Imbabura, provincia de Ibarra, el pasado 4 de junio.<\/p>\n<p style=\"text-align: justify;\">El objetivo de estas capacitaciones es establecer una hoja de ruta con el cronograma de actividades para cada una de las Coordinaciones Zonales.<\/p>\n<p style=\"text-align: justify;\">Los temas a exponer en las siguientes reuniones son la regularizaci\u00f3n ambiental de los proyectos, en la que se verifica su estado y avance; manejo de desechos s\u00f3lidos, en la que se analiza las solicitudes de viabilidad ambiental para rellenos sanitarios, as\u00ed como de estudios de factibilidad y estado del proceso de Cierre T\u00e9cnico de botaderos; procesos administrativos, donde se identifica las acciones tomadas por los GADs municipales en caso de procesos administrativos abiertos por el MAE y capacitaci\u00f3n en el manejo del Sistema \u00danico de Informaci\u00f3n Ambiental (SUIA), mediante metodolog\u00eda demostrativa y pr\u00e1ctica.<\/p>\n<p style=\"text-align: justify;\">Al evento asistieron representantes del \u00e1rea t\u00e9cnica de los Gobiernos Aut\u00f3nomos municipales de Antonio Ante, Pimampiro, Urcuqu\u00ed y Cotacachi; representantes de AME Nacional; y delegados de la Subsecretar\u00eda de Calidad Ambiental, General Jur\u00eddica, Programa Nacional de Gesti\u00f3n Integral de Desechos S\u00f3lidos del MAE.<\/p>\n<p style=\"text-align: justify;\"><strong>Pr\u00f3ximas reuniones de coordinaci\u00f3n y trabajo:<\/strong><\/p>\n<p><a href=\"http:\/\/www.ambienteyenergia.gob.ec\/ambiente\/wp-content\/uploads\/2013\/06\/TABLA-1.jpg\"><img loading=\"lazy\" decoding=\"async\" class=\"aligncenter size-full wp-image-12410\" title=\"TABLA 1\" src=\"http:\/\/www.ambienteyenergia.gob.ec\/ambiente\/wp-content\/uploads\/2013\/06\/TABLA-1.jpg\" alt=\"\" width=\"1033\" height=\"303\" srcset=\"https:\/\/www.ambienteyenergia.gob.ec\/ambiente\/wp-content\/uploads\/sites\/2\/2013\/06\/TABLA-1.jpg 1033w, https:\/\/www.ambienteyenergia.gob.ec\/ambiente\/wp-content\/uploads\/sites\/2\/2013\/06\/TABLA-1-300x87.jpg 300w, https:\/\/www.ambienteyenergia.gob.ec\/ambiente\/wp-content\/uploads\/sites\/2\/2013\/06\/TABLA-1-1024x300.jpg 1024w, https:\/\/www.ambienteyenergia.gob.ec\/ambiente\/wp-content\/uploads\/sites\/2\/2013\/06\/TABLA-1-500x146.jpg 500w\" sizes=\"auto, (max-width: 1033px) 100vw, 1033px\" \/><\/a><strong>Cronograma Capacitaciones para el manejo del Sistema SUIA:<\/strong><\/p>\n<p><a href=\"http:\/\/www.ambienteyenergia.gob.ec\/ambiente\/wp-content\/uploads\/2013\/06\/TABLA-2.jpg\"><img loading=\"lazy\" decoding=\"async\" class=\"aligncenter size-full wp-image-12411\" title=\"TABLA 2\" src=\"http:\/\/www.ambienteyenergia.gob.ec\/ambiente\/wp-content\/uploads\/2013\/06\/TABLA-2.jpg\" alt=\"\" width=\"1033\" height=\"330\" srcset=\"https:\/\/www.ambienteyenergia.gob.ec\/ambiente\/wp-content\/uploads\/sites\/2\/2013\/06\/TABLA-2.jpg 1033w, https:\/\/www.ambienteyenergia.gob.ec\/ambiente\/wp-content\/uploads\/sites\/2\/2013\/06\/TABLA-2-300x95.jpg 300w, https:\/\/www.ambienteyenergia.gob.ec\/ambiente\/wp-content\/uploads\/sites\/2\/2013\/06\/TABLA-2-1024x327.jpg 1024w, https:\/\/www.ambienteyenergia.gob.ec\/ambiente\/wp-content\/uploads\/sites\/2\/2013\/06\/TABLA-2-500x159.jpg 500w\" sizes=\"auto, (max-width: 1033px) 100vw, 1033px\" \/><\/a><\/p>\n<p>&nbsp;<\/p>\n<p>&nbsp;<\/p>\n<p>&nbsp;<\/p>\n<p>&nbsp;<\/p>\n<p style=\"text-align: justify;\">\n<p>&nbsp;<\/p>\n","protected":false},"excerpt":{"rendered":"<p class=\"excerpt\">El Ministerio del Ambiente (MAE) organiza continuas reuniones t\u00e9cnicas de trabajo con la Asociaci\u00f3n de Municipalidades del Ecuador (AME), con la finalidad de apoyar la gesti\u00f3n ambiental de los Gobiernos Aut\u00f3nomos Descentralizados Municipales. La primera jornada de trabajo se realiz\u00f3 en la Coordinaci\u00f3n Zonal 1 en Imbabura, provincia de Ibarra, el pasado 4 de junio. El objetivo de estas capacitaciones&hellip; <a href=\"https:\/\/www.ambienteyenergia.gob.ec\/ambiente\/mae-apoya-gestion-ambiental-de-los-gads-municipales\/\">Read more &rarr;<\/a><\/p>\n","protected":false},"author":13,"featured_media":12412,"comment_status":"open","ping_status":"open","sticky":false,"template":"","format":"standard","meta":{"footnotes":""},"categories":[16,4],"tags":[],"class_list":["post-12409","post","type-post","status-publish","format-standard","has-post-thumbnail","hentry","category-comunicamos","category-noticias","xfolkentry"],"_links":{"self":[{"href":"https:\/\/www.ambienteyenergia.gob.ec\/ambiente\/wp-json\/wp\/v2\/posts\/12409","targetHints":{"allow":["GET"]}}],"collection":[{"href":"https:\/\/www.ambienteyenergia.gob.ec\/ambiente\/wp-json\/wp\/v2\/posts"}],"about":[{"href":"https:\/\/www.ambienteyenergia.gob.ec\/ambiente\/wp-json\/wp\/v2\/types\/post"}],"author":[{"embeddable":true,"href":"https:\/\/www.ambienteyenergia.gob.ec\/ambiente\/wp-json\/wp\/v2\/users\/13"}],"replies":[{"embeddable":true,"href":"https:\/\/www.ambienteyenergia.gob.ec\/ambiente\/wp-json\/wp\/v2\/comments?post=12409"}],"version-history":[{"count":0,"href":"https:\/\/www.ambienteyenergia.gob.ec\/ambiente\/wp-json\/wp\/v2\/posts\/12409\/revisions"}],"wp:featuredmedia":[{"embeddable":true,"href":"https:\/\/www.ambienteyenergia.gob.ec\/ambiente\/wp-json\/wp\/v2\/media\/12412"}],"wp:attachment":[{"href":"https:\/\/www.ambienteyenergia.gob.ec\/ambiente\/wp-json\/wp\/v2\/media?parent=12409"}],"wp:term":[{"taxonomy":"category","embeddable":true,"href":"https:\/\/www.ambienteyenergia.gob.ec\/ambiente\/wp-json\/wp\/v2\/categories?post=12409"},{"taxonomy":"post_tag","embeddable":true,"href":"https:\/\/www.ambienteyenergia.gob.ec\/ambiente\/wp-json\/wp\/v2\/tags?post=12409"}],"curies":[{"name":"wp","href":"https:\/\/api.w.org\/{rel}","templated":true}]}}