{"id":12405,"date":"2013-06-13T17:50:29","date_gmt":"2013-06-13T22:50:29","guid":{"rendered":"http:\/\/www.ambiente.gob.ec\/?p=12405"},"modified":"2013-06-13T17:53:11","modified_gmt":"2013-06-13T22:53:11","slug":"mae-coordina-control-de-incendio-forestal-en-reserva-de-produccion-de-fauna-chimborazo","status":"publish","type":"post","link":"https:\/\/www.ambienteyenergia.gob.ec\/ambiente\/mae-coordina-control-de-incendio-forestal-en-reserva-de-produccion-de-fauna-chimborazo\/","title":{"rendered":"MAE coordina control de incendio forestal en \u201cReserva de Producci\u00f3n de Fauna Chimborazo\u00bb"},"content":{"rendered":"<p style=\"text-align: justify;\">Hoy, un incendio, dentro del \u00c1rea Protegida \u201cReserva de Producci\u00f3n de Fauna Chimborazo\u201d, en los p\u00e1ramos del sector Tambohuasha v\u00eda San Juan, afect\u00f3 hasta el momento aproximadamente 90 hect\u00e1reas de pajonal. Personal de la Unidad Forestal y Guardarparque de la Direcci\u00f3n Ambiental de la provincia conjuntamente con el Cuerpo de Bomberos de los cantones de Riobamba y Guano se encuentran en el lugar combatiendo el flajelo.<\/p>\n<p><strong>Noticia en construcci\u00f3n&#8230;<\/strong><\/p>\n","protected":false},"excerpt":{"rendered":"<p class=\"excerpt\">Hoy, un incendio, dentro del \u00c1rea Protegida \u201cReserva de Producci\u00f3n de Fauna Chimborazo\u201d, en los p\u00e1ramos del sector Tambohuasha v\u00eda San Juan, afect\u00f3 hasta el momento aproximadamente 90 hect\u00e1reas de pajonal. Personal de la Unidad Forestal y Guardarparque de la Direcci\u00f3n Ambiental de la provincia conjuntamente con el Cuerpo de Bomberos de los cantones de Riobamba y Guano se encuentran&hellip; <a href=\"https:\/\/www.ambienteyenergia.gob.ec\/ambiente\/mae-coordina-control-de-incendio-forestal-en-reserva-de-produccion-de-fauna-chimborazo\/\">Read more &rarr;<\/a><\/p>\n","protected":false},"author":13,"featured_media":12385,"comment_status":"open","ping_status":"open","sticky":false,"template":"","format":"standard","meta":{"footnotes":""},"categories":[16,4],"tags":[314,101,312,53,54,313],"class_list":["post-12405","post","type-post","status-publish","format-standard","has-post-thumbnail","hentry","category-comunicamos","category-noticias","tag-area-protegida","tag-chimborazo","tag-incendio","tag-mae","tag-ministerio-del-ambiente","tag-reserva-de-produccion-de-fauna-chimborazo","xfolkentry"],"_links":{"self":[{"href":"https:\/\/www.ambienteyenergia.gob.ec\/ambiente\/wp-json\/wp\/v2\/posts\/12405","targetHints":{"allow":["GET"]}}],"collection":[{"href":"https:\/\/www.ambienteyenergia.gob.ec\/ambiente\/wp-json\/wp\/v2\/posts"}],"about":[{"href":"https:\/\/www.ambienteyenergia.gob.ec\/ambiente\/wp-json\/wp\/v2\/types\/post"}],"author":[{"embeddable":true,"href":"https:\/\/www.ambienteyenergia.gob.ec\/ambiente\/wp-json\/wp\/v2\/users\/13"}],"replies":[{"embeddable":true,"href":"https:\/\/www.ambienteyenergia.gob.ec\/ambiente\/wp-json\/wp\/v2\/comments?post=12405"}],"version-history":[{"count":0,"href":"https:\/\/www.ambienteyenergia.gob.ec\/ambiente\/wp-json\/wp\/v2\/posts\/12405\/revisions"}],"wp:featuredmedia":[{"embeddable":true,"href":"https:\/\/www.ambienteyenergia.gob.ec\/ambiente\/wp-json\/wp\/v2\/media\/12385"}],"wp:attachment":[{"href":"https:\/\/www.ambienteyenergia.gob.ec\/ambiente\/wp-json\/wp\/v2\/media?parent=12405"}],"wp:term":[{"taxonomy":"category","embeddable":true,"href":"https:\/\/www.ambienteyenergia.gob.ec\/ambiente\/wp-json\/wp\/v2\/categories?post=12405"},{"taxonomy":"post_tag","embeddable":true,"href":"https:\/\/www.ambienteyenergia.gob.ec\/ambiente\/wp-json\/wp\/v2\/tags?post=12405"}],"curies":[{"name":"wp","href":"https:\/\/api.w.org\/{rel}","templated":true}]}}