{"id":12394,"date":"2013-06-13T15:18:49","date_gmt":"2013-06-13T20:18:49","guid":{"rendered":"http:\/\/www.ambiente.gob.ec\/?p=12394"},"modified":"2013-06-13T16:49:40","modified_gmt":"2013-06-13T21:49:40","slug":"ecuador-participa-como-miembro-titular-en-fondo-para-el-medio-ambiente-mundial","status":"publish","type":"post","link":"https:\/\/www.ambienteyenergia.gob.ec\/ambiente\/ecuador-participa-como-miembro-titular-en-fondo-para-el-medio-ambiente-mundial\/","title":{"rendered":"Ecuador participa como miembro titular en Fondo para el Medio Ambiente Mundial"},"content":{"rendered":"<p style=\"text-align: justify;\">El Ministerio del Ambiente (MAE) participar\u00e1 como miembro titular en la 44ta reuni\u00f3n de Consejo del Fondo para el Medio Ambiente Mundial (FMAM), representando a la Circunscripci\u00f3n que comparte con Brasil y Colombia, que se realizar\u00e1 en <em><\/em>Washington del 18 al 20 de junio del presente a\u00f1o. Este es un hito en la gesti\u00f3n internacional de esta Cartera de Estado que busca potencializar hacia el exterior el trabajo t\u00e9cnico en materia ambiental.<\/p>\n<p style=\"text-align: justify;\">En el Consejo se discutir\u00e1n y negociar\u00e1n las pol\u00edticas de financiamiento para las convenciones de diversidad biol\u00f3gica, cambio clim\u00e1tico, desertificaci\u00f3n y financiamiento para Qu\u00edmicos (modalidades de financiamiento para procesos que involucren mercurio).<\/p>\n<p style=\"text-align: justify;\">Asimismo, se evaluar\u00e1, aprobar\u00e1 o rechazar\u00e1 el portafolio de proyectos a nivel Mundial, entre ellos el porfolio de Ecuador que es impulsado por la Ministra, Lorena Tapia.<\/p>\n<p style=\"text-align: justify;\">La intervenci\u00f3n del Ecuador en esta asamblea es importante porque permitir\u00e1 posicionar al pa\u00eds a nivel internacional, en los \u00e1mbitos pol\u00edtico y t\u00e9cnico. La viceministra del Ambiente, M\u00f3nica Hidalgo, asistir\u00e1 a la cumbre en representaci\u00f3n a esta Cartera de Estado.<\/p>\n<p style=\"text-align: justify;\">\u00a0<strong>\u00bfQu\u00e9 es el FMAM?<\/strong><\/p>\n<p style=\"text-align: justify;\">El Fondo para el Medio Ambiente Mundial (FMAM) es un mecanismo financiero independiente que otorga donaciones a pa\u00edses en desarrollo y a otros pa\u00edses que re\u00fanen los debidos requisitos para proyectos que generan beneficios para el medio ambiente mundial.<\/p>\n<p style=\"text-align: justify;\">El organismo re\u00fane a 182 pa\u00edses miembros, colabora estrechamente con los Gobiernos, las organizaciones de la sociedad civil (OSC), las secretar\u00edas de las convenciones y convenios y varios organismos internacionales. Asimismo, respalda proyectos en las esferas de biodiversidad, cambio clim\u00e1tico, aguas internacionales, degradaci\u00f3n de la tierra, capa de ozono y contaminantes org\u00e1nicos persistentes.<\/p>\n<p style=\"text-align: justify;\">\n","protected":false},"excerpt":{"rendered":"<p class=\"excerpt\">El Ministerio del Ambiente (MAE) participar\u00e1 como miembro titular en la 44ta reuni\u00f3n de Consejo del Fondo para el Medio Ambiente Mundial (FMAM), representando a la Circunscripci\u00f3n que comparte con Brasil y Colombia, que se realizar\u00e1 en Washington del 18 al 20 de junio del presente a\u00f1o. Este es un hito en la gesti\u00f3n internacional de esta Cartera de Estado&hellip; <a href=\"https:\/\/www.ambienteyenergia.gob.ec\/ambiente\/ecuador-participa-como-miembro-titular-en-fondo-para-el-medio-ambiente-mundial\/\">Read more &rarr;<\/a><\/p>\n","protected":false},"author":13,"featured_media":12385,"comment_status":"open","ping_status":"open","sticky":false,"template":"","format":"standard","meta":{"footnotes":""},"categories":[16,4,10],"tags":[],"class_list":["post-12394","post","type-post","status-publish","format-standard","has-post-thumbnail","hentry","category-comunicamos","category-noticias","category-noticias-destacadas","xfolkentry"],"_links":{"self":[{"href":"https:\/\/www.ambienteyenergia.gob.ec\/ambiente\/wp-json\/wp\/v2\/posts\/12394","targetHints":{"allow":["GET"]}}],"collection":[{"href":"https:\/\/www.ambienteyenergia.gob.ec\/ambiente\/wp-json\/wp\/v2\/posts"}],"about":[{"href":"https:\/\/www.ambienteyenergia.gob.ec\/ambiente\/wp-json\/wp\/v2\/types\/post"}],"author":[{"embeddable":true,"href":"https:\/\/www.ambienteyenergia.gob.ec\/ambiente\/wp-json\/wp\/v2\/users\/13"}],"replies":[{"embeddable":true,"href":"https:\/\/www.ambienteyenergia.gob.ec\/ambiente\/wp-json\/wp\/v2\/comments?post=12394"}],"version-history":[{"count":0,"href":"https:\/\/www.ambienteyenergia.gob.ec\/ambiente\/wp-json\/wp\/v2\/posts\/12394\/revisions"}],"wp:featuredmedia":[{"embeddable":true,"href":"https:\/\/www.ambienteyenergia.gob.ec\/ambiente\/wp-json\/wp\/v2\/media\/12385"}],"wp:attachment":[{"href":"https:\/\/www.ambienteyenergia.gob.ec\/ambiente\/wp-json\/wp\/v2\/media?parent=12394"}],"wp:term":[{"taxonomy":"category","embeddable":true,"href":"https:\/\/www.ambienteyenergia.gob.ec\/ambiente\/wp-json\/wp\/v2\/categories?post=12394"},{"taxonomy":"post_tag","embeddable":true,"href":"https:\/\/www.ambienteyenergia.gob.ec\/ambiente\/wp-json\/wp\/v2\/tags?post=12394"}],"curies":[{"name":"wp","href":"https:\/\/api.w.org\/{rel}","templated":true}]}}