{"id":12389,"date":"2013-06-13T09:50:48","date_gmt":"2013-06-13T14:50:48","guid":{"rendered":"http:\/\/www.ambiente.gob.ec\/?p=12389"},"modified":"2013-06-13T09:50:48","modified_gmt":"2013-06-13T14:50:48","slug":"mono-machin-es-rescatado-en-bolivar","status":"publish","type":"post","link":"https:\/\/www.ambienteyenergia.gob.ec\/ambiente\/mono-machin-es-rescatado-en-bolivar\/","title":{"rendered":"Mono mach\u00edn es rescatado en Bol\u00edvar"},"content":{"rendered":"<p align=\"JUSTIFY\"><span style=\"font-family: Times,serif;\"><span style=\"font-size: medium;\">El Ministerio del Ambiente (MAE), el pasado 11 de junio, realiz\u00f3 un operativo de vida silvestre en el que se rescat\u00f3 a un mono mach\u00edn (<\/span><\/span><span style=\"color: #000000;\"><span style=\"font-family: Times,serif;\"><span style=\"font-size: medium;\"><em>Cebus albifrons<\/em><\/span><\/span><\/span><span style=\"font-family: Times,serif;\"><span style=\"font-size: medium;\">), en el cant\u00f3n Guaranda, provincia Bol\u00edvar.<\/span><\/span><\/p>\n<p align=\"JUSTIFY\"><span style=\"font-family: Times,serif;\"><span style=\"font-size: medium;\">Tras recibir la denuncia telef\u00f3nica, funcionarios del MAE se movilizaron de inmediato a la parroquia San Lorenzo, donde se encontraba el animal. El mono permaneci\u00f3 durante ocho a\u00f1os en cautiverio, por lo que es poco probable que este sea devuelto a su h\u00e1bitat. <\/span><\/span><\/p>\n<p align=\"JUSTIFY\"><span style=\"font-family: Times,serif;\"><span style=\"font-size: medium;\">El ejemplar fue trasladado al centro de rescate El Paseo de los Monos en el Puyo, provincia de Pastaza. Este lugar se dedica a la conservaci\u00f3n y reinserci\u00f3n de primates que han sido rescatados de las manos de traficantes o que han permanecido en cautiverio. Aqu\u00ed, un m\u00e9dico veterinario le realizar\u00e1 varios ex\u00e1menes f\u00edsicos para determinar su estado de salud y analizar si es conveniente devolverlo a su h\u00e1bitat. Al momento el primate se encuentra en cuarentena.<\/span><\/span><\/p>\n<p align=\"JUSTIFY\"><span style=\"font-family: Times,serif;\"><span style=\"font-size: medium;\">Estos animales son cazados desde peque\u00f1os para tenerlos de mascotas, para utilizar su piel en artesan\u00edas y en algunos casos para consumir su carne.<\/span><\/span><\/p>\n<p align=\"JUSTIFY\"><span style=\"font-family: Times,serif;\"><span style=\"font-size: medium;\">El MAE como principal Autoridad Ambiental del pa\u00eds seguir\u00e1 ejecutando estos operativos de control de vida silvestre con el objetivo de precautelar el bienestar de estas especies. Asimismo, hace un llamado de atenci\u00f3n a la ciudadan\u00eda para que no compre ni comercialice fauna silvestre.<\/span><\/span><\/p>\n<p align=\"JUSTIFY\"><span style=\"font-family: Times,serif;\"><span style=\"font-size: medium;\"><strong>El Dato<\/strong><\/span><\/span><\/p>\n<p align=\"JUSTIFY\"><span style=\"font-family: Times,serif;\"><span style=\"font-size: medium;\">El mono es de mediano tama\u00f1o tiene un pelaje de color caf\u00e9 claro, su cola es larga y le sirve para movilizarse entre la vegetaci\u00f3n. Estos primates viven en los \u00e1rboles en grupos de hasta 50 individuos, se alimentan de frutos, semillas, insectos, y peque\u00f1os vertebrados, son considerados como los monos m\u00e1s inteligentes.<\/span><\/span><\/p>\n<p align=\"JUSTIFY\">\u00a0<a href=\"http:\/\/www.ambienteyenergia.gob.ec\/ambiente\/wp-content\/uploads\/2013\/06\/Decomiso-Mono-2.jpg\"><img loading=\"lazy\" decoding=\"async\" class=\"aligncenter size-full wp-image-12392\" title=\"Decomiso Mono 2\" src=\"http:\/\/www.ambienteyenergia.gob.ec\/ambiente\/wp-content\/uploads\/2013\/06\/Decomiso-Mono-2.jpg\" alt=\"\" width=\"640\" height=\"480\" srcset=\"https:\/\/www.ambienteyenergia.gob.ec\/ambiente\/wp-content\/uploads\/sites\/2\/2013\/06\/Decomiso-Mono-2.jpg 640w, https:\/\/www.ambienteyenergia.gob.ec\/ambiente\/wp-content\/uploads\/sites\/2\/2013\/06\/Decomiso-Mono-2-300x225.jpg 300w, https:\/\/www.ambienteyenergia.gob.ec\/ambiente\/wp-content\/uploads\/sites\/2\/2013\/06\/Decomiso-Mono-2-400x300.jpg 400w\" sizes=\"auto, (max-width: 640px) 100vw, 640px\" \/><\/a><\/p>\n","protected":false},"excerpt":{"rendered":"<p class=\"excerpt\">El Ministerio del Ambiente (MAE), el pasado 11 de junio, realiz\u00f3 un operativo de vida silvestre en el que se rescat\u00f3 a un mono mach\u00edn (Cebus albifrons), en el cant\u00f3n Guaranda, provincia Bol\u00edvar. Tras recibir la denuncia telef\u00f3nica, funcionarios del MAE se movilizaron de inmediato a la parroquia San Lorenzo, donde se encontraba el animal. El mono permaneci\u00f3 durante ocho&hellip; <a href=\"https:\/\/www.ambienteyenergia.gob.ec\/ambiente\/mono-machin-es-rescatado-en-bolivar\/\">Read more &rarr;<\/a><\/p>\n","protected":false},"author":13,"featured_media":12390,"comment_status":"open","ping_status":"open","sticky":false,"template":"","format":"standard","meta":{"footnotes":""},"categories":[16,4],"tags":[],"class_list":["post-12389","post","type-post","status-publish","format-standard","has-post-thumbnail","hentry","category-comunicamos","category-noticias","xfolkentry"],"_links":{"self":[{"href":"https:\/\/www.ambienteyenergia.gob.ec\/ambiente\/wp-json\/wp\/v2\/posts\/12389","targetHints":{"allow":["GET"]}}],"collection":[{"href":"https:\/\/www.ambienteyenergia.gob.ec\/ambiente\/wp-json\/wp\/v2\/posts"}],"about":[{"href":"https:\/\/www.ambienteyenergia.gob.ec\/ambiente\/wp-json\/wp\/v2\/types\/post"}],"author":[{"embeddable":true,"href":"https:\/\/www.ambienteyenergia.gob.ec\/ambiente\/wp-json\/wp\/v2\/users\/13"}],"replies":[{"embeddable":true,"href":"https:\/\/www.ambienteyenergia.gob.ec\/ambiente\/wp-json\/wp\/v2\/comments?post=12389"}],"version-history":[{"count":0,"href":"https:\/\/www.ambienteyenergia.gob.ec\/ambiente\/wp-json\/wp\/v2\/posts\/12389\/revisions"}],"wp:featuredmedia":[{"embeddable":true,"href":"https:\/\/www.ambienteyenergia.gob.ec\/ambiente\/wp-json\/wp\/v2\/media\/12390"}],"wp:attachment":[{"href":"https:\/\/www.ambienteyenergia.gob.ec\/ambiente\/wp-json\/wp\/v2\/media?parent=12389"}],"wp:term":[{"taxonomy":"category","embeddable":true,"href":"https:\/\/www.ambienteyenergia.gob.ec\/ambiente\/wp-json\/wp\/v2\/categories?post=12389"},{"taxonomy":"post_tag","embeddable":true,"href":"https:\/\/www.ambienteyenergia.gob.ec\/ambiente\/wp-json\/wp\/v2\/tags?post=12389"}],"curies":[{"name":"wp","href":"https:\/\/api.w.org\/{rel}","templated":true}]}}