{"id":12377,"date":"2013-06-12T13:35:04","date_gmt":"2013-06-12T18:35:04","guid":{"rendered":"http:\/\/www.ambiente.gob.ec\/?p=12377"},"modified":"2013-06-12T14:16:40","modified_gmt":"2013-06-12T19:16:40","slug":"mae-promueve-aplicacion-de-modelo-sostenible-en-el-i-congreso-internacional-de-produccion-forestal","status":"publish","type":"post","link":"https:\/\/www.ambienteyenergia.gob.ec\/ambiente\/mae-promueve-aplicacion-de-modelo-sostenible-en-el-i-congreso-internacional-de-produccion-forestal\/","title":{"rendered":"MAE promueve aplicaci\u00f3n de modelo sostenible en el I Congreso Internacional de Producci\u00f3n Forestal"},"content":{"rendered":"<p style=\"text-align: justify;\">\u00abLa conservaci\u00f3n forestal es responsabilidad de todos los sectores, no solo del sector p\u00fablico, sino de la industria, de los empresarios, de los ciudadanos. (&#8230;) Un correcto manejo de los recursos del bosque requiere no solo de adecuados\u00a0 instrumentos t\u00e9cnicos sino tambi\u00e9n de un enfoque de equidad social que potencialice a los peque\u00f1os productores agr\u00edcolas y forestales, a las comunidades, a los j\u00f3venes, a las mujeres; indici\u00f3 la Ministra del Ambiente, Lorena Tapia, en la inauguraci\u00f3n del I Congreso Internacional de Producci\u00f3n Forestal, realizado hoy en Quito<\/p>\n<p style=\"text-align: justify;\">Este congreso, organizado por Ecuador forestal y la consultora ambiental Sambito con el apoyo de los Ministerios de Ambiente y Agricultura, se desarrollar\u00e1 hasta 14 de junio con la finalidad de impulsar, en Am\u00e9rica Latina, un modelo de producci\u00f3n m\u00e1s sostenible del aprovechamiento de los bosques.<\/p>\n<p style=\"text-align: justify;\">El Ecuador es un pa\u00eds privilegiado por su biodiversidad, riqueza de los suelos, fauna y el crecimiento r\u00e1pido de la flora. Desde 2012, el sector forestal es una pol\u00edtica gubernamental que busca convertir al pa\u00eds en una potencia en esa materia.<\/p>\n<p style=\"text-align: justify;\">\u00abEl sector forestal ha sido priorizado por el Gobierno Nacional para \u00e9ste que sea un pilar fundamental de desarrollo, partiendo de conceptos, t\u00e9cnicas y experiencias de manejo de los recursos naturales\u00bb, dijo la Secretaria de Estado.<\/p>\n<p style=\"text-align: justify;\">En ese sentido, explic\u00f3 que el Ministerio del Ambiental (MAE) ha invertido alrededor de $18 millones en la conservaci\u00f3n de los bosques y p\u00e1ramos, a trav\u00e9s del programa de incentivos Socio Bosque,\u00a0 con el que \u00a0busca\u00a0 asesorar profesionalmente en el manejo y procesos de control forestal para eliminar de manera radical los focos de deforestaci\u00f3n.<\/p>\n<p style=\"text-align: justify;\">\u00abEste programa busca conservar los bosques y p\u00e1ramos nativos de todos los rincones de la patria, sumamos hasta el momento, m\u00e1s de un mill\u00f3n de hect\u00e1reas conservadas y 30 mil familias han sido beneficiadas. Las puertas est\u00e1n abiertas para plegarse a esta importante iniciativa que tiene intr\u00ednseco un noble fin, la protecci\u00f3n de nuestros bosques y, por tanto, el cuidado de la vida\u00bb, indic\u00f3 la M\u00e1xima Autoridad Ambiental.<\/p>\n<p style=\"text-align: justify;\">El I Congreso Forestal contar\u00e1 con la presencia de 30 expertos en materia forestal y abordar\u00e1 temas como mercado y tendencias nacionales e internacionales de producci\u00f3n de madera, plantaciones comerciales, plantaciones para protecci\u00f3n y conservaci\u00f3n y manejo sostenible del bosque nativo para la producci\u00f3n forestal, entre otros.<\/p>\n<p style=\"text-align: justify;\"><a href=\"http:\/\/www.ambienteyenergia.gob.ec\/ambiente\/wp-content\/uploads\/2013\/06\/MG_6724.jpg\"><img loading=\"lazy\" decoding=\"async\" class=\"aligncenter size-full wp-image-12379\" title=\"Lorena Tapia Ministra del Ambiente en su discurso en el I  Congreso Internacional de Producci\u00f3n Forestal Sostenible.\" src=\"http:\/\/www.ambienteyenergia.gob.ec\/ambiente\/wp-content\/uploads\/2013\/06\/MG_6724.jpg\" alt=\"\" width=\"650\" height=\"433\" srcset=\"https:\/\/www.ambienteyenergia.gob.ec\/ambiente\/wp-content\/uploads\/sites\/2\/2013\/06\/MG_6724.jpg 650w, https:\/\/www.ambienteyenergia.gob.ec\/ambiente\/wp-content\/uploads\/sites\/2\/2013\/06\/MG_6724-300x199.jpg 300w, https:\/\/www.ambienteyenergia.gob.ec\/ambiente\/wp-content\/uploads\/sites\/2\/2013\/06\/MG_6724-450x300.jpg 450w\" sizes=\"auto, (max-width: 650px) 100vw, 650px\" \/><\/a><a href=\"http:\/\/www.ambienteyenergia.gob.ec\/ambiente\/wp-content\/uploads\/2013\/06\/MG_6758.jpg\"><img loading=\"lazy\" decoding=\"async\" class=\"aligncenter size-full wp-image-12380\" title=\"Juan Carlos Palacios (Director Forestal), Ignacio Bustamante  (Presidente Camafors), Lorena Tapia (Ministra del Ambiente), Bianca  Dager(Directora Coorporativa), Jos\u00e9 Javier Guarderas (Gerente General  Sambito)\" src=\"http:\/\/www.ambienteyenergia.gob.ec\/ambiente\/wp-content\/uploads\/2013\/06\/MG_6758.jpg\" alt=\"\" width=\"670\" height=\"370\" srcset=\"https:\/\/www.ambienteyenergia.gob.ec\/ambiente\/wp-content\/uploads\/sites\/2\/2013\/06\/MG_6758.jpg 670w, https:\/\/www.ambienteyenergia.gob.ec\/ambiente\/wp-content\/uploads\/sites\/2\/2013\/06\/MG_6758-300x165.jpg 300w, https:\/\/www.ambienteyenergia.gob.ec\/ambiente\/wp-content\/uploads\/sites\/2\/2013\/06\/MG_6758-500x276.jpg 500w\" sizes=\"auto, (max-width: 670px) 100vw, 670px\" \/><\/a><\/p>\n","protected":false},"excerpt":{"rendered":"<p class=\"excerpt\">\u00abLa conservaci\u00f3n forestal es responsabilidad de todos los sectores, no solo del sector p\u00fablico, sino de la industria, de los empresarios, de los ciudadanos. (&#8230;) Un correcto manejo de los recursos del bosque requiere no solo de adecuados\u00a0 instrumentos t\u00e9cnicos sino tambi\u00e9n de un enfoque de equidad social que potencialice a los peque\u00f1os productores agr\u00edcolas y forestales, a las comunidades,&hellip; <a href=\"https:\/\/www.ambienteyenergia.gob.ec\/ambiente\/mae-promueve-aplicacion-de-modelo-sostenible-en-el-i-congreso-internacional-de-produccion-forestal\/\">Read more &rarr;<\/a><\/p>\n","protected":false},"author":13,"featured_media":12378,"comment_status":"open","ping_status":"open","sticky":false,"template":"","format":"standard","meta":{"footnotes":""},"categories":[16,4],"tags":[],"class_list":["post-12377","post","type-post","status-publish","format-standard","has-post-thumbnail","hentry","category-comunicamos","category-noticias","xfolkentry"],"_links":{"self":[{"href":"https:\/\/www.ambienteyenergia.gob.ec\/ambiente\/wp-json\/wp\/v2\/posts\/12377","targetHints":{"allow":["GET"]}}],"collection":[{"href":"https:\/\/www.ambienteyenergia.gob.ec\/ambiente\/wp-json\/wp\/v2\/posts"}],"about":[{"href":"https:\/\/www.ambienteyenergia.gob.ec\/ambiente\/wp-json\/wp\/v2\/types\/post"}],"author":[{"embeddable":true,"href":"https:\/\/www.ambienteyenergia.gob.ec\/ambiente\/wp-json\/wp\/v2\/users\/13"}],"replies":[{"embeddable":true,"href":"https:\/\/www.ambienteyenergia.gob.ec\/ambiente\/wp-json\/wp\/v2\/comments?post=12377"}],"version-history":[{"count":0,"href":"https:\/\/www.ambienteyenergia.gob.ec\/ambiente\/wp-json\/wp\/v2\/posts\/12377\/revisions"}],"wp:featuredmedia":[{"embeddable":true,"href":"https:\/\/www.ambienteyenergia.gob.ec\/ambiente\/wp-json\/wp\/v2\/media\/12378"}],"wp:attachment":[{"href":"https:\/\/www.ambienteyenergia.gob.ec\/ambiente\/wp-json\/wp\/v2\/media?parent=12377"}],"wp:term":[{"taxonomy":"category","embeddable":true,"href":"https:\/\/www.ambienteyenergia.gob.ec\/ambiente\/wp-json\/wp\/v2\/categories?post=12377"},{"taxonomy":"post_tag","embeddable":true,"href":"https:\/\/www.ambienteyenergia.gob.ec\/ambiente\/wp-json\/wp\/v2\/tags?post=12377"}],"curies":[{"name":"wp","href":"https:\/\/api.w.org\/{rel}","templated":true}]}}