{"id":12371,"date":"2013-06-12T13:23:26","date_gmt":"2013-06-12T18:23:26","guid":{"rendered":"http:\/\/www.ambiente.gob.ec\/?p=12371"},"modified":"2013-06-12T13:23:26","modified_gmt":"2013-06-12T18:23:26","slug":"mae-participa-en-conferencia-marco-de-naciones-unidas-para-el-cambio-climatico-alemania","status":"publish","type":"post","link":"https:\/\/www.ambienteyenergia.gob.ec\/ambiente\/mae-participa-en-conferencia-marco-de-naciones-unidas-para-el-cambio-climatico-alemania\/","title":{"rendered":"MAE participa en Conferencia Marco de Naciones Unidas para el Cambio Clim\u00e1tico (Alemania)"},"content":{"rendered":"<p style=\"text-align: justify;\">El Ministerio del Ambiente (MAE), a trav\u00e9s de la Subsecretar\u00eda de Cambio Clim\u00e1tico participa en la Conferencia Marco de Naciones Unidas para el Cambio Clim\u00e1tico (UNFCCC) en Bonn- Alemania, encuentro que se desarrolla del 3 al 13 de junio. En la asamblea se analizan los resultados obtenidos por los estados miembros de la convenci\u00f3n, en las \u00e1reas de mitigaci\u00f3n, adaptaci\u00f3n, trasferencia de tecnolog\u00eda, financiamiento y visi\u00f3n com\u00fan a largo plazo.<\/p>\n<p style=\"text-align: justify;\">El objetivo de la participaci\u00f3n de Ecuador es desarrollar una estrategia internacional sobre cambio clim\u00e1tico, que sirva como una gu\u00eda para las posteriores negociaciones de la D\u00e9cima Novena Conferencia de las Partes \u2014 COP19 que se desarrollar\u00e1 en Varsovia &#8211; Polonia en noviembre 2013.<\/p>\n<p style=\"text-align: justify;\">Eduardo Noboa, Subsecretario de Cambio Clim\u00e1tico intervino ante el Grupo Ad Hoc de la Plataforma de Durban (ADP), para destacar que \u201ccualquier acuerdo sobre mitigaci\u00f3n debe realizarse a trav\u00e9s de un esfuerzo multilateral, bajo reglas que emanen de la Conferencia, la misma que bajo ning\u00fan concepto debe imponer compromisos de mitigaci\u00f3n mandatorios para pa\u00edses en v\u00edas de desarrollo, pues va contra sus propios principios [\u2026 ] Ecuador por tanto, no apoyar\u00e1 la imposici\u00f3n de metas espec\u00edficas para la reducci\u00f3n de emisiones para los pa\u00edses en v\u00edas de desarrollo\u201d.<\/p>\n<p style=\"text-align: justify;\">Asimismo, Noboa present\u00f3 la solicitud para que Ecuador represente a GRULAC (Grupo de Am\u00e9rica Latina y el Caribe) ante el TEC (Comit\u00e9 Ejecutivo de Tecnolog\u00eda). Esta solicitud fue aceptada por parte de este grupo pol\u00edtico, representando un \u00e9xito para la delegaci\u00f3n ecuatoriana.<\/p>\n<p style=\"text-align: justify;\"><a href=\"http:\/\/www.ambienteyenergia.gob.ec\/ambiente\/wp-content\/uploads\/2013\/06\/20130610_111253.jpg\"><img loading=\"lazy\" decoding=\"async\" class=\"aligncenter size-full wp-image-12375\" title=\"Conferencia\" src=\"http:\/\/www.ambienteyenergia.gob.ec\/ambiente\/wp-content\/uploads\/2013\/06\/20130610_111253.jpg\" alt=\"\" width=\"650\" height=\"488\" srcset=\"https:\/\/www.ambienteyenergia.gob.ec\/ambiente\/wp-content\/uploads\/sites\/2\/2013\/06\/20130610_111253.jpg 650w, https:\/\/www.ambienteyenergia.gob.ec\/ambiente\/wp-content\/uploads\/sites\/2\/2013\/06\/20130610_111253-300x225.jpg 300w, https:\/\/www.ambienteyenergia.gob.ec\/ambiente\/wp-content\/uploads\/sites\/2\/2013\/06\/20130610_111253-399x300.jpg 399w\" sizes=\"auto, (max-width: 650px) 100vw, 650px\" \/><\/a><a href=\"http:\/\/www.ambienteyenergia.gob.ec\/ambiente\/wp-content\/uploads\/2013\/06\/20130610_111147.jpg\"><img loading=\"lazy\" decoding=\"async\" class=\"aligncenter size-full wp-image-12373\" title=\"Conferencia\" src=\"http:\/\/www.ambienteyenergia.gob.ec\/ambiente\/wp-content\/uploads\/2013\/06\/20130610_111147.jpg\" alt=\"\" width=\"650\" height=\"488\" srcset=\"https:\/\/www.ambienteyenergia.gob.ec\/ambiente\/wp-content\/uploads\/sites\/2\/2013\/06\/20130610_111147.jpg 650w, https:\/\/www.ambienteyenergia.gob.ec\/ambiente\/wp-content\/uploads\/sites\/2\/2013\/06\/20130610_111147-300x225.jpg 300w, https:\/\/www.ambienteyenergia.gob.ec\/ambiente\/wp-content\/uploads\/sites\/2\/2013\/06\/20130610_111147-399x300.jpg 399w\" sizes=\"auto, (max-width: 650px) 100vw, 650px\" \/><\/a><\/p>\n","protected":false},"excerpt":{"rendered":"<p class=\"excerpt\">El Ministerio del Ambiente (MAE), a trav\u00e9s de la Subsecretar\u00eda de Cambio Clim\u00e1tico participa en la Conferencia Marco de Naciones Unidas para el Cambio Clim\u00e1tico (UNFCCC) en Bonn- Alemania, encuentro que se desarrolla del 3 al 13 de junio. En la asamblea se analizan los resultados obtenidos por los estados miembros de la convenci\u00f3n, en las \u00e1reas de mitigaci\u00f3n, adaptaci\u00f3n,&hellip; <a href=\"https:\/\/www.ambienteyenergia.gob.ec\/ambiente\/mae-participa-en-conferencia-marco-de-naciones-unidas-para-el-cambio-climatico-alemania\/\">Read more &rarr;<\/a><\/p>\n","protected":false},"author":13,"featured_media":12374,"comment_status":"open","ping_status":"open","sticky":false,"template":"","format":"standard","meta":{"footnotes":""},"categories":[16,4],"tags":[],"class_list":["post-12371","post","type-post","status-publish","format-standard","has-post-thumbnail","hentry","category-comunicamos","category-noticias","xfolkentry"],"_links":{"self":[{"href":"https:\/\/www.ambienteyenergia.gob.ec\/ambiente\/wp-json\/wp\/v2\/posts\/12371","targetHints":{"allow":["GET"]}}],"collection":[{"href":"https:\/\/www.ambienteyenergia.gob.ec\/ambiente\/wp-json\/wp\/v2\/posts"}],"about":[{"href":"https:\/\/www.ambienteyenergia.gob.ec\/ambiente\/wp-json\/wp\/v2\/types\/post"}],"author":[{"embeddable":true,"href":"https:\/\/www.ambienteyenergia.gob.ec\/ambiente\/wp-json\/wp\/v2\/users\/13"}],"replies":[{"embeddable":true,"href":"https:\/\/www.ambienteyenergia.gob.ec\/ambiente\/wp-json\/wp\/v2\/comments?post=12371"}],"version-history":[{"count":0,"href":"https:\/\/www.ambienteyenergia.gob.ec\/ambiente\/wp-json\/wp\/v2\/posts\/12371\/revisions"}],"wp:featuredmedia":[{"embeddable":true,"href":"https:\/\/www.ambienteyenergia.gob.ec\/ambiente\/wp-json\/wp\/v2\/media\/12374"}],"wp:attachment":[{"href":"https:\/\/www.ambienteyenergia.gob.ec\/ambiente\/wp-json\/wp\/v2\/media?parent=12371"}],"wp:term":[{"taxonomy":"category","embeddable":true,"href":"https:\/\/www.ambienteyenergia.gob.ec\/ambiente\/wp-json\/wp\/v2\/categories?post=12371"},{"taxonomy":"post_tag","embeddable":true,"href":"https:\/\/www.ambienteyenergia.gob.ec\/ambiente\/wp-json\/wp\/v2\/tags?post=12371"}],"curies":[{"name":"wp","href":"https:\/\/api.w.org\/{rel}","templated":true}]}}