{"id":12361,"date":"2013-06-12T10:11:32","date_gmt":"2013-06-12T15:11:32","guid":{"rendered":"http:\/\/www.ambiente.gob.ec\/?p=12361"},"modified":"2013-06-12T13:04:58","modified_gmt":"2013-06-12T18:04:58","slug":"primera-capacitacion-de-huella-ecologica-a-servidores-publicos-en-loja","status":"publish","type":"post","link":"https:\/\/www.ambienteyenergia.gob.ec\/ambiente\/primera-capacitacion-de-huella-ecologica-a-servidores-publicos-en-loja\/","title":{"rendered":"Primera capacitaci\u00f3n de Huella Ecol\u00f3gica a servidores p\u00fablicos en Loja"},"content":{"rendered":"<p style=\"text-align: justify;\">El Proyecto Huella Ecol\u00f3gica del Ministerio del Ambiente (MAE) inici\u00f3 un proceso de capacitaciones en las 24 provincias del pa\u00eds. El objetivo es socializar entre funcionarios p\u00fablicos este indicador, sus implicaciones en la gesti\u00f3n ambiental y las acciones destinadas a su reducci\u00f3n. La primera capacitaci\u00f3n de este tipo se realiz\u00f3 el pasado martes 4 de junio, en la ciudad de Loja.<\/p>\n<p style=\"text-align: justify;\">Alrededor de 56 personas participaron en el taller. Entre ellos, funcionarios p\u00fablicos del Gobierno Provincial de Loja y de Empresas P\u00fablicas Provinciales.<\/p>\n<p style=\"text-align: justify;\">En la capacitaci\u00f3n se expusieron los principales conceptos de la metodolog\u00eda Huella Ecol\u00f3gica (HE), se presentaron los prop\u00f3sitos y avances del proyecto y se plantearon consejos concretos para la reducci\u00f3n de la HE Institucional y Personal.<\/p>\n<p style=\"text-align: justify;\">Los talleres continuar\u00e1n durante el mes de junio en las provincias de Bol\u00edvar y Chimborazo.<\/p>\n<p style=\"text-align: justify;\">Este proyecto busca principalmente fortalecer y establecer a la HE como un indicador clave en la gesti\u00f3n ambiental.<\/p>\n","protected":false},"excerpt":{"rendered":"<p class=\"excerpt\">El Proyecto Huella Ecol\u00f3gica del Ministerio del Ambiente (MAE) inici\u00f3 un proceso de capacitaciones en las 24 provincias del pa\u00eds. El objetivo es socializar entre funcionarios p\u00fablicos este indicador, sus implicaciones en la gesti\u00f3n ambiental y las acciones destinadas a su reducci\u00f3n. La primera capacitaci\u00f3n de este tipo se realiz\u00f3 el pasado martes 4 de junio, en la ciudad de&hellip; <a href=\"https:\/\/www.ambienteyenergia.gob.ec\/ambiente\/primera-capacitacion-de-huella-ecologica-a-servidores-publicos-en-loja\/\">Read more &rarr;<\/a><\/p>\n","protected":false},"author":13,"featured_media":12362,"comment_status":"open","ping_status":"open","sticky":false,"template":"","format":"standard","meta":{"footnotes":""},"categories":[16,4],"tags":[],"class_list":["post-12361","post","type-post","status-publish","format-standard","has-post-thumbnail","hentry","category-comunicamos","category-noticias","xfolkentry"],"_links":{"self":[{"href":"https:\/\/www.ambienteyenergia.gob.ec\/ambiente\/wp-json\/wp\/v2\/posts\/12361","targetHints":{"allow":["GET"]}}],"collection":[{"href":"https:\/\/www.ambienteyenergia.gob.ec\/ambiente\/wp-json\/wp\/v2\/posts"}],"about":[{"href":"https:\/\/www.ambienteyenergia.gob.ec\/ambiente\/wp-json\/wp\/v2\/types\/post"}],"author":[{"embeddable":true,"href":"https:\/\/www.ambienteyenergia.gob.ec\/ambiente\/wp-json\/wp\/v2\/users\/13"}],"replies":[{"embeddable":true,"href":"https:\/\/www.ambienteyenergia.gob.ec\/ambiente\/wp-json\/wp\/v2\/comments?post=12361"}],"version-history":[{"count":0,"href":"https:\/\/www.ambienteyenergia.gob.ec\/ambiente\/wp-json\/wp\/v2\/posts\/12361\/revisions"}],"wp:featuredmedia":[{"embeddable":true,"href":"https:\/\/www.ambienteyenergia.gob.ec\/ambiente\/wp-json\/wp\/v2\/media\/12362"}],"wp:attachment":[{"href":"https:\/\/www.ambienteyenergia.gob.ec\/ambiente\/wp-json\/wp\/v2\/media?parent=12361"}],"wp:term":[{"taxonomy":"category","embeddable":true,"href":"https:\/\/www.ambienteyenergia.gob.ec\/ambiente\/wp-json\/wp\/v2\/categories?post=12361"},{"taxonomy":"post_tag","embeddable":true,"href":"https:\/\/www.ambienteyenergia.gob.ec\/ambiente\/wp-json\/wp\/v2\/tags?post=12361"}],"curies":[{"name":"wp","href":"https:\/\/api.w.org\/{rel}","templated":true}]}}