{"id":12355,"date":"2013-06-11T15:59:10","date_gmt":"2013-06-11T20:59:10","guid":{"rendered":"http:\/\/www.ambiente.gob.ec\/?p=12355"},"modified":"2013-06-11T16:38:08","modified_gmt":"2013-06-11T21:38:08","slug":"mae-busca-fortalecer-la-gestion-integral-de-residuos-solidos-y-procesos-en-la-cadena-de-valor","status":"publish","type":"post","link":"https:\/\/www.ambienteyenergia.gob.ec\/ambiente\/mae-busca-fortalecer-la-gestion-integral-de-residuos-solidos-y-procesos-en-la-cadena-de-valor\/","title":{"rendered":"MAE busca fortalecer la gesti\u00f3n integral de residuos s\u00f3lidos y procesos en la cadena de valor"},"content":{"rendered":"<p style=\"text-align: justify;\">El Ministerio del Ambiente (MAE), como la instituci\u00f3n responsable de formular pol\u00edticas\u00a0 para el adecuado manejo de los residuos s\u00f3lidos en Ecuador, ha gestionado $ 9,9 millones para el 2013, destinados a fortalecer el adecuado manejo de desechos.<\/p>\n<p style=\"text-align: justify;\">Esta Cartera de Estado ha unificado esfuerzos con la Asociaci\u00f3n de Municipalidades del Ecuador (<em>AME)<\/em>, Banco del Estado (<em>BdE)<\/em> y el Instituto de Pre-inversi\u00f3n (<em>INP)<\/em> para facilitar recursos y de esta forma dotar a los municipios de estudios t\u00e9cnicos y econ\u00f3micos, con la finalidad de subsanar las dificultades presentadas en el manejo de residuos s\u00f3lidos e implementar modelos de gesti\u00f3n sustentables.<\/p>\n<p style=\"text-align: justify;\">En la primera fase de este proyecto se invertir\u00e1n USD.1\u00b4800.000, para la realizaci\u00f3n de estudios para el adecuado manejo de los residuos s\u00f3lidos, cierre t\u00e9cnico de botaderos, viabilidad t\u00e9cnica y dotaci\u00f3n de geo-menbrana, que beneficiar\u00e1 a 33 municipios. Asimismo, se entregar\u00e1n USD.1&#8242; 618.000 para la segunda etapa, en la que se ejecutar\u00e1 el cierre t\u00e9cnico de botaderos, dise\u00f1os de celdas emergentes y gesti\u00f3n integral de residuos, beneficiando a 40 Gobiernos Aut\u00f3nomos Descentralizados (GADs).<\/p>\n<p style=\"text-align: justify;\">En ese sentido, el Programa Nacional para la Gesti\u00f3n Integral de Desechos S\u00f3lidos (PNGIDS) del MAE facilita asesoramiento, acompa\u00f1amiento y fortalecimiento t\u00e9cnico a los municipios, a partir de diferentes estudios como la gesti\u00f3n integral de residuos que incluye generaci\u00f3n, transporte, aprovechamiento, cierre t\u00e9cnico de botaderos, dise\u00f1os de celdas emergentes, y dise\u00f1o de rellenos sanitarios. Adem\u00e1s, imparte campa\u00f1as de concienciaci\u00f3n, sensibilizaci\u00f3n e informaci\u00f3n, con el objetivo de dar a conocer a la poblaci\u00f3n la importancia de las buenas pr\u00e1cticas ambientas y la disposici\u00f3n adecuada de los residuos.<\/p>\n<p style=\"text-align: justify;\">El programa trabaja en tres \u00e1reas: <strong>Modelos de Gesti\u00f3n Integral de Desechos S\u00f3lidos<\/strong>, en el que se pretende estandarizar el modelo de gesti\u00f3n de residuos de acuerdo a las caracter\u00edsticas ambientales y sociales de cada cant\u00f3n; <strong>Agregaci\u00f3n de Valor<\/strong>, que impulsa procesos de incorporaci\u00f3n de valor de los residuos s\u00f3lidos urbanos que se generan en el pa\u00eds; y <strong>Disposici\u00f3n Final<\/strong>, que tienen como objetivo garantizar el adecuado desecho de residuos que no puedan ser aprovechados.<\/p>\n<p style=\"text-align: justify;\">Por otro lado, los GADs \u00a0son \u00a0los responsables del \u00a0manejo de basura y deben garantizar la adecuada recolecci\u00f3n, tratamiento y disposici\u00f3n final de la misma bajo par\u00e1metros t\u00e9cnicos.<\/p>\n<p style=\"text-align: justify;\">Esta Cartera de Estado asesora a los municipios en la implementaci\u00f3n de la Gesti\u00f3n Integral de Desechos, mediante visitas t\u00e9cnicas y capacitaciones. Pero son las Direcciones Provinciales del Ambiente las que realizan el seguimiento <em>in situ<\/em> y controlan los procesos ambientales.<\/p>\n<p style=\"text-align: justify;\">El trabajo conjunto entre el gobierno central y local ser\u00e1 de gran importancia para fortalecer toda la cadena de valor de la adecuada gesti\u00f3n de residuos s\u00f3lidos.<\/p>\n","protected":false},"excerpt":{"rendered":"<p class=\"excerpt\">El Ministerio del Ambiente (MAE), como la instituci\u00f3n responsable de formular pol\u00edticas\u00a0 para el adecuado manejo de los residuos s\u00f3lidos en Ecuador, ha gestionado $ 9,9 millones para el 2013, destinados a fortalecer el adecuado manejo de desechos. Esta Cartera de Estado ha unificado esfuerzos con la Asociaci\u00f3n de Municipalidades del Ecuador (AME), Banco del Estado (BdE) y el Instituto&hellip; <a href=\"https:\/\/www.ambienteyenergia.gob.ec\/ambiente\/mae-busca-fortalecer-la-gestion-integral-de-residuos-solidos-y-procesos-en-la-cadena-de-valor\/\">Read more &rarr;<\/a><\/p>\n","protected":false},"author":13,"featured_media":12359,"comment_status":"open","ping_status":"open","sticky":false,"template":"","format":"standard","meta":{"footnotes":""},"categories":[16,4],"tags":[],"class_list":["post-12355","post","type-post","status-publish","format-standard","has-post-thumbnail","hentry","category-comunicamos","category-noticias","xfolkentry"],"_links":{"self":[{"href":"https:\/\/www.ambienteyenergia.gob.ec\/ambiente\/wp-json\/wp\/v2\/posts\/12355","targetHints":{"allow":["GET"]}}],"collection":[{"href":"https:\/\/www.ambienteyenergia.gob.ec\/ambiente\/wp-json\/wp\/v2\/posts"}],"about":[{"href":"https:\/\/www.ambienteyenergia.gob.ec\/ambiente\/wp-json\/wp\/v2\/types\/post"}],"author":[{"embeddable":true,"href":"https:\/\/www.ambienteyenergia.gob.ec\/ambiente\/wp-json\/wp\/v2\/users\/13"}],"replies":[{"embeddable":true,"href":"https:\/\/www.ambienteyenergia.gob.ec\/ambiente\/wp-json\/wp\/v2\/comments?post=12355"}],"version-history":[{"count":0,"href":"https:\/\/www.ambienteyenergia.gob.ec\/ambiente\/wp-json\/wp\/v2\/posts\/12355\/revisions"}],"wp:featuredmedia":[{"embeddable":true,"href":"https:\/\/www.ambienteyenergia.gob.ec\/ambiente\/wp-json\/wp\/v2\/media\/12359"}],"wp:attachment":[{"href":"https:\/\/www.ambienteyenergia.gob.ec\/ambiente\/wp-json\/wp\/v2\/media?parent=12355"}],"wp:term":[{"taxonomy":"category","embeddable":true,"href":"https:\/\/www.ambienteyenergia.gob.ec\/ambiente\/wp-json\/wp\/v2\/categories?post=12355"},{"taxonomy":"post_tag","embeddable":true,"href":"https:\/\/www.ambienteyenergia.gob.ec\/ambiente\/wp-json\/wp\/v2\/tags?post=12355"}],"curies":[{"name":"wp","href":"https:\/\/api.w.org\/{rel}","templated":true}]}}