{"id":12321,"date":"2013-06-10T19:07:32","date_gmt":"2013-06-11T00:07:32","guid":{"rendered":"http:\/\/www.ambiente.gob.ec\/?p=12321"},"modified":"2013-06-11T07:58:01","modified_gmt":"2013-06-11T12:58:01","slug":"mae-aplica-lineamientos-para-compensacion-por-afectaciones-socioambientales","status":"publish","type":"post","link":"https:\/\/www.ambienteyenergia.gob.ec\/ambiente\/mae-aplica-lineamientos-para-compensacion-por-afectaciones-socioambientales\/","title":{"rendered":"MAE aplica lineamientos para compensaci\u00f3n por afectaciones socioambientales"},"content":{"rendered":"<p style=\"text-align: justify;\">El tratamiento de los da\u00f1os causados por los derrames de Winchele y El Reventador constituye un hito hist\u00f3rico en la gesti\u00f3n de da\u00f1os socioambientales relacionados a este tipo de cat\u00e1strofes. Antes los operadores negociaban directamente con las comunidades las obras o indemnizaciones por los da\u00f1os causados, sin un adecuado sustento t\u00e9cnico. Ahora, frente a estos eventos adversos, lo que el MAE procura es que se cumpla el Acuerdo 001 y con \u00e9l se\u00a0 pueda compensar en t\u00e9rminos de justicia social y ambiental.<\/p>\n<p style=\"text-align: justify;\">En ese sentido, el Ministerio del Ambiente (MAE), a trav\u00e9s del Programa de Reparaci\u00f3n Ambiental y Social (PRAS),\u00a0 emprende las acciones necesarias para garantizar que los da\u00f1os ocasionados por los derrames de petr\u00f3leo producidos por diferentes causas en Ecuador, sean reparados.<\/p>\n<p style=\"text-align: justify;\">El trabajo del PRAS se sustenta en el Acuerdo Interministerial 001 que fue firmado en el 2012 y que se\u00f1ala en su Art. 2 que es deber del Estado hacer cumplir \u201cla aplicaci\u00f3n de los lineamientos para la compensaci\u00f3n por afectaciones socioambientales con relaci\u00f3n a todas las actividades econ\u00f3micas estrat\u00e9gicas en las que los Ministerios del Ambiente y de Recursos Naturales No Renovables comparten competencias en el Control, que asegura una adecuada operaci\u00f3n de dichas actividades y la conservaci\u00f3n de los recursos naturales asociados a las mismas\u201d.<\/p>\n<p style=\"text-align: justify;\">El objetivo de este convenio es evitar las negociaciones poco claras y no relacionadas al da\u00f1o ambiental o a las p\u00e9rdidas de bienes y servicios ambientales generados. As\u00ed, es posible garantizar el pago justo de indemnizaciones a los afectados, en caso de que las medidas compensatorias emprendidas por la empresa\u00a0 responsable no fueran suficientes.<\/p>\n<p style=\"text-align: justify;\">En el acuerdo se especifica el proceso a seguir en caso de derrames: \u201ccuando se detecta un evento (accidente) se activa el plan de contingencia para luego realizar una caracterizaci\u00f3n y valoraci\u00f3n de los da\u00f1os a los componentes ambientales y sociales. Una vez que el da\u00f1o est\u00e1 valorado, se deber\u00e1 generar el plan de restauraci\u00f3n integral el cual deber\u00e1 desarrollar las acciones de remediaci\u00f3n, compensaci\u00f3n e indemnizaci\u00f3n. El c\u00e1lculo de la compensaci\u00f3n o de los montos de la indemnizaci\u00f3n deber\u00e1 hacerse tomando como referencia los criterios metodol\u00f3gicos desarrollados por el MAE, a trav\u00e9s del PRAS. La metodolog\u00eda del PRAS considera diferentes tipos de afectaci\u00f3n: al ecosistema, a bienes y servicios, al nivel de protecci\u00f3n y seguridad de infraestructura, a la salud y al patrimonio intangible.<\/p>\n<p style=\"text-align: justify;\">Hasta la semana pasada, no se sab\u00eda con exactitud hasta donde hab\u00eda avanzado la mancha de petr\u00f3leo, por lo que un equipo del MAE-PRAS recorri\u00f3 las riberas de los r\u00edos Coca y Napo, siguiendo la Ruta El Reventador-Coca Codo Sinclair-Nuevo Rocafuerte.<\/p>\n<p style=\"text-align: justify;\">Una vez que se han recabado pruebas que evidencian la magnitud del da\u00f1o, el PRAS\u00a0 est\u00e1 trabajando en una evaluaci\u00f3n ecol\u00f3gica r\u00e1pida para determinar las acciones que deber\u00e1 emprender la EP Petroecuador en la etapa de remediaci\u00f3n y para garantizar la no repetici\u00f3n del da\u00f1o. Posteriormente, se realizar\u00e1 la valoraci\u00f3n econ\u00f3mica del da\u00f1o que determinar\u00e1 si los afectados deber\u00e1n recibir indemnizaciones.<\/p>\n<p style=\"text-align: justify;\">Cabe resaltar que en el caso del derrame del SOTE, el MAE est\u00e1 replicando la metodolog\u00eda utilizada en el derrame del OCP, producido en Winchele, Esmeraldas en abril de este a\u00f1o. En ese caso, el PRAS capacit\u00f3 a una consultora contratada por OCP para que valore los da\u00f1os ambientales y sociales. Adem\u00e1s, el MAE se asegur\u00f3 de que los avances en el proceso de compensaci\u00f3n sean socializados con los miembros de la comunidad afectada.<\/p>\n","protected":false},"excerpt":{"rendered":"<p class=\"excerpt\">El tratamiento de los da\u00f1os causados por los derrames de Winchele y El Reventador constituye un hito hist\u00f3rico en la gesti\u00f3n de da\u00f1os socioambientales relacionados a este tipo de cat\u00e1strofes. Antes los operadores negociaban directamente con las comunidades las obras o indemnizaciones por los da\u00f1os causados, sin un adecuado sustento t\u00e9cnico. Ahora, frente a estos eventos adversos, lo que el&hellip; <a href=\"https:\/\/www.ambienteyenergia.gob.ec\/ambiente\/mae-aplica-lineamientos-para-compensacion-por-afectaciones-socioambientales\/\">Read more &rarr;<\/a><\/p>\n","protected":false},"author":13,"featured_media":12322,"comment_status":"open","ping_status":"open","sticky":false,"template":"","format":"standard","meta":{"footnotes":""},"categories":[16,4,10],"tags":[],"class_list":["post-12321","post","type-post","status-publish","format-standard","has-post-thumbnail","hentry","category-comunicamos","category-noticias","category-noticias-destacadas","xfolkentry"],"_links":{"self":[{"href":"https:\/\/www.ambienteyenergia.gob.ec\/ambiente\/wp-json\/wp\/v2\/posts\/12321","targetHints":{"allow":["GET"]}}],"collection":[{"href":"https:\/\/www.ambienteyenergia.gob.ec\/ambiente\/wp-json\/wp\/v2\/posts"}],"about":[{"href":"https:\/\/www.ambienteyenergia.gob.ec\/ambiente\/wp-json\/wp\/v2\/types\/post"}],"author":[{"embeddable":true,"href":"https:\/\/www.ambienteyenergia.gob.ec\/ambiente\/wp-json\/wp\/v2\/users\/13"}],"replies":[{"embeddable":true,"href":"https:\/\/www.ambienteyenergia.gob.ec\/ambiente\/wp-json\/wp\/v2\/comments?post=12321"}],"version-history":[{"count":0,"href":"https:\/\/www.ambienteyenergia.gob.ec\/ambiente\/wp-json\/wp\/v2\/posts\/12321\/revisions"}],"wp:featuredmedia":[{"embeddable":true,"href":"https:\/\/www.ambienteyenergia.gob.ec\/ambiente\/wp-json\/wp\/v2\/media\/12322"}],"wp:attachment":[{"href":"https:\/\/www.ambienteyenergia.gob.ec\/ambiente\/wp-json\/wp\/v2\/media?parent=12321"}],"wp:term":[{"taxonomy":"category","embeddable":true,"href":"https:\/\/www.ambienteyenergia.gob.ec\/ambiente\/wp-json\/wp\/v2\/categories?post=12321"},{"taxonomy":"post_tag","embeddable":true,"href":"https:\/\/www.ambienteyenergia.gob.ec\/ambiente\/wp-json\/wp\/v2\/tags?post=12321"}],"curies":[{"name":"wp","href":"https:\/\/api.w.org\/{rel}","templated":true}]}}