{"id":12281,"date":"2013-06-08T10:16:17","date_gmt":"2013-06-08T15:16:17","guid":{"rendered":"http:\/\/www.ambiente.gob.ec\/?p=12281"},"modified":"2013-06-08T10:16:17","modified_gmt":"2013-06-08T15:16:17","slug":"proteger-los-oceanos-es-responsabilidad-de-todos","status":"publish","type":"post","link":"https:\/\/www.ambienteyenergia.gob.ec\/ambiente\/proteger-los-oceanos-es-responsabilidad-de-todos\/","title":{"rendered":"Proteger los oc\u00e9anos es responsabilidad de todos"},"content":{"rendered":"<p style=\"text-align: justify;\">El 8 de junio de cada a\u00f1o se celebra el D\u00eda Mundial de los Oc\u00e9anos, por esta raz\u00f3n el Ministerio del Ambiente del Ecuador (MAE) insta a la poblaci\u00f3n ecuatoriana al cuidado de los mares para disminuir los problemas ambientales que los afectan como la contaminaci\u00f3n y la extracci\u00f3n excesiva de sus recursos.<\/p>\n<p style=\"text-align: justify;\">Los oc\u00e9anos son proveedores de importantes bienes y servicios ambientales que contribuyen al bienestar de las poblaciones del mundo establecidas en las zonas costeras, por su producci\u00f3n de ox\u00edgeno, alimentos, materia prima para medicinas y regulador del clima.<\/p>\n<p style=\"text-align: justify;\">Las pesquer\u00edas, el transporte mar\u00edtimo, el turismo, son las principales actividades que se desarrollan en el mar y se han convertido en importantes fuentes de ingresos en la econom\u00eda del pa\u00eds, teniendo la necesidad de regularlas para salvaguardar los oc\u00e9anos.<\/p>\n<p style=\"text-align: justify;\">Para que estas actividades se sigan desarrollando adecuadamente, de una manera arm\u00f3nica con la naturaleza, el MAE a trav\u00e9s de la Subsecretar\u00eda de Gesti\u00f3n Marina y Costera (SGMC) implementa y vigila la aplicaci\u00f3n de normas de protecci\u00f3n y el cuidado especial de \u00e1reas marinas y costeras. Ecuador cuenta actualmente con 18 \u00e1reas protegidas marinas y costeras (16 continentales y 2 insulares).<\/p>\n<p style=\"text-align: justify;\">A los pobladores del perfil costero ecuatoriano se los educa en temas ambientales, buscando una correcta disposici\u00f3n de la basura en tachos y botaderos, evitando que esta vaya al mar, lo contamine y ocasione la muerte de las especies que habitan en el ecosistema marino.<\/p>\n<p style=\"text-align: justify;\">La basura es uno de los problemas m\u00e1s graves que afectan a las playas ecuatorianas. En ese sentido, el MAE traba en coordinaci\u00f3n con estudiantes, militares, operadores tur\u00edsticos, comerciantes y pobladores en general, en mingas de limpieza que permiten retirar los desperdicios y evitar que lleguen al mar.<\/p>\n<p style=\"text-align: justify;\">Los fondos marinos son espacios no tan visibles, pero que tambi\u00e9n son protegidos. Como parte de estas campa\u00f1as continuas, el s\u00e1bado 15 de junio se llevar\u00e1 a cabo la V Limpieza de Fondos Marinos, en la Reserva Marina El Pelado, en Ayangue, provincia de Santa Elena.<\/p>\n<p style=\"text-align: justify;\">La celebraci\u00f3n del D\u00eda Mundial de los Oc\u00e9anos constituye una oportunidad para comprometer a las comunidades e instituciones en que la conservaci\u00f3n de este ecosistema y el manejo responsable de los recursos es una tarea de todos.<\/p>\n<p style=\"text-align: justify;\"><strong>Importante<\/strong><\/p>\n<p style=\"text-align: justify;\">La Asamblea General de la Organizaci\u00f3n de las Naciones Unidas, declar\u00f3 el 8 de junio para celebrar el D\u00eda Mundial de los Oc\u00e9anos, en febrero del 2009.<\/p>\n<p style=\"text-align: justify;\">\u00a0<a href=\"http:\/\/www.ambienteyenergia.gob.ec\/ambiente\/wp-content\/uploads\/2013\/06\/dia-de-los-oceanos1.jpg\"><img loading=\"lazy\" decoding=\"async\" class=\"aligncenter size-full wp-image-12284\" title=\"dia-de-los-oceanos\" src=\"http:\/\/www.ambienteyenergia.gob.ec\/ambiente\/wp-content\/uploads\/2013\/06\/dia-de-los-oceanos1.jpg\" alt=\"\" width=\"843\" height=\"403\" srcset=\"https:\/\/www.ambienteyenergia.gob.ec\/ambiente\/wp-content\/uploads\/sites\/2\/2013\/06\/dia-de-los-oceanos1.jpg 843w, https:\/\/www.ambienteyenergia.gob.ec\/ambiente\/wp-content\/uploads\/sites\/2\/2013\/06\/dia-de-los-oceanos1-300x143.jpg 300w, https:\/\/www.ambienteyenergia.gob.ec\/ambiente\/wp-content\/uploads\/sites\/2\/2013\/06\/dia-de-los-oceanos1-500x239.jpg 500w\" sizes=\"auto, (max-width: 843px) 100vw, 843px\" \/><\/a><\/p>\n<p style=\"text-align: justify;\">\n","protected":false},"excerpt":{"rendered":"<p class=\"excerpt\">El 8 de junio de cada a\u00f1o se celebra el D\u00eda Mundial de los Oc\u00e9anos, por esta raz\u00f3n el Ministerio del Ambiente del Ecuador (MAE) insta a la poblaci\u00f3n ecuatoriana al cuidado de los mares para disminuir los problemas ambientales que los afectan como la contaminaci\u00f3n y la extracci\u00f3n excesiva de sus recursos. Los oc\u00e9anos son proveedores de importantes bienes&hellip; <a href=\"https:\/\/www.ambienteyenergia.gob.ec\/ambiente\/proteger-los-oceanos-es-responsabilidad-de-todos\/\">Read more &rarr;<\/a><\/p>\n","protected":false},"author":13,"featured_media":12285,"comment_status":"open","ping_status":"open","sticky":false,"template":"","format":"standard","meta":{"footnotes":""},"categories":[16,4],"tags":[],"class_list":["post-12281","post","type-post","status-publish","format-standard","has-post-thumbnail","hentry","category-comunicamos","category-noticias","xfolkentry"],"_links":{"self":[{"href":"https:\/\/www.ambienteyenergia.gob.ec\/ambiente\/wp-json\/wp\/v2\/posts\/12281","targetHints":{"allow":["GET"]}}],"collection":[{"href":"https:\/\/www.ambienteyenergia.gob.ec\/ambiente\/wp-json\/wp\/v2\/posts"}],"about":[{"href":"https:\/\/www.ambienteyenergia.gob.ec\/ambiente\/wp-json\/wp\/v2\/types\/post"}],"author":[{"embeddable":true,"href":"https:\/\/www.ambienteyenergia.gob.ec\/ambiente\/wp-json\/wp\/v2\/users\/13"}],"replies":[{"embeddable":true,"href":"https:\/\/www.ambienteyenergia.gob.ec\/ambiente\/wp-json\/wp\/v2\/comments?post=12281"}],"version-history":[{"count":0,"href":"https:\/\/www.ambienteyenergia.gob.ec\/ambiente\/wp-json\/wp\/v2\/posts\/12281\/revisions"}],"wp:featuredmedia":[{"embeddable":true,"href":"https:\/\/www.ambienteyenergia.gob.ec\/ambiente\/wp-json\/wp\/v2\/media\/12285"}],"wp:attachment":[{"href":"https:\/\/www.ambienteyenergia.gob.ec\/ambiente\/wp-json\/wp\/v2\/media?parent=12281"}],"wp:term":[{"taxonomy":"category","embeddable":true,"href":"https:\/\/www.ambienteyenergia.gob.ec\/ambiente\/wp-json\/wp\/v2\/categories?post=12281"},{"taxonomy":"post_tag","embeddable":true,"href":"https:\/\/www.ambienteyenergia.gob.ec\/ambiente\/wp-json\/wp\/v2\/tags?post=12281"}],"curies":[{"name":"wp","href":"https:\/\/api.w.org\/{rel}","templated":true}]}}