{"id":12276,"date":"2013-06-07T16:46:30","date_gmt":"2013-06-07T21:46:30","guid":{"rendered":"http:\/\/www.ambiente.gob.ec\/?p=12276"},"modified":"2013-06-07T16:52:42","modified_gmt":"2013-06-07T21:52:42","slug":"mae-dialoga-con-la-poblacion-afectada-por-derrame-de-crudo","status":"publish","type":"post","link":"https:\/\/www.ambienteyenergia.gob.ec\/ambiente\/mae-dialoga-con-la-poblacion-afectada-por-derrame-de-crudo\/","title":{"rendered":"MAE dialoga con la poblaci\u00f3n afectada por derrame de crudo"},"content":{"rendered":"<p style=\"text-align: justify;\">El Ministerio del Ambiente (MAE), a trav\u00e9s del Programa de Reparaci\u00f3n Ambiental y Social (PRAS), mantuvo un di\u00e1logo abierto con representantes de las poblaciones afectadas por el derrame de crudo del Sistema de Oleoducto Transecuatoriano (SOTE), ocurrido en la provincia de Sucumb\u00edos, Cant\u00f3n Gonzalo Pizarro, Parroquia El Reventador, el pasado 31 de mayo. La asamblea tuvo como objetivo socializar el plan de contingencia, remediaci\u00f3n y seguimiento que est\u00e1 en marcha.<\/p>\n<p style=\"text-align: justify;\">En la primera asamblea p\u00fablica que se desarroll\u00f3 este 6 y 7 de junio, estuvieron presentes las autoridades locales, encabezadas por el Gobernador de la provincia de Sucumb\u00edos, representantes de la Secretar\u00eda Nacional de Gesti\u00f3n de Riesgos, Ministerio de Salud P\u00fablica y los asamble\u00edstas de la comisi\u00f3n de biodiversidad de la Asamblea Nacional. Un equipo t\u00e9cnico del MAE explic\u00f3 al comit\u00e9 y a la comunidad el m\u00e9todo de supervisi\u00f3n, validaci\u00f3n y aprobaci\u00f3n de las acciones que deben ser ejecutadas por la operadora EP Petroecuador. Asimismo, la ma\u00f1ana del viernes 7 de junio, se mantuvo una reuni\u00f3n con los moradores afectados de los predios que se ubican en la zona del deslave que ocasion\u00f3 el derrame de crudo.<\/p>\n<p style=\"text-align: justify;\">El Coordinador del \u00c1rea Social de la Subsecretar\u00eda de Calidad Ambiental, Rafael Romero, indic\u00f3 que una vez superado el per\u00edodo de crisis y emergencia se proceder\u00e1 a la ejecuci\u00f3n del plan de remediaci\u00f3n ambiental, en donde a trav\u00e9s de las acciones concretas de estabilizaci\u00f3n y restauraci\u00f3n se realizar\u00e1 la reparaci\u00f3n de los da\u00f1os.<\/p>\n<p style=\"text-align: justify;\">En cuanto a la compensaci\u00f3n y a la posible indemnizaci\u00f3n a los afectados, puso \u00e9nfasis en el nuevo modelo propuesto por el MAE que consiste en la aplicaci\u00f3n de la Metodolog\u00eda de Valoraci\u00f3n de Pasivos Ambientales del Programa de Reparaci\u00f3n Ambiental y Social (PRAS). El proceso de levantamiento, an\u00e1lisis y c\u00e1lculo permite cuantificar t\u00e9cnicamente la p\u00e9rdida de calidad del agua, suelo, cobertura vegetal y los servicios ecosist\u00e9micos que se han dejado de percibir debido al da\u00f1o ocasionado. Para determinar este valor econ\u00f3mico, especialistas del PRAS efectuar\u00e1n la valoraci\u00f3n de los da\u00f1os a partir de an\u00e1lisis y estudios multidisciplinarios y la participaci\u00f3n social. \u201cEl valor que la operadora debe entregar a la comunidad y a cada uno de los afectados es resultado de un enfoque integral y no de negociaciones directas como se acostumbraba antes\u201d enfatiz\u00f3 Romero.<\/p>\n<p style=\"text-align: justify;\">Por su parte, autoridades y presidentes de las juntas parroquiales de los cantones Gonzalo Pizarro, Cascales y Shushufindi solicitaron a EP Petroecuador hacer un recorrido con el fin de determinar la priorizaci\u00f3n de zonas para la ayuda emergente, sobre todo en lo relacionado con la provisi\u00f3n de bidones de agua. De la misma forma, solicitaron el levantamiento de informaci\u00f3n de la mano de obra no calificada, a trav\u00e9s de la Red Socio Empleo, para que la comunidad pueda participar en el proceso de contrataci\u00f3n dentro del plan de remediaci\u00f3n ambiental.<\/p>\n<p style=\"text-align: justify;\">\n","protected":false},"excerpt":{"rendered":"<p class=\"excerpt\">El Ministerio del Ambiente (MAE), a trav\u00e9s del Programa de Reparaci\u00f3n Ambiental y Social (PRAS), mantuvo un di\u00e1logo abierto con representantes de las poblaciones afectadas por el derrame de crudo del Sistema de Oleoducto Transecuatoriano (SOTE), ocurrido en la provincia de Sucumb\u00edos, Cant\u00f3n Gonzalo Pizarro, Parroquia El Reventador, el pasado 31 de mayo. La asamblea tuvo como objetivo socializar el&hellip; <a href=\"https:\/\/www.ambienteyenergia.gob.ec\/ambiente\/mae-dialoga-con-la-poblacion-afectada-por-derrame-de-crudo\/\">Read more &rarr;<\/a><\/p>\n","protected":false},"author":13,"featured_media":12279,"comment_status":"open","ping_status":"open","sticky":false,"template":"","format":"standard","meta":{"footnotes":""},"categories":[16,4],"tags":[],"class_list":["post-12276","post","type-post","status-publish","format-standard","has-post-thumbnail","hentry","category-comunicamos","category-noticias","xfolkentry"],"_links":{"self":[{"href":"https:\/\/www.ambienteyenergia.gob.ec\/ambiente\/wp-json\/wp\/v2\/posts\/12276","targetHints":{"allow":["GET"]}}],"collection":[{"href":"https:\/\/www.ambienteyenergia.gob.ec\/ambiente\/wp-json\/wp\/v2\/posts"}],"about":[{"href":"https:\/\/www.ambienteyenergia.gob.ec\/ambiente\/wp-json\/wp\/v2\/types\/post"}],"author":[{"embeddable":true,"href":"https:\/\/www.ambienteyenergia.gob.ec\/ambiente\/wp-json\/wp\/v2\/users\/13"}],"replies":[{"embeddable":true,"href":"https:\/\/www.ambienteyenergia.gob.ec\/ambiente\/wp-json\/wp\/v2\/comments?post=12276"}],"version-history":[{"count":0,"href":"https:\/\/www.ambienteyenergia.gob.ec\/ambiente\/wp-json\/wp\/v2\/posts\/12276\/revisions"}],"wp:featuredmedia":[{"embeddable":true,"href":"https:\/\/www.ambienteyenergia.gob.ec\/ambiente\/wp-json\/wp\/v2\/media\/12279"}],"wp:attachment":[{"href":"https:\/\/www.ambienteyenergia.gob.ec\/ambiente\/wp-json\/wp\/v2\/media?parent=12276"}],"wp:term":[{"taxonomy":"category","embeddable":true,"href":"https:\/\/www.ambienteyenergia.gob.ec\/ambiente\/wp-json\/wp\/v2\/categories?post=12276"},{"taxonomy":"post_tag","embeddable":true,"href":"https:\/\/www.ambienteyenergia.gob.ec\/ambiente\/wp-json\/wp\/v2\/tags?post=12276"}],"curies":[{"name":"wp","href":"https:\/\/api.w.org\/{rel}","templated":true}]}}