{"id":12260,"date":"2013-06-07T12:20:47","date_gmt":"2013-06-07T17:20:47","guid":{"rendered":"http:\/\/www.ambiente.gob.ec\/?p=12260"},"modified":"2013-06-07T12:20:47","modified_gmt":"2013-06-07T17:20:47","slug":"v-feria-del-cacao-fino-de-aroma-y-del-chocolate-de-la-reserva-de-biosfera-sumaco","status":"publish","type":"post","link":"https:\/\/www.ambienteyenergia.gob.ec\/ambiente\/v-feria-del-cacao-fino-de-aroma-y-del-chocolate-de-la-reserva-de-biosfera-sumaco\/","title":{"rendered":"V Feria del Cacao Fino de Aroma y del Chocolate de la Reserva de Biosfera Sumaco"},"content":{"rendered":"<p style=\"text-align: justify;\">El Ministerio del Ambiente (MAE) particip\u00f3 como expositor en la V Feria de Cacao Fino de Aroma de la Reserva de Biosfera Sumaco el pasado 1 de junio, en el Parque Intercultural de la ciudad de Tena, provincia de Napo. El objetivo fue difundir las acciones, actividades y programas que ejecuta la Direcci\u00f3n Provincial de Napo a favor de esta \u00c1rea Protegida.<\/p>\n<p style=\"text-align: justify;\">En el stand, funcionarios del MAE presentaron las actividades que se realiza en la zona de amortiguamiento y en el \u00c1rea Protegida Parque Nacional Sumaco Napo Galeras, a trav\u00e9s de material de difusi\u00f3n como folletos, tr\u00edpticos, posters, revistas, etc.<\/p>\n<p style=\"text-align: justify;\">La Mesa de Cacao define la promoci\u00f3n del cacao y chocolate Amaz\u00f3nico a nivel Nacional, resaltando la dimensi\u00f3n patrimonial, ecol\u00f3gica, pol\u00edtica, organizativa, productiva, tur\u00edstica y de valor agregado de este producto.<\/p>\n<p style=\"text-align: justify;\">Asimismo, representa un espacio de coordinaci\u00f3n, para tomar decisiones sobre la planificaci\u00f3n y la gesti\u00f3n Amaz\u00f3nica de este producto.<\/p>\n<p style=\"text-align: justify;\">El grupo de trabajo est\u00e1 integrado por m\u00e1s de 40 Instituciones y Organizaciones socias y aliadas que representan a m\u00e1s de 10 mil productores del cacao fino. Entre ellos, productores organizados de las Nacionalidades Kichwa, Waorani y mestizos; entidades del sector p\u00fablico y empresa privada, que cuentan con el apoyo de organismos de Cooperaci\u00f3n Internacional.<\/p>\n<div id='gallery-1' class='gallery galleryid-12260 gallery-columns-4 gallery-size-thumbnail'><dl class='gallery-item'>\n\t\t\t<dt class='gallery-icon landscape'>\n\t\t\t\t<a href='https:\/\/www.ambienteyenergia.gob.ec\/ambiente\/v-feria-del-cacao-fino-de-aroma-y-del-chocolate-de-la-reserva-de-biosfera-sumaco\/boletin-1-2\/'><img loading=\"lazy\" decoding=\"async\" width=\"150\" height=\"150\" src=\"https:\/\/www.ambienteyenergia.gob.ec\/ambiente\/wp-content\/uploads\/sites\/2\/2013\/06\/Boletin-1-150x150.jpg\" class=\"attachment-thumbnail size-thumbnail\" alt=\"\" \/><\/a>\n\t\t\t<\/dt><\/dl><dl class='gallery-item'>\n\t\t\t<dt class='gallery-icon landscape'>\n\t\t\t\t<a href='https:\/\/www.ambienteyenergia.gob.ec\/ambiente\/v-feria-del-cacao-fino-de-aroma-y-del-chocolate-de-la-reserva-de-biosfera-sumaco\/boletin-2\/'><img loading=\"lazy\" decoding=\"async\" width=\"150\" height=\"150\" src=\"https:\/\/www.ambienteyenergia.gob.ec\/ambiente\/wp-content\/uploads\/sites\/2\/2013\/06\/boletin-2-150x150.jpg\" class=\"attachment-thumbnail size-thumbnail\" alt=\"\" \/><\/a>\n\t\t\t<\/dt><\/dl><dl class='gallery-item'>\n\t\t\t<dt class='gallery-icon landscape'>\n\t\t\t\t<a href='https:\/\/www.ambienteyenergia.gob.ec\/ambiente\/v-feria-del-cacao-fino-de-aroma-y-del-chocolate-de-la-reserva-de-biosfera-sumaco\/boletin-3\/'><img loading=\"lazy\" decoding=\"async\" width=\"150\" height=\"150\" src=\"https:\/\/www.ambienteyenergia.gob.ec\/ambiente\/wp-content\/uploads\/sites\/2\/2013\/06\/boletin-3-150x150.jpg\" class=\"attachment-thumbnail size-thumbnail\" alt=\"\" \/><\/a>\n\t\t\t<\/dt><\/dl>\n\t\t\t<br style='clear: both' \/>\n\t\t<\/div>\n\n","protected":false},"excerpt":{"rendered":"<p class=\"excerpt\">El Ministerio del Ambiente (MAE) particip\u00f3 como expositor en la V Feria de Cacao Fino de Aroma de la Reserva de Biosfera Sumaco el pasado 1 de junio, en el Parque Intercultural de la ciudad de Tena, provincia de Napo. El objetivo fue difundir las acciones, actividades y programas que ejecuta la Direcci\u00f3n Provincial de Napo a favor de esta&hellip; <a href=\"https:\/\/www.ambienteyenergia.gob.ec\/ambiente\/v-feria-del-cacao-fino-de-aroma-y-del-chocolate-de-la-reserva-de-biosfera-sumaco\/\">Read more &rarr;<\/a><\/p>\n","protected":false},"author":13,"featured_media":12261,"comment_status":"open","ping_status":"open","sticky":false,"template":"","format":"standard","meta":{"footnotes":""},"categories":[16,4],"tags":[],"class_list":["post-12260","post","type-post","status-publish","format-standard","has-post-thumbnail","hentry","category-comunicamos","category-noticias","xfolkentry"],"_links":{"self":[{"href":"https:\/\/www.ambienteyenergia.gob.ec\/ambiente\/wp-json\/wp\/v2\/posts\/12260","targetHints":{"allow":["GET"]}}],"collection":[{"href":"https:\/\/www.ambienteyenergia.gob.ec\/ambiente\/wp-json\/wp\/v2\/posts"}],"about":[{"href":"https:\/\/www.ambienteyenergia.gob.ec\/ambiente\/wp-json\/wp\/v2\/types\/post"}],"author":[{"embeddable":true,"href":"https:\/\/www.ambienteyenergia.gob.ec\/ambiente\/wp-json\/wp\/v2\/users\/13"}],"replies":[{"embeddable":true,"href":"https:\/\/www.ambienteyenergia.gob.ec\/ambiente\/wp-json\/wp\/v2\/comments?post=12260"}],"version-history":[{"count":0,"href":"https:\/\/www.ambienteyenergia.gob.ec\/ambiente\/wp-json\/wp\/v2\/posts\/12260\/revisions"}],"wp:featuredmedia":[{"embeddable":true,"href":"https:\/\/www.ambienteyenergia.gob.ec\/ambiente\/wp-json\/wp\/v2\/media\/12261"}],"wp:attachment":[{"href":"https:\/\/www.ambienteyenergia.gob.ec\/ambiente\/wp-json\/wp\/v2\/media?parent=12260"}],"wp:term":[{"taxonomy":"category","embeddable":true,"href":"https:\/\/www.ambienteyenergia.gob.ec\/ambiente\/wp-json\/wp\/v2\/categories?post=12260"},{"taxonomy":"post_tag","embeddable":true,"href":"https:\/\/www.ambienteyenergia.gob.ec\/ambiente\/wp-json\/wp\/v2\/tags?post=12260"}],"curies":[{"name":"wp","href":"https:\/\/api.w.org\/{rel}","templated":true}]}}