{"id":12247,"date":"2013-06-07T10:19:54","date_gmt":"2013-06-07T15:19:54","guid":{"rendered":"http:\/\/www.ambiente.gob.ec\/?p=12247"},"modified":"2013-06-07T10:25:46","modified_gmt":"2013-06-07T15:25:46","slug":"pras-participa-en-el-i-taller-del-comite-andino-contra-la-mineria-ilegal","status":"publish","type":"post","link":"https:\/\/www.ambienteyenergia.gob.ec\/ambiente\/pras-participa-en-el-i-taller-del-comite-andino-contra-la-mineria-ilegal\/","title":{"rendered":"PRAS participa en el I Taller del Comit\u00e9 Andino Contra la Miner\u00eda Ilegal"},"content":{"rendered":"<p style=\"text-align: justify;\">El Ministerio del Ambiente (MAE), a trav\u00e9s de su Programa de Reparaci\u00f3n Ambiental y Social (PRAS), particip\u00f3 este 4 y 5 de junio en el I Taller del \u201cComit\u00e9 Andino Contra Miner\u00eda Ilegal\u201d cuyo fin es la creaci\u00f3n de mecanismos integrales de prevenci\u00f3n y cooperaci\u00f3n para erradicar la miner\u00eda ilegal como una problem\u00e1tica que afecta a la regi\u00f3n andina.<\/p>\n<p style=\"text-align: justify;\">El encuentro se realiz\u00f3 en Quito, en las instalaciones del ECU 911 Itchimb\u00eda, con la participaci\u00f3n de delegaciones de Colombia, Bolivia, Per\u00fa y Ecuador, las mismas que estuvieron distribuidas en 4 mesas de trabajo: seguridad, ambiente, jur\u00eddico-legal, y desarrollo econ\u00f3mico e inclusi\u00f3n social. Los representantes de los pa\u00edses miembros de la Comunidad Andina que conforman la mesa de trabajo de ambiente, intercambiaron experiencias nacionales en prevenci\u00f3n, remediaci\u00f3n y reparaci\u00f3n ambiental por los impactos derivados de actividades de miner\u00eda ilegal.<\/p>\n<p style=\"text-align: justify;\">En su intervenci\u00f3n, Jos\u00e9 Ignacio Mart\u00ednez, Director de Generaci\u00f3n de Indicadores de Respuesta del PRAS, destac\u00f3 la pol\u00edtica p\u00fablica de reparaci\u00f3n integral aplicada a la miner\u00eda en el Ecuador, que fundamenta su gesti\u00f3n en un crecimiento econ\u00f3mico sostenido y autogenerador, adem\u00e1s de una distribuci\u00f3n equitativa de la riqueza sin la existencia de violaciones masivas a los derechos humanos y de la naturaleza.<\/p>\n<p style=\"text-align: justify;\">Uno de los principales objetivos de la mesa de trabajo de ambiente fue consensuar los lineamientos para la cooperaci\u00f3n y socializaci\u00f3n de medios de prevenci\u00f3n, reparaci\u00f3n y remediaci\u00f3n de pasivos e impactos ambientales, adem\u00e1s de trabajar en la delimitaci\u00f3n de zonas de miner\u00eda ilegal que se encuentran en la frontera de los pa\u00edses participantes.<\/p>\n<p style=\"text-align: justify;\">Al finalizar la primera jornada del taller, se espera contar con una propuesta andina que norme la erradicaci\u00f3n del uso del mercurio en actividades mineras, as\u00ed como el planteamiento de alternativas tecnol\u00f3gicas al uso del mercurio.<\/p>\n<p style=\"text-align: justify;\">El mi\u00e9rcoles se revisaron los da\u00f1os ambientales producidos por la actividad minera ilegal, y sus efectos sociales, econ\u00f3micos y en la salud.<\/p>\n","protected":false},"excerpt":{"rendered":"<p class=\"excerpt\">El Ministerio del Ambiente (MAE), a trav\u00e9s de su Programa de Reparaci\u00f3n Ambiental y Social (PRAS), particip\u00f3 este 4 y 5 de junio en el I Taller del \u201cComit\u00e9 Andino Contra Miner\u00eda Ilegal\u201d cuyo fin es la creaci\u00f3n de mecanismos integrales de prevenci\u00f3n y cooperaci\u00f3n para erradicar la miner\u00eda ilegal como una problem\u00e1tica que afecta a la regi\u00f3n andina. El&hellip; <a href=\"https:\/\/www.ambienteyenergia.gob.ec\/ambiente\/pras-participa-en-el-i-taller-del-comite-andino-contra-la-mineria-ilegal\/\">Read more &rarr;<\/a><\/p>\n","protected":false},"author":13,"featured_media":12251,"comment_status":"open","ping_status":"open","sticky":false,"template":"","format":"standard","meta":{"footnotes":""},"categories":[16,4],"tags":[],"class_list":["post-12247","post","type-post","status-publish","format-standard","has-post-thumbnail","hentry","category-comunicamos","category-noticias","xfolkentry"],"_links":{"self":[{"href":"https:\/\/www.ambienteyenergia.gob.ec\/ambiente\/wp-json\/wp\/v2\/posts\/12247","targetHints":{"allow":["GET"]}}],"collection":[{"href":"https:\/\/www.ambienteyenergia.gob.ec\/ambiente\/wp-json\/wp\/v2\/posts"}],"about":[{"href":"https:\/\/www.ambienteyenergia.gob.ec\/ambiente\/wp-json\/wp\/v2\/types\/post"}],"author":[{"embeddable":true,"href":"https:\/\/www.ambienteyenergia.gob.ec\/ambiente\/wp-json\/wp\/v2\/users\/13"}],"replies":[{"embeddable":true,"href":"https:\/\/www.ambienteyenergia.gob.ec\/ambiente\/wp-json\/wp\/v2\/comments?post=12247"}],"version-history":[{"count":0,"href":"https:\/\/www.ambienteyenergia.gob.ec\/ambiente\/wp-json\/wp\/v2\/posts\/12247\/revisions"}],"wp:featuredmedia":[{"embeddable":true,"href":"https:\/\/www.ambienteyenergia.gob.ec\/ambiente\/wp-json\/wp\/v2\/media\/12251"}],"wp:attachment":[{"href":"https:\/\/www.ambienteyenergia.gob.ec\/ambiente\/wp-json\/wp\/v2\/media?parent=12247"}],"wp:term":[{"taxonomy":"category","embeddable":true,"href":"https:\/\/www.ambienteyenergia.gob.ec\/ambiente\/wp-json\/wp\/v2\/categories?post=12247"},{"taxonomy":"post_tag","embeddable":true,"href":"https:\/\/www.ambienteyenergia.gob.ec\/ambiente\/wp-json\/wp\/v2\/tags?post=12247"}],"curies":[{"name":"wp","href":"https:\/\/api.w.org\/{rel}","templated":true}]}}