{"id":12244,"date":"2013-06-07T10:01:40","date_gmt":"2013-06-07T15:01:40","guid":{"rendered":"http:\/\/www.ambiente.gob.ec\/?p=12244"},"modified":"2013-06-07T10:46:35","modified_gmt":"2013-06-07T15:46:35","slug":"se-suspende-la-v-limpieza-de-fondos-marinos","status":"publish","type":"post","link":"https:\/\/www.ambienteyenergia.gob.ec\/ambiente\/se-suspende-la-v-limpieza-de-fondos-marinos\/","title":{"rendered":"Se suspende la V limpieza de fondos marinos"},"content":{"rendered":"<p style=\"text-align: justify;\">La Subsecretar\u00eda de Gesti\u00f3n Marina y Costera del Ministerio del Ambiente (MAE), organizadora de la V Limpieza de Fondos Marinos en Ayangue &#8211; Santa Elena, suspende la actividad que estaba programada para este s\u00e1bado 8 de junio, debido a las condiciones oceanogr\u00e1ficas presentes en la costa ecuatoriana.<\/p>\n<p style=\"text-align: justify;\">Reportes de fuertes oleajes por parte de los pescadores y buzos de la localidad, en los que mencionan que incluso se habr\u00edan varado embarcaciones en Ayangue, nos han hecho tomar esta decisi\u00f3n, en procura de la seguridad de los buzos voluntarios participantes, buzos del MAE, embarcaciones y tripulaci\u00f3n que se unen a esta labor.<\/p>\n<p style=\"text-align: justify;\">Aunque la limpieza de fondos marinos fue organizada con tablas de marea y aguajes facilitadas por el Instituto Oceanogr\u00e1fico de la Armada (Inocar), la naturaleza es impredecible y ha cambiado las condiciones del mar.<\/p>\n<p style=\"text-align: justify;\">La fecha de la actividad de limpieza se traslada para el s\u00e1bado 15 de junio del presente a\u00f1o, bajo las coordinaciones previamente establecidas para el manejo de grupos de buzos inscritos.<\/p>\n<p style=\"text-align: justify;\">Comunicaci\u00f3n Social<\/p>\n<p style=\"text-align: justify;\">Subsecretar\u00eda de Gesti\u00f3n Marina y Costera<\/p>\n<p style=\"text-align: justify;\">Ministerio del Ambiente.<\/p>\n<p style=\"text-align: justify;\">Telf.: 2068521 ext.: 113<\/p>\n","protected":false},"excerpt":{"rendered":"<p class=\"excerpt\">La Subsecretar\u00eda de Gesti\u00f3n Marina y Costera del Ministerio del Ambiente (MAE), organizadora de la V Limpieza de Fondos Marinos en Ayangue &#8211; Santa Elena, suspende la actividad que estaba programada para este s\u00e1bado 8 de junio, debido a las condiciones oceanogr\u00e1ficas presentes en la costa ecuatoriana. Reportes de fuertes oleajes por parte de los pescadores y buzos de la&hellip; <a href=\"https:\/\/www.ambienteyenergia.gob.ec\/ambiente\/se-suspende-la-v-limpieza-de-fondos-marinos\/\">Read more &rarr;<\/a><\/p>\n","protected":false},"author":13,"featured_media":12245,"comment_status":"open","ping_status":"open","sticky":false,"template":"","format":"standard","meta":{"footnotes":""},"categories":[16,4],"tags":[],"class_list":["post-12244","post","type-post","status-publish","format-standard","has-post-thumbnail","hentry","category-comunicamos","category-noticias","xfolkentry"],"_links":{"self":[{"href":"https:\/\/www.ambienteyenergia.gob.ec\/ambiente\/wp-json\/wp\/v2\/posts\/12244","targetHints":{"allow":["GET"]}}],"collection":[{"href":"https:\/\/www.ambienteyenergia.gob.ec\/ambiente\/wp-json\/wp\/v2\/posts"}],"about":[{"href":"https:\/\/www.ambienteyenergia.gob.ec\/ambiente\/wp-json\/wp\/v2\/types\/post"}],"author":[{"embeddable":true,"href":"https:\/\/www.ambienteyenergia.gob.ec\/ambiente\/wp-json\/wp\/v2\/users\/13"}],"replies":[{"embeddable":true,"href":"https:\/\/www.ambienteyenergia.gob.ec\/ambiente\/wp-json\/wp\/v2\/comments?post=12244"}],"version-history":[{"count":0,"href":"https:\/\/www.ambienteyenergia.gob.ec\/ambiente\/wp-json\/wp\/v2\/posts\/12244\/revisions"}],"wp:featuredmedia":[{"embeddable":true,"href":"https:\/\/www.ambienteyenergia.gob.ec\/ambiente\/wp-json\/wp\/v2\/media\/12245"}],"wp:attachment":[{"href":"https:\/\/www.ambienteyenergia.gob.ec\/ambiente\/wp-json\/wp\/v2\/media?parent=12244"}],"wp:term":[{"taxonomy":"category","embeddable":true,"href":"https:\/\/www.ambienteyenergia.gob.ec\/ambiente\/wp-json\/wp\/v2\/categories?post=12244"},{"taxonomy":"post_tag","embeddable":true,"href":"https:\/\/www.ambienteyenergia.gob.ec\/ambiente\/wp-json\/wp\/v2\/tags?post=12244"}],"curies":[{"name":"wp","href":"https:\/\/api.w.org\/{rel}","templated":true}]}}