{"id":12232,"date":"2013-06-06T21:24:34","date_gmt":"2013-06-07T02:24:34","guid":{"rendered":"http:\/\/www.ambiente.gob.ec\/?p=12232"},"modified":"2013-06-07T08:48:13","modified_gmt":"2013-06-07T13:48:13","slug":"lenia-aportara-a-la-generacion-de-bioconocimiento-en-ecuador","status":"publish","type":"post","link":"https:\/\/www.ambienteyenergia.gob.ec\/ambiente\/lenia-aportara-a-la-generacion-de-bioconocimiento-en-ecuador\/","title":{"rendered":"LENIA aportar\u00e1 a la generaci\u00f3n de bioconocimiento en Ecuador"},"content":{"rendered":"<p style=\"text-align: justify;\">Hoy, el Ministerio del Ambiente (MAE), present\u00f3 los Lineamientos Estrat\u00e9gicos Nacionales de Investigaci\u00f3n Ambiental (LENIA), documento que comprende una comparaci\u00f3n de indicadores de ciencia y tecnolog\u00eda, el avance nacional y la gesti\u00f3n que realiza esta Cartera de Estado. El evento se desarroll\u00f3 en el sal\u00f3n Amazonas del Hotel Marriott, en Quito.<\/p>\n<p style=\"text-align: justify;\">Fortalecer la generaci\u00f3n, aplicaci\u00f3n y direccionamiento de conocimiento sobre aspectos ambientales es el principal objetivo de esta investigaci\u00f3n. Su implementaci\u00f3n en el pa\u00eds constituye un evento acad\u00e9mico y t\u00e9cnico in\u00e9dito que marcar\u00e1 la hoja de ruta de la actividad ambiental aplicada en el Ecuador.<\/p>\n<p style=\"text-align: justify;\">La \u00a0Ministra del Ambiente, Lorena Tapia, afirm\u00f3 que \u201cestos lineamientos representan el compromiso de esta Cartera de Estado con el ambiente, el pa\u00eds y la comunidad. Implementarlos significa asumir con responsabilidad la tarea de hacer realidad una sociedad m\u00e1s equilibrada con el ambiente, sustentable y arm\u00f3nicamente habitable\u201d.<\/p>\n<p style=\"text-align: justify;\">Las L\u00edneas de Investigaci\u00f3n Ambiental aportar\u00e1n a la generaci\u00f3n de bioconocimiento y contribuir\u00e1n en la toma de decisiones de las autoridades permitiendo delinear pol\u00edticas p\u00fablicas y ambientales, que apunten estrat\u00e9gicamente al desarrollo sostenible y sustentable, a trav\u00e9s de\u00a0 los resultados cient\u00edficos obtenidos.<\/p>\n<p style=\"text-align: justify;\">En ese sentido, esta aplicaci\u00f3n promover\u00e1 el conocimiento y el mejoramiento de la calidad del entorno, apoyando de esta forma al desarrollo sostenible y al Buen Vivir.<\/p>\n<p style=\"text-align: justify;\">\u201cLas investigaciones impulsar\u00e1n al mejoramiento de la normativa ambiental en relaci\u00f3n a la protecci\u00f3n de especies amenazadas, vulnerables y en peligro de extinci\u00f3n y la calidad del ambiente. Por otra parte, la ciencia, empoderada con el discernimiento de nuevos conocimientos, emprender\u00e1 mecanismos en temas prioritarios como patrimonio h\u00eddrico, vulnerabilidad, adaptaci\u00f3n, desertificaci\u00f3n, degradaci\u00f3n de tierras y sequ\u00eda, soberan\u00eda alimentaria, bioseguridad y salud\u201d, ratific\u00f3 Tapia.<\/p>\n<p style=\"text-align: justify;\">El documento tambi\u00e9n contiene un detalle de los alcances, en cuanto a la organizaci\u00f3n existente a nivel nacional, para la ejecuci\u00f3n de investigaciones. Adem\u00e1s, analiza la gesti\u00f3n de investigaci\u00f3n ambiental que cumple el\u00a0 MAE por medio de la incorporaci\u00f3n de herramientas de control, regulaci\u00f3n, formaci\u00f3n de recurso humano, comunicaci\u00f3n e informaci\u00f3n.<\/p>\n<p style=\"text-align: justify;\">Finalmente, este\u00a0 incluye en la priorizaci\u00f3n de l\u00edneas de investigaci\u00f3n para el continente, islas Gal\u00e1pagos y continente ant\u00e1rtico, estas se fundamentaron en los requerimientos reales observados y analizados por el MAE y la Direcci\u00f3n Parque Nacional Gal\u00e1pagos, sistematizados en simposios, programas y talleres de trabajo coordinados intrainstitucionalmente e interinstitucionalmente.<\/p>\n<p style=\"text-align: justify;\">\u201cRecordemos que con esta herramienta podremos responder de manera directa a las principales problem\u00e1ticas y potencialidades relacionadas con la investigaci\u00f3n ambiental, a fin de garantizar la producci\u00f3n de conocimiento cient\u00edfico para el ejercicio de la gesti\u00f3n ambiental en el Ecuador de manera efectiva y, sobre todo, pensada en beneficio de las ciudadanas y ciudadanos del pa\u00eds\u201d, se\u00f1al\u00f3 la Ministra del Ambiente.<\/p>\n<p style=\"text-align: justify;\">\u00a0<a href=\"http:\/\/www.ambienteyenergia.gob.ec\/ambiente\/wp-content\/uploads\/2013\/06\/MG_6608.jpg\"><img loading=\"lazy\" decoding=\"async\" class=\"aligncenter size-full wp-image-12234\" title=\"LENIA aportar\u00e1 a la generaci\u00f3n de bioconocimiento en Ecuador\" src=\"http:\/\/www.ambienteyenergia.gob.ec\/ambiente\/wp-content\/uploads\/2013\/06\/MG_6608.jpg\" alt=\"\" width=\"650\" height=\"433\" srcset=\"https:\/\/www.ambienteyenergia.gob.ec\/ambiente\/wp-content\/uploads\/sites\/2\/2013\/06\/MG_6608.jpg 650w, https:\/\/www.ambienteyenergia.gob.ec\/ambiente\/wp-content\/uploads\/sites\/2\/2013\/06\/MG_6608-300x199.jpg 300w, https:\/\/www.ambienteyenergia.gob.ec\/ambiente\/wp-content\/uploads\/sites\/2\/2013\/06\/MG_6608-450x300.jpg 450w\" sizes=\"auto, (max-width: 650px) 100vw, 650px\" \/><\/a><\/p>\n<p style=\"text-align: justify;\">\n","protected":false},"excerpt":{"rendered":"<p class=\"excerpt\">Hoy, el Ministerio del Ambiente (MAE), present\u00f3 los Lineamientos Estrat\u00e9gicos Nacionales de Investigaci\u00f3n Ambiental (LENIA), documento que comprende una comparaci\u00f3n de indicadores de ciencia y tecnolog\u00eda, el avance nacional y la gesti\u00f3n que realiza esta Cartera de Estado. El evento se desarroll\u00f3 en el sal\u00f3n Amazonas del Hotel Marriott, en Quito. Fortalecer la generaci\u00f3n, aplicaci\u00f3n y direccionamiento de conocimiento sobre&hellip; <a href=\"https:\/\/www.ambienteyenergia.gob.ec\/ambiente\/lenia-aportara-a-la-generacion-de-bioconocimiento-en-ecuador\/\">Read more &rarr;<\/a><\/p>\n","protected":false},"author":13,"featured_media":12233,"comment_status":"open","ping_status":"open","sticky":false,"template":"","format":"standard","meta":{"footnotes":""},"categories":[16,4],"tags":[],"class_list":["post-12232","post","type-post","status-publish","format-standard","has-post-thumbnail","hentry","category-comunicamos","category-noticias","xfolkentry"],"_links":{"self":[{"href":"https:\/\/www.ambienteyenergia.gob.ec\/ambiente\/wp-json\/wp\/v2\/posts\/12232","targetHints":{"allow":["GET"]}}],"collection":[{"href":"https:\/\/www.ambienteyenergia.gob.ec\/ambiente\/wp-json\/wp\/v2\/posts"}],"about":[{"href":"https:\/\/www.ambienteyenergia.gob.ec\/ambiente\/wp-json\/wp\/v2\/types\/post"}],"author":[{"embeddable":true,"href":"https:\/\/www.ambienteyenergia.gob.ec\/ambiente\/wp-json\/wp\/v2\/users\/13"}],"replies":[{"embeddable":true,"href":"https:\/\/www.ambienteyenergia.gob.ec\/ambiente\/wp-json\/wp\/v2\/comments?post=12232"}],"version-history":[{"count":0,"href":"https:\/\/www.ambienteyenergia.gob.ec\/ambiente\/wp-json\/wp\/v2\/posts\/12232\/revisions"}],"wp:featuredmedia":[{"embeddable":true,"href":"https:\/\/www.ambienteyenergia.gob.ec\/ambiente\/wp-json\/wp\/v2\/media\/12233"}],"wp:attachment":[{"href":"https:\/\/www.ambienteyenergia.gob.ec\/ambiente\/wp-json\/wp\/v2\/media?parent=12232"}],"wp:term":[{"taxonomy":"category","embeddable":true,"href":"https:\/\/www.ambienteyenergia.gob.ec\/ambiente\/wp-json\/wp\/v2\/categories?post=12232"},{"taxonomy":"post_tag","embeddable":true,"href":"https:\/\/www.ambienteyenergia.gob.ec\/ambiente\/wp-json\/wp\/v2\/tags?post=12232"}],"curies":[{"name":"wp","href":"https:\/\/api.w.org\/{rel}","templated":true}]}}