{"id":12226,"date":"2013-06-06T14:41:28","date_gmt":"2013-06-06T19:41:28","guid":{"rendered":"http:\/\/www.ambiente.gob.ec\/?p=12226"},"modified":"2013-06-07T08:41:56","modified_gmt":"2013-06-07T13:41:56","slug":"mae-participa-en-taller-prioridades-de-la-investigacion-sobre-cambio-climatico-en-el-ecuador","status":"publish","type":"post","link":"https:\/\/www.ambienteyenergia.gob.ec\/ambiente\/mae-participa-en-taller-prioridades-de-la-investigacion-sobre-cambio-climatico-en-el-ecuador\/","title":{"rendered":"MAE participa en Taller prioridades de la investigaci\u00f3n sobre Cambio Clim\u00e1tico en el Ecuador"},"content":{"rendered":"<p style=\"text-align: justify;\">La Viceministra del Ambiente, M\u00f3nica Hidalgo, particip\u00f3 hoy en el \u201cTaller prioridades de la investigaci\u00f3n sobre Cambio Clim\u00e1tico en el Ecuador\u201d, que se desarrolla del 6 al 7 de junio, en el auditorio 3 de la Torre I, en la Pontificia Universidad Cat\u00f3lica del Ecuador (PUCE).<\/p>\n<p style=\"text-align: justify;\">El foro fue organizado por el Nodo Ecuador de la Red Andina de Universidades en Gesti\u00f3n del Riesgo y Cambio Clim\u00e1tico, del que el MAE es miembro desde el pasado 23 de febrero de 2010.<\/p>\n<p style=\"text-align: justify;\">Los temas presentados fueron decisiones pol\u00edticas y financieras: el nombre del Nodo, las relaciones con otras redes, incluida la REDU, el financiamiento de la p\u00e1gina web y la realizaci\u00f3n de un taller con los investigadores de los seis grupos de trabajo para acordar un plan de investigaci\u00f3n como aporte a la Estrategia Nacional de Cambio Clim\u00e1tico del MAE y su plan de difusi\u00f3n.<\/p>\n<p style=\"text-align: justify;\">La ponencia de la viceministra del Ambiente se enfoc\u00f3 en los Lineamientos Estrat\u00e9gicos Nacionales de Investigaci\u00f3n Ambiental (LENIA), documento que comprende una comparaci\u00f3n de indicadores de ciencia y tecnolog\u00eda, el avance nacional y la gesti\u00f3n que realiza esta Cartera de Estado. Adem\u00e1s, realiz\u00f3 una descripci\u00f3n breve de la situaci\u00f3n actual de la investigaci\u00f3n en el Ecuador.<\/p>\n<p style=\"text-align: justify;\">Las l\u00edneas de investigaci\u00f3n ambiental aportar\u00e1n a la generaci\u00f3n de bioconocimiento y contribuir\u00e1n en la toma de decisiones de las autoridades permitiendo delinear pol\u00edticas p\u00fablicas y ambientales a trav\u00e9s de los resultados cient\u00edficos obtenidos.<\/p>\n<p style=\"text-align: justify;\">\u201cLENIA quiere formar una red de investigadores que puedan compartir informaci\u00f3n y para desarrollar una cultura de investigaci\u00f3n en el pa\u00eds\u201d, ratific\u00f3 Hidalgo.<\/p>\n<p style=\"text-align: justify;\">Asimismo, expuso las estrategias de investigaci\u00f3n ambiental que son racionalizar el marco legal y las pol\u00edticas; fortalecer la organizaci\u00f3n y la coordinaci\u00f3n de las instituciones; establecer acuerdos y compromisos para la incorporaci\u00f3n ciudadana; fortalecer los mecanismos de informaci\u00f3n, comunicaci\u00f3n y difusi\u00f3n; y generar una investigaci\u00f3n basada en prioridades nacionales.<\/p>\n<div id='gallery-1' class='gallery galleryid-12226 gallery-columns-4 gallery-size-thumbnail'><dl class='gallery-item'>\n\t\t\t<dt class='gallery-icon landscape'>\n\t\t\t\t<a href='https:\/\/www.ambienteyenergia.gob.ec\/ambiente\/mae-participa-en-taller-prioridades-de-la-investigacion-sobre-cambio-climatico-en-el-ecuador\/dsc00009-2\/'><img loading=\"lazy\" decoding=\"async\" width=\"150\" height=\"150\" src=\"https:\/\/www.ambienteyenergia.gob.ec\/ambiente\/wp-content\/uploads\/sites\/2\/2013\/06\/DSC00009-150x150.jpg\" class=\"attachment-thumbnail size-thumbnail\" alt=\"\" \/><\/a>\n\t\t\t<\/dt><\/dl><dl class='gallery-item'>\n\t\t\t<dt class='gallery-icon landscape'>\n\t\t\t\t<a href='https:\/\/www.ambienteyenergia.gob.ec\/ambiente\/mae-participa-en-taller-prioridades-de-la-investigacion-sobre-cambio-climatico-en-el-ecuador\/dsc00015\/'><img loading=\"lazy\" decoding=\"async\" width=\"150\" height=\"150\" src=\"https:\/\/www.ambienteyenergia.gob.ec\/ambiente\/wp-content\/uploads\/sites\/2\/2013\/06\/DSC00015-150x150.jpg\" class=\"attachment-thumbnail size-thumbnail\" alt=\"\" \/><\/a>\n\t\t\t<\/dt><\/dl><dl class='gallery-item'>\n\t\t\t<dt class='gallery-icon landscape'>\n\t\t\t\t<a href='https:\/\/www.ambienteyenergia.gob.ec\/ambiente\/mae-participa-en-taller-prioridades-de-la-investigacion-sobre-cambio-climatico-en-el-ecuador\/dsc00021\/'><img loading=\"lazy\" decoding=\"async\" width=\"150\" height=\"150\" src=\"https:\/\/www.ambienteyenergia.gob.ec\/ambiente\/wp-content\/uploads\/sites\/2\/2013\/06\/DSC00021-150x150.jpg\" class=\"attachment-thumbnail size-thumbnail\" alt=\"\" \/><\/a>\n\t\t\t<\/dt><\/dl><dl class='gallery-item'>\n\t\t\t<dt class='gallery-icon landscape'>\n\t\t\t\t<a href='https:\/\/www.ambienteyenergia.gob.ec\/ambiente\/mae-participa-en-taller-prioridades-de-la-investigacion-sobre-cambio-climatico-en-el-ecuador\/dsc00036\/'><img loading=\"lazy\" decoding=\"async\" width=\"150\" height=\"150\" src=\"https:\/\/www.ambienteyenergia.gob.ec\/ambiente\/wp-content\/uploads\/sites\/2\/2013\/06\/DSC00036-150x150.jpg\" class=\"attachment-thumbnail size-thumbnail\" alt=\"\" \/><\/a>\n\t\t\t<\/dt><\/dl><br style=\"clear: both\" \/>\n\t\t<\/div>\n\n","protected":false},"excerpt":{"rendered":"<p class=\"excerpt\">La Viceministra del Ambiente, M\u00f3nica Hidalgo, particip\u00f3 hoy en el \u201cTaller prioridades de la investigaci\u00f3n sobre Cambio Clim\u00e1tico en el Ecuador\u201d, que se desarrolla del 6 al 7 de junio, en el auditorio 3 de la Torre I, en la Pontificia Universidad Cat\u00f3lica del Ecuador (PUCE). El foro fue organizado por el Nodo Ecuador de la Red Andina de Universidades&hellip; <a href=\"https:\/\/www.ambienteyenergia.gob.ec\/ambiente\/mae-participa-en-taller-prioridades-de-la-investigacion-sobre-cambio-climatico-en-el-ecuador\/\">Read more &rarr;<\/a><\/p>\n","protected":false},"author":13,"featured_media":12227,"comment_status":"open","ping_status":"open","sticky":false,"template":"","format":"standard","meta":{"footnotes":""},"categories":[16,4],"tags":[],"class_list":["post-12226","post","type-post","status-publish","format-standard","has-post-thumbnail","hentry","category-comunicamos","category-noticias","xfolkentry"],"_links":{"self":[{"href":"https:\/\/www.ambienteyenergia.gob.ec\/ambiente\/wp-json\/wp\/v2\/posts\/12226","targetHints":{"allow":["GET"]}}],"collection":[{"href":"https:\/\/www.ambienteyenergia.gob.ec\/ambiente\/wp-json\/wp\/v2\/posts"}],"about":[{"href":"https:\/\/www.ambienteyenergia.gob.ec\/ambiente\/wp-json\/wp\/v2\/types\/post"}],"author":[{"embeddable":true,"href":"https:\/\/www.ambienteyenergia.gob.ec\/ambiente\/wp-json\/wp\/v2\/users\/13"}],"replies":[{"embeddable":true,"href":"https:\/\/www.ambienteyenergia.gob.ec\/ambiente\/wp-json\/wp\/v2\/comments?post=12226"}],"version-history":[{"count":0,"href":"https:\/\/www.ambienteyenergia.gob.ec\/ambiente\/wp-json\/wp\/v2\/posts\/12226\/revisions"}],"wp:featuredmedia":[{"embeddable":true,"href":"https:\/\/www.ambienteyenergia.gob.ec\/ambiente\/wp-json\/wp\/v2\/media\/12227"}],"wp:attachment":[{"href":"https:\/\/www.ambienteyenergia.gob.ec\/ambiente\/wp-json\/wp\/v2\/media?parent=12226"}],"wp:term":[{"taxonomy":"category","embeddable":true,"href":"https:\/\/www.ambienteyenergia.gob.ec\/ambiente\/wp-json\/wp\/v2\/categories?post=12226"},{"taxonomy":"post_tag","embeddable":true,"href":"https:\/\/www.ambienteyenergia.gob.ec\/ambiente\/wp-json\/wp\/v2\/tags?post=12226"}],"curies":[{"name":"wp","href":"https:\/\/api.w.org\/{rel}","templated":true}]}}