{"id":12217,"date":"2013-06-06T10:53:28","date_gmt":"2013-06-06T15:53:28","guid":{"rendered":"http:\/\/www.ambiente.gob.ec\/?p=12217"},"modified":"2013-06-06T10:53:28","modified_gmt":"2013-06-06T15:53:28","slug":"foro-por-dia-mundial-del-ambiente","status":"publish","type":"post","link":"https:\/\/www.ambienteyenergia.gob.ec\/ambiente\/foro-por-dia-mundial-del-ambiente\/","title":{"rendered":"Foro por D\u00eda Mundial del Ambiente"},"content":{"rendered":"<p style=\"text-align: justify;\">Con la participaci\u00f3n de m\u00e1s de 250 personas, el Ministerio de Ambiente (MAE), en coordinaci\u00f3n con la Universidad Polit\u00e9cnica Estatal del Carchi, desarroll\u00f3 con un Foro Ambiental, en el que se trataron temas relacionados con biodiversidad de aves, cambio clim\u00e1tico, convenio RAMSAR y sostenibilidad en la conservaci\u00f3n y el nuevo enfoque del turismo, en la provincia del Carchi.<\/p>\n<p style=\"text-align: justify;\">El evento cont\u00f3 con la participaci\u00f3n de autoridades provinciales, cantonales, parroquiales, instituciones p\u00fablicas, privadas, juntas de agua, docentes y estudiantes de la Escuela de Ecoturismo de la Universidad Polit\u00e9cnica Estatal del Carchi.<\/p>\n<p style=\"text-align: justify;\">El Bi\u00f3logo Jos\u00e9 Mar\u00eda Loaiza de la Fundaci\u00f3n Altr\u00f3pico, Mar\u00eda Elena Barrag\u00e1n de la Fundaci\u00f3n Herpetol\u00f3gica Gustavo Orces, David Veintimilla de la Direcci\u00f3n Nacional de Biodiversidad y Alfredo D\u00e1vila de la Subsecretar\u00eda de Cambio Clim\u00e1tico del MAE fueron los expositores.<\/p>\n<p style=\"text-align: justify;\">Adem\u00e1s, como antesala a la realizaci\u00f3n de este foro y por la importante fecha ambiental celebrada, se llev\u00f3 a cabo la firma del Convenio Interinstitucional entre la Direcci\u00f3n Provincial del Ambiente del Carchi y la Universidad Polit\u00e9cnica Estatal del Carchi. Esto con el objetivo de Desarrollar programas y proyectos para el cuidado de los ecosistemas y el aprovechamiento de los recursos naturales en esta provincia.<\/p>\n<p style=\"text-align: justify;\">El D\u00eda Mundial del Medio Ambiente busca sensibilizar la opini\u00f3n ciudadana en relaci\u00f3n a temas ambientales. La poblaci\u00f3n mundial debe ser capaz de proporcionar un rostro humano a la problem\u00e1tica ambiental y convertirse en agentes del cambio para lograr un desarrollo sostenible y equitativo.<\/p>\n<div id='gallery-1' class='gallery galleryid-12217 gallery-columns-4 gallery-size-thumbnail'><dl class='gallery-item'>\n\t\t\t<dt class='gallery-icon landscape'>\n\t\t\t\t<a href='https:\/\/www.ambienteyenergia.gob.ec\/ambiente\/foro-por-dia-mundial-del-ambiente\/8-9\/'><img loading=\"lazy\" decoding=\"async\" width=\"150\" height=\"150\" src=\"https:\/\/www.ambienteyenergia.gob.ec\/ambiente\/wp-content\/uploads\/sites\/2\/2013\/06\/8-150x150.jpg\" class=\"attachment-thumbnail size-thumbnail\" alt=\"\" \/><\/a>\n\t\t\t<\/dt><\/dl><dl class='gallery-item'>\n\t\t\t<dt class='gallery-icon landscape'>\n\t\t\t\t<a href='https:\/\/www.ambienteyenergia.gob.ec\/ambiente\/foro-por-dia-mundial-del-ambiente\/9-9\/'><img loading=\"lazy\" decoding=\"async\" width=\"150\" height=\"150\" src=\"https:\/\/www.ambienteyenergia.gob.ec\/ambiente\/wp-content\/uploads\/sites\/2\/2013\/06\/9-150x150.jpg\" class=\"attachment-thumbnail size-thumbnail\" alt=\"\" \/><\/a>\n\t\t\t<\/dt><\/dl><dl class='gallery-item'>\n\t\t\t<dt class='gallery-icon landscape'>\n\t\t\t\t<a href='https:\/\/www.ambienteyenergia.gob.ec\/ambiente\/foro-por-dia-mundial-del-ambiente\/4-21\/'><img loading=\"lazy\" decoding=\"async\" width=\"150\" height=\"150\" src=\"https:\/\/www.ambienteyenergia.gob.ec\/ambiente\/wp-content\/uploads\/sites\/2\/2013\/06\/4-150x150.jpg\" class=\"attachment-thumbnail size-thumbnail\" alt=\"\" \/><\/a>\n\t\t\t<\/dt><\/dl><dl class='gallery-item'>\n\t\t\t<dt class='gallery-icon landscape'>\n\t\t\t\t<a href='https:\/\/www.ambienteyenergia.gob.ec\/ambiente\/foro-por-dia-mundial-del-ambiente\/2-37\/'><img loading=\"lazy\" decoding=\"async\" width=\"150\" height=\"150\" src=\"https:\/\/www.ambienteyenergia.gob.ec\/ambiente\/wp-content\/uploads\/sites\/2\/2013\/06\/2-150x150.jpg\" class=\"attachment-thumbnail size-thumbnail\" alt=\"\" \/><\/a>\n\t\t\t<\/dt><\/dl><br style=\"clear: both\" \/>\n\t\t<\/div>\n\n","protected":false},"excerpt":{"rendered":"<p class=\"excerpt\">Con la participaci\u00f3n de m\u00e1s de 250 personas, el Ministerio de Ambiente (MAE), en coordinaci\u00f3n con la Universidad Polit\u00e9cnica Estatal del Carchi, desarroll\u00f3 con un Foro Ambiental, en el que se trataron temas relacionados con biodiversidad de aves, cambio clim\u00e1tico, convenio RAMSAR y sostenibilidad en la conservaci\u00f3n y el nuevo enfoque del turismo, en la provincia del Carchi. El evento&hellip; <a href=\"https:\/\/www.ambienteyenergia.gob.ec\/ambiente\/foro-por-dia-mundial-del-ambiente\/\">Read more &rarr;<\/a><\/p>\n","protected":false},"author":13,"featured_media":12219,"comment_status":"open","ping_status":"open","sticky":false,"template":"","format":"standard","meta":{"footnotes":""},"categories":[16,4],"tags":[],"class_list":["post-12217","post","type-post","status-publish","format-standard","has-post-thumbnail","hentry","category-comunicamos","category-noticias","xfolkentry"],"_links":{"self":[{"href":"https:\/\/www.ambienteyenergia.gob.ec\/ambiente\/wp-json\/wp\/v2\/posts\/12217","targetHints":{"allow":["GET"]}}],"collection":[{"href":"https:\/\/www.ambienteyenergia.gob.ec\/ambiente\/wp-json\/wp\/v2\/posts"}],"about":[{"href":"https:\/\/www.ambienteyenergia.gob.ec\/ambiente\/wp-json\/wp\/v2\/types\/post"}],"author":[{"embeddable":true,"href":"https:\/\/www.ambienteyenergia.gob.ec\/ambiente\/wp-json\/wp\/v2\/users\/13"}],"replies":[{"embeddable":true,"href":"https:\/\/www.ambienteyenergia.gob.ec\/ambiente\/wp-json\/wp\/v2\/comments?post=12217"}],"version-history":[{"count":0,"href":"https:\/\/www.ambienteyenergia.gob.ec\/ambiente\/wp-json\/wp\/v2\/posts\/12217\/revisions"}],"wp:featuredmedia":[{"embeddable":true,"href":"https:\/\/www.ambienteyenergia.gob.ec\/ambiente\/wp-json\/wp\/v2\/media\/12219"}],"wp:attachment":[{"href":"https:\/\/www.ambienteyenergia.gob.ec\/ambiente\/wp-json\/wp\/v2\/media?parent=12217"}],"wp:term":[{"taxonomy":"category","embeddable":true,"href":"https:\/\/www.ambienteyenergia.gob.ec\/ambiente\/wp-json\/wp\/v2\/categories?post=12217"},{"taxonomy":"post_tag","embeddable":true,"href":"https:\/\/www.ambienteyenergia.gob.ec\/ambiente\/wp-json\/wp\/v2\/tags?post=12217"}],"curies":[{"name":"wp","href":"https:\/\/api.w.org\/{rel}","templated":true}]}}