{"id":12208,"date":"2013-06-06T09:44:26","date_gmt":"2013-06-06T14:44:26","guid":{"rendered":"http:\/\/www.ambiente.gob.ec\/?p=12208"},"modified":"2013-06-06T09:44:26","modified_gmt":"2013-06-06T14:44:26","slug":"exposiciones-y-concursos-de-pintura-fueron-la-tematica-del-dia-mundial-del-ambiente-en-guayaquil","status":"publish","type":"post","link":"https:\/\/www.ambienteyenergia.gob.ec\/ambiente\/exposiciones-y-concursos-de-pintura-fueron-la-tematica-del-dia-mundial-del-ambiente-en-guayaquil\/","title":{"rendered":"Exposiciones y concursos de pintura fueron la tem\u00e1tica del D\u00eda Mundial del Ambiente en Guayaquil"},"content":{"rendered":"<p style=\"text-align: justify;\">Al celebrase el D\u00eda Mundial del Ambiente el 5 de junio de cada a\u00f1o, el Ministerio del Ambiente (MAE) sensibiliza a la ciudadan\u00eda sobre la responsabilidad de cuidar el ambiente con una exposici\u00f3n y concurso de pintura que se realiz\u00f3 ayer, en la Plataforma del Museo Antropol\u00f3gico y de Arte Contempor\u00e1neo (MAAC).<\/p>\n<p style=\"text-align: justify;\">Estudiantes de los planteles educativos como el Young Living, Leticia Alvarado, Liceo Naval, Domingo Com\u00edn, Aeron\u00e1utico y p\u00fablico en general, asistieron para aprender de diferentes temas.<\/p>\n<p style=\"text-align: justify;\">En el stand de la Direcci\u00f3n Provincial del Ambiente de Guayas los t\u00e9cnicos explicaron a los ni\u00f1os, j\u00f3venes y adultos sobre el cuidado de las plantas y el tema del comercio y tr\u00e1fico ilegal de especies silvestres.<\/p>\n<p style=\"text-align: justify;\">Karina Salinas, t\u00e9cnica del MAE, obsequi\u00f3 plantas de guachapel\u00ed, cedro, palo de ajo y sam\u00e1n a los asistentes, quienes se comprometieron a cuidarlas.<\/p>\n<p style=\"text-align: justify;\">Pablo Segale, Director Provincial del Ambiente de Guayas, mencion\u00f3 que este d\u00eda es de celebraci\u00f3n para el MAE, porque la entidad trabaja los 365 d\u00edas del a\u00f1o en proteger e incentivar a la ciudadan\u00eda en el cuidado ambiental. Asimismo, asegur\u00f3 que se busca educar a la ciudadan\u00eda a trav\u00e9s de diferentes actividades y proyectos de educaci\u00f3n ambiental, que permitan cambiar la actitud de las personas frente al cuidado del planeta, que permita el buen vivir de las futuras generaciones.<\/p>\n<p style=\"text-align: justify;\">En la exposici\u00f3n de la Subsecretar\u00eda de Gesti\u00f3n Marina y Costera (SGMC) se difundi\u00f3 sobre la importancia de mantener y cuidar las \u00c1reas Protegidas Marinas y Costeras; adem\u00e1s del trabajo que se emprende junto a los pescadores, concheros y cangrejeros al otorgarles la custodia del manglar.<\/p>\n<p style=\"text-align: justify;\">\u201cEl manglar es una planta acu\u00e1tica que enriquece el ecosistema marino y es el h\u00e1bitat de cientos de especies como el cangrejo, la concha, la jaiba, diferentes tipos de aves y microorganismos\u201d, expuso Santiago Torres, t\u00e9cnico de la SGMC a los estudiantes.<\/p>\n<p style=\"text-align: justify;\">Despu\u00e9s de la exhibici\u00f3n, el t\u00e9cnico interactu\u00f3 con los estudiantes y consult\u00f3: \u00bfQu\u00e9 es el manglar?, Karla Mestanza, alumna del colegio Leticia Alvarado, levant\u00f3 la mano y respondi\u00f3: \u201cSon plantas acu\u00e1ticas que se reproducen en el lodo marino y es el h\u00e1bitat de cientos de especies. Algunas de ellas sirven para nuestra alimentaci\u00f3n\u201d, mereciendo el aplauso de los asistentes por su respuesta acertada.<\/p>\n<p style=\"text-align: justify;\">Por otro lado, el proyecto Guayaquil Ecol\u00f3gico componente Estero Saldo dilucid\u00f3 las acciones que se emprenden con la superoxigenaci\u00f3n, estudio de lodos, educaci\u00f3n ambiental de las comunidades aleda\u00f1as al estero, entre otras.<\/p>\n<p style=\"text-align: justify;\">David Pasquel, Gerente del componente Estero Salado, record\u00f3 que ha sido arduo el trabajo de ordenamiento, pero se est\u00e1 cumpliendo. Tambi\u00e9n, mencion\u00f3 que la reubicaci\u00f3n de las familias que viv\u00edan en las riberas del estero ha permitido emprender trabajos de limpieza en esas zonas para luego reforestarlas con mangle.<\/p>\n<p style=\"text-align: justify;\">Para concluir esta jornada de celebraci\u00f3n ambiental se premiaron a los ganadores del concurso de pintura con el tema\u00a0 <strong>\u201cUn verdadero ambiente sano en las playas\u201d. <\/strong>Joshua Ortega, del colegio Aeron\u00e1utico, fue nombrado como primer lugar; J\u00e9ssica Far\u00edas y Carlos Reyes, ambos del Liceo Naval, ocuparon e segundo y tercer lugar respectivamente.<\/p>\n<p style=\"text-align: justify;\">\n<strong>El dato<\/strong><\/p>\n<p style=\"text-align: justify;\">El D\u00eda Mundial del Medio Ambiente fue establecido por la Asamblea General de la Organizaci\u00f3n de Naciones Unidas (ONU), desde 1973, creando tambi\u00e9n el Programa de las Naciones Unidas para el Medio Ambiente (PNUMA), el que permite la ejecuci\u00f3n de importantes planes o programas proteccionistas en el mundo, incluso en Ecuador.<\/p>\n<div id='gallery-1' class='gallery galleryid-12208 gallery-columns-4 gallery-size-thumbnail'><dl class='gallery-item'>\n\t\t\t<dt class='gallery-icon landscape'>\n\t\t\t\t<a href='https:\/\/www.ambienteyenergia.gob.ec\/ambiente\/exposiciones-y-concursos-de-pintura-fueron-la-tematica-del-dia-mundial-del-ambiente-en-guayaquil\/ganadores-del-concurso\/'><img loading=\"lazy\" decoding=\"async\" width=\"150\" height=\"150\" src=\"https:\/\/www.ambienteyenergia.gob.ec\/ambiente\/wp-content\/uploads\/sites\/2\/2013\/06\/GANADORES-DEL-CONCURSO-150x150.jpg\" class=\"attachment-thumbnail size-thumbnail\" alt=\"\" \/><\/a>\n\t\t\t<\/dt><\/dl><dl class='gallery-item'>\n\t\t\t<dt class='gallery-icon landscape'>\n\t\t\t\t<a href='https:\/\/www.ambienteyenergia.gob.ec\/ambiente\/exposiciones-y-concursos-de-pintura-fueron-la-tematica-del-dia-mundial-del-ambiente-en-guayaquil\/img_5040\/'><img loading=\"lazy\" decoding=\"async\" width=\"150\" height=\"150\" src=\"https:\/\/www.ambienteyenergia.gob.ec\/ambiente\/wp-content\/uploads\/sites\/2\/2013\/06\/IMG_5040-150x150.jpg\" class=\"attachment-thumbnail size-thumbnail\" alt=\"\" \/><\/a>\n\t\t\t<\/dt><\/dl><dl class='gallery-item'>\n\t\t\t<dt class='gallery-icon landscape'>\n\t\t\t\t<a href='https:\/\/www.ambienteyenergia.gob.ec\/ambiente\/exposiciones-y-concursos-de-pintura-fueron-la-tematica-del-dia-mundial-del-ambiente-en-guayaquil\/img_5062\/'><img loading=\"lazy\" decoding=\"async\" width=\"150\" height=\"150\" src=\"https:\/\/www.ambienteyenergia.gob.ec\/ambiente\/wp-content\/uploads\/sites\/2\/2013\/06\/IMG_5062-150x150.jpg\" class=\"attachment-thumbnail size-thumbnail\" alt=\"\" \/><\/a>\n\t\t\t<\/dt><\/dl><dl class='gallery-item'>\n\t\t\t<dt class='gallery-icon portrait'>\n\t\t\t\t<a href='https:\/\/www.ambienteyenergia.gob.ec\/ambiente\/exposiciones-y-concursos-de-pintura-fueron-la-tematica-del-dia-mundial-del-ambiente-en-guayaquil\/img_5067\/'><img loading=\"lazy\" decoding=\"async\" width=\"150\" height=\"150\" src=\"https:\/\/www.ambienteyenergia.gob.ec\/ambiente\/wp-content\/uploads\/sites\/2\/2013\/06\/IMG_5067-150x150.jpg\" class=\"attachment-thumbnail size-thumbnail\" alt=\"\" \/><\/a>\n\t\t\t<\/dt><\/dl><br style=\"clear: both\" \/><dl class='gallery-item'>\n\t\t\t<dt class='gallery-icon landscape'>\n\t\t\t\t<a href='https:\/\/www.ambienteyenergia.gob.ec\/ambiente\/exposiciones-y-concursos-de-pintura-fueron-la-tematica-del-dia-mundial-del-ambiente-en-guayaquil\/img_5071\/'><img loading=\"lazy\" decoding=\"async\" width=\"150\" height=\"150\" src=\"https:\/\/www.ambienteyenergia.gob.ec\/ambiente\/wp-content\/uploads\/sites\/2\/2013\/06\/IMG_5071-150x150.jpg\" class=\"attachment-thumbnail size-thumbnail\" alt=\"\" \/><\/a>\n\t\t\t<\/dt><\/dl><dl class='gallery-item'>\n\t\t\t<dt class='gallery-icon landscape'>\n\t\t\t\t<a href='https:\/\/www.ambienteyenergia.gob.ec\/ambiente\/exposiciones-y-concursos-de-pintura-fueron-la-tematica-del-dia-mundial-del-ambiente-en-guayaquil\/img_5075\/'><img loading=\"lazy\" decoding=\"async\" width=\"150\" height=\"150\" src=\"https:\/\/www.ambienteyenergia.gob.ec\/ambiente\/wp-content\/uploads\/sites\/2\/2013\/06\/IMG_5075-150x150.jpg\" class=\"attachment-thumbnail size-thumbnail\" alt=\"\" \/><\/a>\n\t\t\t<\/dt><\/dl><dl class='gallery-item'>\n\t\t\t<dt class='gallery-icon landscape'>\n\t\t\t\t<a href='https:\/\/www.ambienteyenergia.gob.ec\/ambiente\/exposiciones-y-concursos-de-pintura-fueron-la-tematica-del-dia-mundial-del-ambiente-en-guayaquil\/img_5052\/'><img loading=\"lazy\" decoding=\"async\" width=\"150\" height=\"150\" src=\"https:\/\/www.ambienteyenergia.gob.ec\/ambiente\/wp-content\/uploads\/sites\/2\/2013\/06\/IMG_5052-150x150.jpg\" class=\"attachment-thumbnail size-thumbnail\" alt=\"\" \/><\/a>\n\t\t\t<\/dt><\/dl>\n\t\t\t<br style='clear: both' \/>\n\t\t<\/div>\n\n<p>&nbsp;<\/p>\n","protected":false},"excerpt":{"rendered":"<p class=\"excerpt\">Al celebrase el D\u00eda Mundial del Ambiente el 5 de junio de cada a\u00f1o, el Ministerio del Ambiente (MAE) sensibiliza a la ciudadan\u00eda sobre la responsabilidad de cuidar el ambiente con una exposici\u00f3n y concurso de pintura que se realiz\u00f3 ayer, en la Plataforma del Museo Antropol\u00f3gico y de Arte Contempor\u00e1neo (MAAC). Estudiantes de los planteles educativos como el Young&hellip; <a href=\"https:\/\/www.ambienteyenergia.gob.ec\/ambiente\/exposiciones-y-concursos-de-pintura-fueron-la-tematica-del-dia-mundial-del-ambiente-en-guayaquil\/\">Read more &rarr;<\/a><\/p>\n","protected":false},"author":13,"featured_media":12209,"comment_status":"open","ping_status":"open","sticky":false,"template":"","format":"standard","meta":{"footnotes":""},"categories":[16,4],"tags":[],"class_list":["post-12208","post","type-post","status-publish","format-standard","has-post-thumbnail","hentry","category-comunicamos","category-noticias","xfolkentry"],"_links":{"self":[{"href":"https:\/\/www.ambienteyenergia.gob.ec\/ambiente\/wp-json\/wp\/v2\/posts\/12208","targetHints":{"allow":["GET"]}}],"collection":[{"href":"https:\/\/www.ambienteyenergia.gob.ec\/ambiente\/wp-json\/wp\/v2\/posts"}],"about":[{"href":"https:\/\/www.ambienteyenergia.gob.ec\/ambiente\/wp-json\/wp\/v2\/types\/post"}],"author":[{"embeddable":true,"href":"https:\/\/www.ambienteyenergia.gob.ec\/ambiente\/wp-json\/wp\/v2\/users\/13"}],"replies":[{"embeddable":true,"href":"https:\/\/www.ambienteyenergia.gob.ec\/ambiente\/wp-json\/wp\/v2\/comments?post=12208"}],"version-history":[{"count":0,"href":"https:\/\/www.ambienteyenergia.gob.ec\/ambiente\/wp-json\/wp\/v2\/posts\/12208\/revisions"}],"wp:featuredmedia":[{"embeddable":true,"href":"https:\/\/www.ambienteyenergia.gob.ec\/ambiente\/wp-json\/wp\/v2\/media\/12209"}],"wp:attachment":[{"href":"https:\/\/www.ambienteyenergia.gob.ec\/ambiente\/wp-json\/wp\/v2\/media?parent=12208"}],"wp:term":[{"taxonomy":"category","embeddable":true,"href":"https:\/\/www.ambienteyenergia.gob.ec\/ambiente\/wp-json\/wp\/v2\/categories?post=12208"},{"taxonomy":"post_tag","embeddable":true,"href":"https:\/\/www.ambienteyenergia.gob.ec\/ambiente\/wp-json\/wp\/v2\/tags?post=12208"}],"curies":[{"name":"wp","href":"https:\/\/api.w.org\/{rel}","templated":true}]}}