{"id":12200,"date":"2013-06-06T00:46:00","date_gmt":"2013-06-06T05:46:00","guid":{"rendered":"http:\/\/www.ambiente.gob.ec\/?p=12200"},"modified":"2013-06-06T00:46:00","modified_gmt":"2013-06-06T05:46:00","slug":"ministra-del-ambiente-sobrevolo-para-constatar-nivel-de-afectacion-por-derrame","status":"publish","type":"post","link":"https:\/\/www.ambienteyenergia.gob.ec\/ambiente\/ministra-del-ambiente-sobrevolo-para-constatar-nivel-de-afectacion-por-derrame\/","title":{"rendered":"Ministra del Ambiente sobrevol\u00f3 para constatar nivel de afectaci\u00f3n por derrame"},"content":{"rendered":"<p style=\"text-align: justify;\">Hoy, la Ministra del Ambiente, Lorena Tapia realiz\u00f3 un sobrevuelo por los r\u00edos Coca y Napo para constatar el nivel de afectaci\u00f3n causado por el derrame de crudo ocurrido el pasado 31 de mayo, en el sector de la parroquia El Reventado, provincia de Sucumb\u00edos.<\/p>\n<p style=\"text-align: justify;\">A las 15:00, la M\u00e1xima Autoridad Ambiental, el gerente de EP Petroecuador, Marco Calvopi\u00f1a, t\u00e9cnicos, bi\u00f3logos y jefes de \u00c1reas Protegidas del Ministerio del Ambiente (MAE) salieron rumbo a la estaci\u00f3n San Rafael del Proyecto Coca Codo Sinclair, donde mantuvieron una reuni\u00f3n con autoridades de instituciones relacionadas con el incidente y con representantes de la zonas afectadas.<\/p>\n<p style=\"text-align: justify;\">En el lugar, los integrantes del COE de Sucumb\u00edos, Manuel Ram\u00edrez, alcalde del cant\u00f3n Gonzalo Pizarro; Olger Gallo, presiente de la junta parroquial de Gonzalo Pizarro; Rolando Velez, presiente de la junta parroquial de El Reventado; y Miguel Saltos, vicealcalde de Shushufindi, expusieron las inquietudes y requerimientos de sus respectivos sectores. De la misma manera, el MAE inform\u00f3 sobre acciones y solicitudes hechas a EP Petroecuador.<\/p>\n<p style=\"text-align: justify;\">Luego, se continu\u00f3 con el sobrevuelo hasta las 18:00 hora en la que el grupo regres\u00f3 al Batall\u00f3n militar Napo para luego presentar los resultados preliminares del recorrido en una rueda de prensa realizada en el COE de la provincia de Orellana.<\/p>\n<p style=\"text-align: justify;\">\u00abMi presencia aqu\u00ed marca definitivamente el compromiso del Gobierno de responder frente al derrame ocurrido, tanto en factores ambientales como sociales. Empezamos con un sobrevuelo y una\u00a0 reuni\u00f3n con el COE de Sucumb\u00edos. Las ventajas de ello fueron que la ciudadan\u00eda afectada pudo expresarse y exponer sus requerimientos con relaci\u00f3n al nivel de respuesta por parte de EP Petroecuador y de las dem\u00e1s instituciones competentes\u00bb, inform\u00f3 Tapia.<\/p>\n<p style=\"text-align: justify;\">Adem\u00e1s, comunic\u00f3 que el sobrevuelo permiti\u00f3 \u00a0levantar informaci\u00f3n que complement\u00f3 lo que se tuvo apenas ocurrido el derrame. \u00abLo que hemos podido observar es la presencia del hidrocarburo disperso, con diferente intensidad, a lo largo de los r\u00edos Coca y Napo. Es decir, hay zonas en las que se pueden ver crudo y en otras en las que se evidencian los resultados del trabajo realizado\u00bb.<\/p>\n<p style=\"text-align: justify;\">Los datos obtenidos este d\u00eda permitir\u00e1n hacer un informe detallado de los aspecto t\u00e9cnicos que desde el punto de vista ambiental, se denomina evaluaci\u00f3n ecol\u00f3gica r\u00e1pida.<\/p>\n<p style=\"text-align: justify;\">\n<p style=\"text-align: justify;\"><strong>\u00c1reas Protegidas libres de contaminaci\u00f3n<\/strong><\/p>\n<p style=\"text-align: justify;\">\u00abHemos comprobado que no existe contaminaci\u00f3n en las \u00c1reas Protegidas del Parque Nacional Yasun\u00ed y la Reserva de Bi\u00f3sfera Sumaco. Lo cual es un excelente noticia. De ese manera, aclaramos aseveraciones vertidas en d\u00edas anteriores, las que afirmaban que el hidrocarburo hab\u00eda llegado a estas zonas\u00bb, explic\u00f3 la M\u00e1xima Autoridad Ambiental.<\/p>\n<p style=\"text-align: justify;\"><strong>Contaminaci\u00f3n en Per\u00fa<\/strong><\/p>\n<p style=\"text-align: justify;\">\u00abLo que podemos decir, y que ha sido ratificado por el Ministro del Ambiente peruano, es que la afectaci\u00f3n\u00a0 puede verse, existe presencia de crudo, pero el nivel de afectaci\u00f3n solo se conocer\u00e1 cuando se tengan resultados de los an\u00e1lisis de muestras de la zona que ser\u00e1n levantadas por los dos pa\u00edses\u00bb, explic\u00f3 Tapia<\/p>\n<p style=\"text-align: justify;\">Adem\u00e1s, extendi\u00f3 las disculpas respectivas a Per\u00fa. \u00abQuiero expresar las disculpas del Gobierno ecuatoriano por este derrame y el compromiso firme de hacer frente al impacto ambiental y social que pueda ocurrir en el vecino pa\u00eds, con toda la transparencia\u00bb.<\/p>\n<p style=\"text-align: justify;\"><strong>Resultados con la Comunidad<\/strong><\/p>\n<p style=\"text-align: justify;\">El MAE est\u00e1 liderando la coordinaci\u00f3n del aparato estatal para buscar soluciones. Por tanto, solicit\u00f3 que la Secretar\u00eda de Riesgos, en funci\u00f3n de la topograf\u00eda de la zona actu\u00e9, de manera emergente, evaluando los riesgos potenciales, considerando que la raz\u00f3n del derrame fue un derrumbe por causa natural.<\/p>\n<p style=\"text-align: justify;\">Asimismo, Tapia pidi\u00f3 que el Ministerio de Salud activen un proceso de monitoreo de la zona de afectaci\u00f3n. \u00abEs importante que articulemos informaci\u00f3n que sea difundida a la comunidad para que sepan que estamos tomando acciones para garantizar su salud\u00bb.<\/p>\n<p style=\"text-align: justify;\">A trav\u00e9s de Ministerio de Recursos Naturales No Renovables, El MAE requiri\u00f3 que Petroamazonas y Repsol se active un proceso de supervisi\u00f3n con respecto a la mancha de crudo en el sitio donde las dos compa\u00f1\u00edas tienen bloques en operaci\u00f3n. \u00bb Mientras m\u00e1s acciones se tomen, los niveles de respuesta ser\u00e1n \u00f3ptimos\u00bb.<\/p>\n<p style=\"text-align: justify;\">La Ministra del Ambiente inform\u00f3 tambi\u00e9n que se levanta informaci\u00f3n para el c\u00e1lculo de compensaciones en el evento que esas se produzcan. \u00abExiste una normativa clara, es decir, unos lineamientos que genera una pol\u00edtica p\u00fablica clara para responder a las comunidades afectadas. Este es un proceso participativo, social que llevaremos a cabo juntos. Ma\u00f1ana trabajaremos con una asamblea en la zona de El Reventador. Deben saber que el estado est\u00e1 respondiendo de manera integral con todos sus actores\u00bb.<\/p>\n<div id='gallery-1' class='gallery galleryid-12200 gallery-columns-4 gallery-size-thumbnail'><dl class='gallery-item'>\n\t\t\t<dt class='gallery-icon landscape'>\n\t\t\t\t<a href='https:\/\/www.ambienteyenergia.gob.ec\/ambiente\/ministra-del-ambiente-sobrevolo-para-constatar-nivel-de-afectacion-por-derrame\/_mg_6202\/'><img loading=\"lazy\" decoding=\"async\" width=\"150\" height=\"150\" src=\"https:\/\/www.ambienteyenergia.gob.ec\/ambiente\/wp-content\/uploads\/sites\/2\/2013\/06\/MG_6202-150x150.jpg\" class=\"attachment-thumbnail size-thumbnail\" alt=\"\" \/><\/a>\n\t\t\t<\/dt><\/dl><dl class='gallery-item'>\n\t\t\t<dt class='gallery-icon landscape'>\n\t\t\t\t<a href='https:\/\/www.ambienteyenergia.gob.ec\/ambiente\/ministra-del-ambiente-sobrevolo-para-constatar-nivel-de-afectacion-por-derrame\/_mg_6353\/'><img loading=\"lazy\" decoding=\"async\" width=\"150\" height=\"150\" src=\"https:\/\/www.ambienteyenergia.gob.ec\/ambiente\/wp-content\/uploads\/sites\/2\/2013\/06\/MG_6353-150x150.jpg\" class=\"attachment-thumbnail size-thumbnail\" alt=\"\" \/><\/a>\n\t\t\t<\/dt><\/dl><dl class='gallery-item'>\n\t\t\t<dt class='gallery-icon landscape'>\n\t\t\t\t<a href='https:\/\/www.ambienteyenergia.gob.ec\/ambiente\/ministra-del-ambiente-sobrevolo-para-constatar-nivel-de-afectacion-por-derrame\/_mg_6403\/'><img loading=\"lazy\" decoding=\"async\" width=\"150\" height=\"150\" src=\"https:\/\/www.ambienteyenergia.gob.ec\/ambiente\/wp-content\/uploads\/sites\/2\/2013\/06\/MG_6403-150x150.jpg\" class=\"attachment-thumbnail size-thumbnail\" alt=\"\" \/><\/a>\n\t\t\t<\/dt><\/dl><dl class='gallery-item'>\n\t\t\t<dt class='gallery-icon landscape'>\n\t\t\t\t<a href='https:\/\/www.ambienteyenergia.gob.ec\/ambiente\/ministra-del-ambiente-sobrevolo-para-constatar-nivel-de-afectacion-por-derrame\/_mg_6517\/'><img loading=\"lazy\" decoding=\"async\" width=\"150\" height=\"150\" src=\"https:\/\/www.ambienteyenergia.gob.ec\/ambiente\/wp-content\/uploads\/sites\/2\/2013\/06\/MG_6517-150x150.jpg\" class=\"attachment-thumbnail size-thumbnail\" alt=\"\" \/><\/a>\n\t\t\t<\/dt><\/dl><br style=\"clear: both\" \/><dl class='gallery-item'>\n\t\t\t<dt class='gallery-icon landscape'>\n\t\t\t\t<a href='https:\/\/www.ambienteyenergia.gob.ec\/ambiente\/ministra-del-ambiente-sobrevolo-para-constatar-nivel-de-afectacion-por-derrame\/_mg_6524\/'><img loading=\"lazy\" decoding=\"async\" width=\"150\" height=\"150\" src=\"https:\/\/www.ambienteyenergia.gob.ec\/ambiente\/wp-content\/uploads\/sites\/2\/2013\/06\/MG_6524-150x150.jpg\" class=\"attachment-thumbnail size-thumbnail\" alt=\"\" \/><\/a>\n\t\t\t<\/dt><\/dl><dl class='gallery-item'>\n\t\t\t<dt class='gallery-icon landscape'>\n\t\t\t\t<a href='https:\/\/www.ambienteyenergia.gob.ec\/ambiente\/ministra-del-ambiente-sobrevolo-para-constatar-nivel-de-afectacion-por-derrame\/_mg_6551\/'><img loading=\"lazy\" decoding=\"async\" width=\"150\" height=\"150\" src=\"https:\/\/www.ambienteyenergia.gob.ec\/ambiente\/wp-content\/uploads\/sites\/2\/2013\/06\/MG_6551-150x150.jpg\" class=\"attachment-thumbnail size-thumbnail\" alt=\"\" \/><\/a>\n\t\t\t<\/dt><\/dl>\n\t\t\t<br style='clear: both' \/>\n\t\t<\/div>\n\n<p>&nbsp;<\/p>\n<p>&nbsp;<\/p>\n<p style=\"text-align: justify;\">\n","protected":false},"excerpt":{"rendered":"<p class=\"excerpt\">Hoy, la Ministra del Ambiente, Lorena Tapia realiz\u00f3 un sobrevuelo por los r\u00edos Coca y Napo para constatar el nivel de afectaci\u00f3n causado por el derrame de crudo ocurrido el pasado 31 de mayo, en el sector de la parroquia El Reventado, provincia de Sucumb\u00edos. A las 15:00, la M\u00e1xima Autoridad Ambiental, el gerente de EP Petroecuador, Marco Calvopi\u00f1a, t\u00e9cnicos,&hellip; <a href=\"https:\/\/www.ambienteyenergia.gob.ec\/ambiente\/ministra-del-ambiente-sobrevolo-para-constatar-nivel-de-afectacion-por-derrame\/\">Read more &rarr;<\/a><\/p>\n","protected":false},"author":13,"featured_media":12206,"comment_status":"open","ping_status":"open","sticky":false,"template":"","format":"standard","meta":{"footnotes":""},"categories":[16,4],"tags":[],"class_list":["post-12200","post","type-post","status-publish","format-standard","has-post-thumbnail","hentry","category-comunicamos","category-noticias","xfolkentry"],"_links":{"self":[{"href":"https:\/\/www.ambienteyenergia.gob.ec\/ambiente\/wp-json\/wp\/v2\/posts\/12200","targetHints":{"allow":["GET"]}}],"collection":[{"href":"https:\/\/www.ambienteyenergia.gob.ec\/ambiente\/wp-json\/wp\/v2\/posts"}],"about":[{"href":"https:\/\/www.ambienteyenergia.gob.ec\/ambiente\/wp-json\/wp\/v2\/types\/post"}],"author":[{"embeddable":true,"href":"https:\/\/www.ambienteyenergia.gob.ec\/ambiente\/wp-json\/wp\/v2\/users\/13"}],"replies":[{"embeddable":true,"href":"https:\/\/www.ambienteyenergia.gob.ec\/ambiente\/wp-json\/wp\/v2\/comments?post=12200"}],"version-history":[{"count":0,"href":"https:\/\/www.ambienteyenergia.gob.ec\/ambiente\/wp-json\/wp\/v2\/posts\/12200\/revisions"}],"wp:featuredmedia":[{"embeddable":true,"href":"https:\/\/www.ambienteyenergia.gob.ec\/ambiente\/wp-json\/wp\/v2\/media\/12206"}],"wp:attachment":[{"href":"https:\/\/www.ambienteyenergia.gob.ec\/ambiente\/wp-json\/wp\/v2\/media?parent=12200"}],"wp:term":[{"taxonomy":"category","embeddable":true,"href":"https:\/\/www.ambienteyenergia.gob.ec\/ambiente\/wp-json\/wp\/v2\/categories?post=12200"},{"taxonomy":"post_tag","embeddable":true,"href":"https:\/\/www.ambienteyenergia.gob.ec\/ambiente\/wp-json\/wp\/v2\/tags?post=12200"}],"curies":[{"name":"wp","href":"https:\/\/api.w.org\/{rel}","templated":true}]}}