{"id":12184,"date":"2013-06-05T15:14:52","date_gmt":"2013-06-05T20:14:52","guid":{"rendered":"http:\/\/www.ambiente.gob.ec\/?p=12184"},"modified":"2013-06-05T15:14:52","modified_gmt":"2013-06-05T20:14:52","slug":"alrededor-de-500-ninos-marcharon-por-el-dia-mundial-del-ambiente","status":"publish","type":"post","link":"https:\/\/www.ambienteyenergia.gob.ec\/ambiente\/alrededor-de-500-ninos-marcharon-por-el-dia-mundial-del-ambiente\/","title":{"rendered":"Alrededor de 500 ni\u00f1os marcharon por el D\u00eda Mundial del Ambiente"},"content":{"rendered":"<p style=\"text-align: justify;\">Hoy, desde las 9:30, alrededor de 500 ni\u00f1os de diferentes instituciones educativas protagonizaron la\u00a0 Marcha y Circo \u201cGuardianes del Planeta\u201d como una manera simb\u00f3lica de pedir respeto por la biodiversidad y su derecho a vivir en un entorno saludable. Ello, en conmemoraci\u00f3n del D\u00eda Mundial del Ambiente, declarado por la Asamblea General de Naciones Unidas, en 1973.<\/p>\n<p style=\"text-align: justify;\">El evento organizado por el Ministerio del Ambiente (MAE), inici\u00f3 en el sector de la calle R\u00edo Cofanes y finaliz\u00f3 en el Parque Bicentenario con un show l\u00fadico-educativo dedicado a los ni\u00f1os. El objetivo fue concienciar a la ciudadan\u00eda sobre el cuidado ambiental, los recursos naturales y la responsabilidad de sus acciones en el futuro del planeta.<\/p>\n<p style=\"text-align: justify;\">Los peque\u00f1os \u00abGuardianes del Planeta\u00bb caminaron acompa\u00f1ados por la M\u00e1xima Autoridad Ambiental, Lorena Tapia, quien encabez\u00f3 el recorrido. Los 40 minutos de caminata estuvieron animados por el sonidos de los tambores de grupo Chulla Samba y la Banda de Paz de la Academia Militar Saulo.<\/p>\n<p style=\"text-align: justify;\">Para Nicol L\u00f3pez de 10 a\u00f1os, esta marcha es importante porque a trav\u00e9s de ella se puede exigir a los adultos que cuiden el planeta, nuestro hogar.<\/p>\n<p style=\"text-align: justify;\">Adem\u00e1s de la marcha, el evento incluy\u00f3 un Circo ambiental en que los ni\u00f1os aprendieron sobre la importancia de cuidar la naturaleza y todos los seres que habitan en ella. En ese lugar, la Ministra del Ambiente agradeci\u00f3 la participaci\u00f3n de los ni\u00f1os y su compromiso en el cuidado de la naturaleza.<\/p>\n<p style=\"text-align: justify;\">\u00abTodos ustedes ni\u00f1os \u00a0y ni\u00f1as que llenan de sue\u00f1os a este pa\u00eds. Con esperanza e ilusi\u00f3n marcharon en esta jornada para defender su derecho fundamental de vivir en un ambiente saludable, a mirar a cada una de las especies de plantas y animales que conforman los ecosistemas de nuestro peque\u00f1o ecuador mega diverso. Ustedes queridos \u00abGuardines del Planeta\u00bb dan una muestra de su compromiso. Desde su tierna edad nos ense\u00f1an que el ser humano no debe concebirse de manera independiente, sino que es parte de la inmensidad de la naturaleza. Desde su inocencia han visto m\u00e1s all\u00e1 de lo que como adultos percibimos y nos dicen que todos los seres vivos tienen derecho a desarrollarse en entera libertad y garant\u00eda\u00bb, expres\u00f3 Tapia.<\/p>\n<p style=\"text-align: justify;\">El MAE como principal Autoridad Ambiental promueve la participaci\u00f3n de la ciudadan\u00eda en la conservaci\u00f3n y preservaci\u00f3n del planeta y sus recursos, fomentando la educaci\u00f3n ambiental en las ni\u00f1as y ni\u00f1os, como un eje de acci\u00f3n primordial. Es necesario legar a las futuras generaciones un planeta limpio y sin contaminaci\u00f3n, un planeta sano.<\/p>\n<div id='gallery-1' class='gallery galleryid-12184 gallery-columns-4 gallery-size-thumbnail'><dl class='gallery-item'>\n\t\t\t<dt class='gallery-icon landscape'>\n\t\t\t\t<a href='https:\/\/www.ambienteyenergia.gob.ec\/ambiente\/alrededor-de-500-ninos-marcharon-por-el-dia-mundial-del-ambiente\/_mg_5798\/'><img loading=\"lazy\" decoding=\"async\" width=\"150\" height=\"150\" src=\"https:\/\/www.ambienteyenergia.gob.ec\/ambiente\/wp-content\/uploads\/sites\/2\/2013\/06\/MG_5798-150x150.jpg\" class=\"attachment-thumbnail size-thumbnail\" alt=\"\" \/><\/a>\n\t\t\t<\/dt><\/dl><dl class='gallery-item'>\n\t\t\t<dt class='gallery-icon landscape'>\n\t\t\t\t<a href='https:\/\/www.ambienteyenergia.gob.ec\/ambiente\/alrededor-de-500-ninos-marcharon-por-el-dia-mundial-del-ambiente\/_mg_5817\/'><img loading=\"lazy\" decoding=\"async\" width=\"150\" height=\"150\" src=\"https:\/\/www.ambienteyenergia.gob.ec\/ambiente\/wp-content\/uploads\/sites\/2\/2013\/06\/MG_5817-150x150.jpg\" class=\"attachment-thumbnail size-thumbnail\" alt=\"\" \/><\/a>\n\t\t\t<\/dt><\/dl><dl class='gallery-item'>\n\t\t\t<dt class='gallery-icon landscape'>\n\t\t\t\t<a href='https:\/\/www.ambienteyenergia.gob.ec\/ambiente\/alrededor-de-500-ninos-marcharon-por-el-dia-mundial-del-ambiente\/_mg_5847\/'><img loading=\"lazy\" decoding=\"async\" width=\"150\" height=\"150\" src=\"https:\/\/www.ambienteyenergia.gob.ec\/ambiente\/wp-content\/uploads\/sites\/2\/2013\/06\/MG_5847-150x150.jpg\" class=\"attachment-thumbnail size-thumbnail\" alt=\"\" \/><\/a>\n\t\t\t<\/dt><\/dl><dl class='gallery-item'>\n\t\t\t<dt class='gallery-icon landscape'>\n\t\t\t\t<a href='https:\/\/www.ambienteyenergia.gob.ec\/ambiente\/alrededor-de-500-ninos-marcharon-por-el-dia-mundial-del-ambiente\/_mg_5873\/'><img loading=\"lazy\" decoding=\"async\" width=\"150\" height=\"150\" src=\"https:\/\/www.ambienteyenergia.gob.ec\/ambiente\/wp-content\/uploads\/sites\/2\/2013\/06\/MG_5873-150x150.jpg\" class=\"attachment-thumbnail size-thumbnail\" alt=\"\" \/><\/a>\n\t\t\t<\/dt><\/dl><br style=\"clear: both\" \/><dl class='gallery-item'>\n\t\t\t<dt class='gallery-icon landscape'>\n\t\t\t\t<a href='https:\/\/www.ambienteyenergia.gob.ec\/ambiente\/alrededor-de-500-ninos-marcharon-por-el-dia-mundial-del-ambiente\/_mg_5891\/'><img loading=\"lazy\" decoding=\"async\" width=\"150\" height=\"150\" src=\"https:\/\/www.ambienteyenergia.gob.ec\/ambiente\/wp-content\/uploads\/sites\/2\/2013\/06\/MG_5891-150x150.jpg\" class=\"attachment-thumbnail size-thumbnail\" alt=\"\" \/><\/a>\n\t\t\t<\/dt><\/dl><dl class='gallery-item'>\n\t\t\t<dt class='gallery-icon landscape'>\n\t\t\t\t<a href='https:\/\/www.ambienteyenergia.gob.ec\/ambiente\/alrededor-de-500-ninos-marcharon-por-el-dia-mundial-del-ambiente\/_mg_5914\/'><img loading=\"lazy\" decoding=\"async\" width=\"150\" height=\"150\" src=\"https:\/\/www.ambienteyenergia.gob.ec\/ambiente\/wp-content\/uploads\/sites\/2\/2013\/06\/MG_5914-150x150.jpg\" class=\"attachment-thumbnail size-thumbnail\" alt=\"\" \/><\/a>\n\t\t\t<\/dt><\/dl><dl class='gallery-item'>\n\t\t\t<dt class='gallery-icon portrait'>\n\t\t\t\t<a href='https:\/\/www.ambienteyenergia.gob.ec\/ambiente\/alrededor-de-500-ninos-marcharon-por-el-dia-mundial-del-ambiente\/_mg_5923\/'><img loading=\"lazy\" decoding=\"async\" width=\"150\" height=\"150\" src=\"https:\/\/www.ambienteyenergia.gob.ec\/ambiente\/wp-content\/uploads\/sites\/2\/2013\/06\/MG_5923-150x150.jpg\" class=\"attachment-thumbnail size-thumbnail\" alt=\"\" \/><\/a>\n\t\t\t<\/dt><\/dl><dl class='gallery-item'>\n\t\t\t<dt class='gallery-icon landscape'>\n\t\t\t\t<a href='https:\/\/www.ambienteyenergia.gob.ec\/ambiente\/alrededor-de-500-ninos-marcharon-por-el-dia-mundial-del-ambiente\/_mg_5963\/'><img loading=\"lazy\" decoding=\"async\" width=\"150\" height=\"150\" src=\"https:\/\/www.ambienteyenergia.gob.ec\/ambiente\/wp-content\/uploads\/sites\/2\/2013\/06\/MG_5963-150x150.jpg\" class=\"attachment-thumbnail size-thumbnail\" alt=\"\" \/><\/a>\n\t\t\t<\/dt><\/dl><br style=\"clear: both\" \/><dl class='gallery-item'>\n\t\t\t<dt class='gallery-icon landscape'>\n\t\t\t\t<a href='https:\/\/www.ambienteyenergia.gob.ec\/ambiente\/alrededor-de-500-ninos-marcharon-por-el-dia-mundial-del-ambiente\/_mg_5982\/'><img loading=\"lazy\" decoding=\"async\" width=\"150\" height=\"150\" src=\"https:\/\/www.ambienteyenergia.gob.ec\/ambiente\/wp-content\/uploads\/sites\/2\/2013\/06\/MG_5982-150x150.jpg\" class=\"attachment-thumbnail size-thumbnail\" alt=\"\" \/><\/a>\n\t\t\t<\/dt><\/dl><dl class='gallery-item'>\n\t\t\t<dt class='gallery-icon landscape'>\n\t\t\t\t<a href='https:\/\/www.ambienteyenergia.gob.ec\/ambiente\/alrededor-de-500-ninos-marcharon-por-el-dia-mundial-del-ambiente\/_mg_6021\/'><img loading=\"lazy\" decoding=\"async\" width=\"150\" height=\"150\" src=\"https:\/\/www.ambienteyenergia.gob.ec\/ambiente\/wp-content\/uploads\/sites\/2\/2013\/06\/MG_6021-150x150.jpg\" class=\"attachment-thumbnail size-thumbnail\" alt=\"\" \/><\/a>\n\t\t\t<\/dt><\/dl><dl class='gallery-item'>\n\t\t\t<dt class='gallery-icon landscape'>\n\t\t\t\t<a href='https:\/\/www.ambienteyenergia.gob.ec\/ambiente\/alrededor-de-500-ninos-marcharon-por-el-dia-mundial-del-ambiente\/_mg_6048\/'><img loading=\"lazy\" decoding=\"async\" width=\"150\" height=\"150\" src=\"https:\/\/www.ambienteyenergia.gob.ec\/ambiente\/wp-content\/uploads\/sites\/2\/2013\/06\/MG_6048-150x150.jpg\" class=\"attachment-thumbnail size-thumbnail\" alt=\"\" \/><\/a>\n\t\t\t<\/dt><\/dl><dl class='gallery-item'>\n\t\t\t<dt class='gallery-icon landscape'>\n\t\t\t\t<a href='https:\/\/www.ambienteyenergia.gob.ec\/ambiente\/alrededor-de-500-ninos-marcharon-por-el-dia-mundial-del-ambiente\/_mg_6137\/'><img loading=\"lazy\" decoding=\"async\" width=\"150\" height=\"150\" src=\"https:\/\/www.ambienteyenergia.gob.ec\/ambiente\/wp-content\/uploads\/sites\/2\/2013\/06\/MG_6137-150x150.jpg\" class=\"attachment-thumbnail size-thumbnail\" alt=\"\" \/><\/a>\n\t\t\t<\/dt><\/dl><br style=\"clear: both\" \/><dl class='gallery-item'>\n\t\t\t<dt class='gallery-icon landscape'>\n\t\t\t\t<a href='https:\/\/www.ambienteyenergia.gob.ec\/ambiente\/alrededor-de-500-ninos-marcharon-por-el-dia-mundial-del-ambiente\/_mg_6164\/'><img loading=\"lazy\" decoding=\"async\" width=\"150\" height=\"150\" src=\"https:\/\/www.ambienteyenergia.gob.ec\/ambiente\/wp-content\/uploads\/sites\/2\/2013\/06\/MG_6164-150x150.jpg\" class=\"attachment-thumbnail size-thumbnail\" alt=\"\" \/><\/a>\n\t\t\t<\/dt><\/dl><dl class='gallery-item'>\n\t\t\t<dt class='gallery-icon landscape'>\n\t\t\t\t<a href='https:\/\/www.ambienteyenergia.gob.ec\/ambiente\/alrededor-de-500-ninos-marcharon-por-el-dia-mundial-del-ambiente\/_mg_6195\/'><img loading=\"lazy\" decoding=\"async\" width=\"150\" height=\"150\" src=\"https:\/\/www.ambienteyenergia.gob.ec\/ambiente\/wp-content\/uploads\/sites\/2\/2013\/06\/MG_6195-150x150.jpg\" class=\"attachment-thumbnail size-thumbnail\" alt=\"\" \/><\/a>\n\t\t\t<\/dt><\/dl>\n\t\t\t<br style='clear: both' \/>\n\t\t<\/div>\n\n","protected":false},"excerpt":{"rendered":"<p class=\"excerpt\">Hoy, desde las 9:30, alrededor de 500 ni\u00f1os de diferentes instituciones educativas protagonizaron la\u00a0 Marcha y Circo \u201cGuardianes del Planeta\u201d como una manera simb\u00f3lica de pedir respeto por la biodiversidad y su derecho a vivir en un entorno saludable. Ello, en conmemoraci\u00f3n del D\u00eda Mundial del Ambiente, declarado por la Asamblea General de Naciones Unidas, en 1973. El evento organizado&hellip; <a href=\"https:\/\/www.ambienteyenergia.gob.ec\/ambiente\/alrededor-de-500-ninos-marcharon-por-el-dia-mundial-del-ambiente\/\">Read more &rarr;<\/a><\/p>\n","protected":false},"author":13,"featured_media":12198,"comment_status":"open","ping_status":"open","sticky":false,"template":"","format":"standard","meta":{"footnotes":""},"categories":[16,4],"tags":[],"class_list":["post-12184","post","type-post","status-publish","format-standard","has-post-thumbnail","hentry","category-comunicamos","category-noticias","xfolkentry"],"_links":{"self":[{"href":"https:\/\/www.ambienteyenergia.gob.ec\/ambiente\/wp-json\/wp\/v2\/posts\/12184","targetHints":{"allow":["GET"]}}],"collection":[{"href":"https:\/\/www.ambienteyenergia.gob.ec\/ambiente\/wp-json\/wp\/v2\/posts"}],"about":[{"href":"https:\/\/www.ambienteyenergia.gob.ec\/ambiente\/wp-json\/wp\/v2\/types\/post"}],"author":[{"embeddable":true,"href":"https:\/\/www.ambienteyenergia.gob.ec\/ambiente\/wp-json\/wp\/v2\/users\/13"}],"replies":[{"embeddable":true,"href":"https:\/\/www.ambienteyenergia.gob.ec\/ambiente\/wp-json\/wp\/v2\/comments?post=12184"}],"version-history":[{"count":0,"href":"https:\/\/www.ambienteyenergia.gob.ec\/ambiente\/wp-json\/wp\/v2\/posts\/12184\/revisions"}],"wp:featuredmedia":[{"embeddable":true,"href":"https:\/\/www.ambienteyenergia.gob.ec\/ambiente\/wp-json\/wp\/v2\/media\/12198"}],"wp:attachment":[{"href":"https:\/\/www.ambienteyenergia.gob.ec\/ambiente\/wp-json\/wp\/v2\/media?parent=12184"}],"wp:term":[{"taxonomy":"category","embeddable":true,"href":"https:\/\/www.ambienteyenergia.gob.ec\/ambiente\/wp-json\/wp\/v2\/categories?post=12184"},{"taxonomy":"post_tag","embeddable":true,"href":"https:\/\/www.ambienteyenergia.gob.ec\/ambiente\/wp-json\/wp\/v2\/tags?post=12184"}],"curies":[{"name":"wp","href":"https:\/\/api.w.org\/{rel}","templated":true}]}}