{"id":12171,"date":"2013-06-04T16:52:47","date_gmt":"2013-06-04T21:52:47","guid":{"rendered":"http:\/\/www.ambiente.gob.ec\/?p=12171"},"modified":"2013-06-04T16:52:47","modified_gmt":"2013-06-04T21:52:47","slug":"mae-rescata-a-dos-lobos-en-bolivar","status":"publish","type":"post","link":"https:\/\/www.ambienteyenergia.gob.ec\/ambiente\/mae-rescata-a-dos-lobos-en-bolivar\/","title":{"rendered":"MAE rescata a dos lobos en Bol\u00edvar"},"content":{"rendered":"<p align=\"JUSTIFY\"><span style=\"font-family: Times,serif;\"><span style=\"font-size: medium;\">El pasado viernes 31 de mayo, el Ministerio del Ambiente (MAE) realiz\u00f3 un operativo de control de vida silvestre en el que rescat\u00f3 a dos lobos (<\/span><\/span><span style=\"color: #000000;\"><span style=\"font-family: Times,serif;\"><span style=\"font-size: medium;\">Lycalopex culpaens<\/span><\/span><\/span><span style=\"font-family: Times,serif;\"><span style=\"font-size: medium;\">), en una comunidad ubicada en la parroquia Simiatug del cant\u00f3n Guaranda, provincia Bol\u00edvar.<\/span><\/span><\/p>\n<p align=\"JUSTIFY\"><span style=\"font-family: Times,serif;\"><span style=\"font-size: medium;\">Funcionarios de esta Cartera de Estado, se movilizaron de inmediato al lugar para realizar el decomiso. <\/span><\/span><\/p>\n<p align=\"JUSTIFY\"><span style=\"font-family: Times,serif;\"><span style=\"font-size: medium;\">Los ejemplares fueron trasladados a un centro de rescate en la provincia del Azuay, en donde ser\u00e1n examinados y puestos en cuarentena para identificar si pueden ser o no devueltos a su h\u00e1bitat natural.<\/span><\/span><\/p>\n<p align=\"JUSTIFY\"><span style=\"font-family: Times,serif;\"><span style=\"font-size: medium;\">El lobo es un animal es muy parecido a un perro en sus h\u00e1bitos, son mon\u00f3gamos y su pelaje abundante es una mezcla de tonos grises, amarillentos y rojizos. Sus orejas son muy grandes y tambi\u00e9n su cola, se encuentra activo en las primeras horas de la ma\u00f1ana y las \u00faltimas de la tarde. Se alimenta de peque\u00f1os vertebrados, insectos, frutas y carne muerta.<\/span><\/span><\/p>\n<p align=\"JUSTIFY\"><span style=\"font-family: Times,serif;\"><span style=\"font-size: medium;\">Estos animales son cazados desde peque\u00f1os para tenerlos de mascotas o para utilizar su pelaje en artesan\u00edas. <\/span><\/span><\/p>\n<p align=\"JUSTIFY\"><span style=\"font-family: Times,serif;\"><span style=\"font-size: medium;\">El MAE como principal autoridad ambiental hace un llamado a la ciudadan\u00eda para que no comercialice fauna silvestre y denuncie a las personas que tengan animales en cautiverio al <\/span><\/span><span style=\"font-family: Times,serif;\"><span style=\"font-size: medium;\">1800<\/span><\/span><span style=\"font-family: Times,serif;\"><span style=\"font-size: medium;\"><em>&#8211;<\/em><\/span><\/span><span style=\"font-family: Times,serif;\"><span style=\"font-size: medium;\">AMBIENTE<\/span><\/span><span style=\"font-family: Times,serif;\"><span style=\"font-size: medium;\"> (262436).<\/span><\/span><\/p>\n<p align=\"JUSTIFY\"><a href=\"http:\/\/www.ambienteyenergia.gob.ec\/ambiente\/wp-content\/uploads\/2013\/06\/Decomiso-lobos-4.jpg\"><img loading=\"lazy\" decoding=\"async\" class=\"aligncenter size-full wp-image-12173\" title=\"Decomiso lobos 4\" src=\"http:\/\/www.ambienteyenergia.gob.ec\/ambiente\/wp-content\/uploads\/2013\/06\/Decomiso-lobos-4.jpg\" alt=\"\" width=\"640\" height=\"480\" srcset=\"https:\/\/www.ambienteyenergia.gob.ec\/ambiente\/wp-content\/uploads\/sites\/2\/2013\/06\/Decomiso-lobos-4.jpg 640w, https:\/\/www.ambienteyenergia.gob.ec\/ambiente\/wp-content\/uploads\/sites\/2\/2013\/06\/Decomiso-lobos-4-300x225.jpg 300w, https:\/\/www.ambienteyenergia.gob.ec\/ambiente\/wp-content\/uploads\/sites\/2\/2013\/06\/Decomiso-lobos-4-400x300.jpg 400w\" sizes=\"auto, (max-width: 640px) 100vw, 640px\" \/><\/a><\/p>\n","protected":false},"excerpt":{"rendered":"<p class=\"excerpt\">El pasado viernes 31 de mayo, el Ministerio del Ambiente (MAE) realiz\u00f3 un operativo de control de vida silvestre en el que rescat\u00f3 a dos lobos (Lycalopex culpaens), en una comunidad ubicada en la parroquia Simiatug del cant\u00f3n Guaranda, provincia Bol\u00edvar. Funcionarios de esta Cartera de Estado, se movilizaron de inmediato al lugar para realizar el decomiso. Los ejemplares fueron&hellip; <a href=\"https:\/\/www.ambienteyenergia.gob.ec\/ambiente\/mae-rescata-a-dos-lobos-en-bolivar\/\">Read more &rarr;<\/a><\/p>\n","protected":false},"author":13,"featured_media":12172,"comment_status":"open","ping_status":"open","sticky":false,"template":"","format":"standard","meta":{"footnotes":""},"categories":[16,4],"tags":[],"class_list":["post-12171","post","type-post","status-publish","format-standard","has-post-thumbnail","hentry","category-comunicamos","category-noticias","xfolkentry"],"_links":{"self":[{"href":"https:\/\/www.ambienteyenergia.gob.ec\/ambiente\/wp-json\/wp\/v2\/posts\/12171","targetHints":{"allow":["GET"]}}],"collection":[{"href":"https:\/\/www.ambienteyenergia.gob.ec\/ambiente\/wp-json\/wp\/v2\/posts"}],"about":[{"href":"https:\/\/www.ambienteyenergia.gob.ec\/ambiente\/wp-json\/wp\/v2\/types\/post"}],"author":[{"embeddable":true,"href":"https:\/\/www.ambienteyenergia.gob.ec\/ambiente\/wp-json\/wp\/v2\/users\/13"}],"replies":[{"embeddable":true,"href":"https:\/\/www.ambienteyenergia.gob.ec\/ambiente\/wp-json\/wp\/v2\/comments?post=12171"}],"version-history":[{"count":0,"href":"https:\/\/www.ambienteyenergia.gob.ec\/ambiente\/wp-json\/wp\/v2\/posts\/12171\/revisions"}],"wp:featuredmedia":[{"embeddable":true,"href":"https:\/\/www.ambienteyenergia.gob.ec\/ambiente\/wp-json\/wp\/v2\/media\/12172"}],"wp:attachment":[{"href":"https:\/\/www.ambienteyenergia.gob.ec\/ambiente\/wp-json\/wp\/v2\/media?parent=12171"}],"wp:term":[{"taxonomy":"category","embeddable":true,"href":"https:\/\/www.ambienteyenergia.gob.ec\/ambiente\/wp-json\/wp\/v2\/categories?post=12171"},{"taxonomy":"post_tag","embeddable":true,"href":"https:\/\/www.ambienteyenergia.gob.ec\/ambiente\/wp-json\/wp\/v2\/tags?post=12171"}],"curies":[{"name":"wp","href":"https:\/\/api.w.org\/{rel}","templated":true}]}}