{"id":12162,"date":"2013-06-04T14:44:51","date_gmt":"2013-06-04T19:44:51","guid":{"rendered":"http:\/\/www.ambiente.gob.ec\/?p=12162"},"modified":"2013-06-04T14:45:07","modified_gmt":"2013-06-04T19:45:07","slug":"programa-de-educacion-ambiental-inicio-en-refugio-de-vida-silvestre-islas-corazon-y-fragatas","status":"publish","type":"post","link":"https:\/\/www.ambienteyenergia.gob.ec\/ambiente\/programa-de-educacion-ambiental-inicio-en-refugio-de-vida-silvestre-islas-corazon-y-fragatas\/","title":{"rendered":"Programa de Educaci\u00f3n Ambiental inici\u00f3 en Refugio de Vida Silvestre Islas coraz\u00f3n y fragatas"},"content":{"rendered":"<p style=\"text-align: justify;\">Cientos de estudiantes de cuatro cantones de la provincia de Manab\u00ed se capacitar\u00e1n con la obra de t\u00edteres \u00abLa Isla Encantada\u00bb, del Programa de Educaci\u00f3n Ambiental que se impartir\u00e1 en el Refugio de Vida Silvestre Isla Coraz\u00f3n y Fragatas.<\/p>\n<p>El acto inaugural inici\u00f3 ayer con la participaci\u00f3n de los alumnos de los centros educativos Sucre, San Vicente, Chone y Tosagua. Al evento tambi\u00e9n asistieron autoridades locales y j\u00f3venes del Servicio Civil Ciudadano, quienes realizaron la obra educativa.<\/p>\n<p style=\"text-align: justify;\">\u00abLa Isla Encantada\u00bb, como se titula la obra, ense\u00f1ar\u00e1 a los educandos sobre la vida en el manglar y los efectos de la contaminaci\u00f3n a causa de la basura.<\/p>\n<p style=\"text-align: justify;\">Este ecosistema prev\u00e9 los recursos naturales para la subsistencia alimentaria y econ\u00f3mica, es el h\u00e1bitat de moluscos, crust\u00e1ceos, peces, aves, mangle y otras especies que permiten el ciclo normal de la naturaleza.<\/p>\n<p style=\"text-align: justify;\"><strong>Minga<\/strong><\/p>\n<p style=\"text-align: justify;\">Con el apoyo de los Municipios de Sucre y de San Vicente, del Cuerpo de Bomberos de San Vicente, Capitan\u00eda de Puerto de Bah\u00eda de Car\u00e1quez, Gu\u00edas Naturalista, Escuela Sucre Mieles \u2013 Portovelo, Servicio Civil Ciudadano, Eco Club Fanny de Baird, Subsecretar\u00eda de Gesti\u00f3n Marina Costera y comunidad en general, el pasado 31 de mayo, se retiraron 1 320 libras de basura de la Isla Coraz\u00f3n.<\/p>\n<p>Entre los desperdicios recogidos durante la jornada, extra\u00f1amente destac\u00f3 la recolecci\u00f3n de 3 012 focos.<\/p>\n<p style=\"text-align: justify;\">Mayra Vera, responsable del \u00c1rea Protegida Marina y Costera, explic\u00f3 que esta gran minga se realiza cada a\u00f1o al finalizar la \u00e9poca invernal, para retirar la basura que se acumula en el estuario y baja desde la cuenca alta.<\/p>\n<p style=\"text-align: justify;\">Este tipo de actividades permite evidenciar la problem\u00e1tica que genera la basura en el estuario y sus alrededores, vinculando a la comunidad con la protecci\u00f3n del \u00e1rea protegida.<\/p>\n<p style=\"text-align: justify;\"><strong>El dato<\/strong><\/p>\n<p style=\"text-align: justify;\">En el 2013 se espera capacitar a 2 000 estudiantes de 30 centros educativos (4 cantones) de la provincia de Manab\u00ed.<\/p>\n<p style=\"text-align: justify;\"><a href=\"http:\/\/www.ambienteyenergia.gob.ec\/ambiente\/wp-content\/uploads\/2013\/06\/IMG_5400.jpg\"><img loading=\"lazy\" decoding=\"async\" class=\"aligncenter size-full wp-image-12164\" title=\"Programa de Educaci\u00f3n Ambiental inici\u00f3 en Refugio de Vida Silvestre Islas coraz\u00f3n y fragatas\" src=\"http:\/\/www.ambienteyenergia.gob.ec\/ambiente\/wp-content\/uploads\/2013\/06\/IMG_5400.jpg\" alt=\"\" width=\"640\" height=\"480\" srcset=\"https:\/\/www.ambienteyenergia.gob.ec\/ambiente\/wp-content\/uploads\/sites\/2\/2013\/06\/IMG_5400.jpg 640w, https:\/\/www.ambienteyenergia.gob.ec\/ambiente\/wp-content\/uploads\/sites\/2\/2013\/06\/IMG_5400-300x225.jpg 300w, https:\/\/www.ambienteyenergia.gob.ec\/ambiente\/wp-content\/uploads\/sites\/2\/2013\/06\/IMG_5400-400x300.jpg 400w\" sizes=\"auto, (max-width: 640px) 100vw, 640px\" \/><\/a><a href=\"http:\/\/www.ambienteyenergia.gob.ec\/ambiente\/wp-content\/uploads\/2013\/06\/DSC01516.jpg\"><img loading=\"lazy\" decoding=\"async\" class=\"aligncenter size-full wp-image-12163\" title=\"Programa de Educaci\u00f3n Ambiental inici\u00f3 en Refugio de Vida Silvestre Islas coraz\u00f3n y fragatas\" src=\"http:\/\/www.ambienteyenergia.gob.ec\/ambiente\/wp-content\/uploads\/2013\/06\/DSC01516.jpg\" alt=\"\" width=\"640\" height=\"480\" srcset=\"https:\/\/www.ambienteyenergia.gob.ec\/ambiente\/wp-content\/uploads\/sites\/2\/2013\/06\/DSC01516.jpg 640w, https:\/\/www.ambienteyenergia.gob.ec\/ambiente\/wp-content\/uploads\/sites\/2\/2013\/06\/DSC01516-300x225.jpg 300w, https:\/\/www.ambienteyenergia.gob.ec\/ambiente\/wp-content\/uploads\/sites\/2\/2013\/06\/DSC01516-400x300.jpg 400w\" sizes=\"auto, (max-width: 640px) 100vw, 640px\" \/><\/a><\/p>\n","protected":false},"excerpt":{"rendered":"<p class=\"excerpt\">Cientos de estudiantes de cuatro cantones de la provincia de Manab\u00ed se capacitar\u00e1n con la obra de t\u00edteres \u00abLa Isla Encantada\u00bb, del Programa de Educaci\u00f3n Ambiental que se impartir\u00e1 en el Refugio de Vida Silvestre Isla Coraz\u00f3n y Fragatas. El acto inaugural inici\u00f3 ayer con la participaci\u00f3n de los alumnos de los centros educativos Sucre, San Vicente, Chone y Tosagua.&hellip; <a href=\"https:\/\/www.ambienteyenergia.gob.ec\/ambiente\/programa-de-educacion-ambiental-inicio-en-refugio-de-vida-silvestre-islas-corazon-y-fragatas\/\">Read more &rarr;<\/a><\/p>\n","protected":false},"author":13,"featured_media":12165,"comment_status":"open","ping_status":"open","sticky":false,"template":"","format":"standard","meta":{"footnotes":""},"categories":[16,4,1],"tags":[],"class_list":["post-12162","post","type-post","status-publish","format-standard","has-post-thumbnail","hentry","category-comunicamos","category-noticias","category-sin-categoria","xfolkentry"],"_links":{"self":[{"href":"https:\/\/www.ambienteyenergia.gob.ec\/ambiente\/wp-json\/wp\/v2\/posts\/12162","targetHints":{"allow":["GET"]}}],"collection":[{"href":"https:\/\/www.ambienteyenergia.gob.ec\/ambiente\/wp-json\/wp\/v2\/posts"}],"about":[{"href":"https:\/\/www.ambienteyenergia.gob.ec\/ambiente\/wp-json\/wp\/v2\/types\/post"}],"author":[{"embeddable":true,"href":"https:\/\/www.ambienteyenergia.gob.ec\/ambiente\/wp-json\/wp\/v2\/users\/13"}],"replies":[{"embeddable":true,"href":"https:\/\/www.ambienteyenergia.gob.ec\/ambiente\/wp-json\/wp\/v2\/comments?post=12162"}],"version-history":[{"count":0,"href":"https:\/\/www.ambienteyenergia.gob.ec\/ambiente\/wp-json\/wp\/v2\/posts\/12162\/revisions"}],"wp:featuredmedia":[{"embeddable":true,"href":"https:\/\/www.ambienteyenergia.gob.ec\/ambiente\/wp-json\/wp\/v2\/media\/12165"}],"wp:attachment":[{"href":"https:\/\/www.ambienteyenergia.gob.ec\/ambiente\/wp-json\/wp\/v2\/media?parent=12162"}],"wp:term":[{"taxonomy":"category","embeddable":true,"href":"https:\/\/www.ambienteyenergia.gob.ec\/ambiente\/wp-json\/wp\/v2\/categories?post=12162"},{"taxonomy":"post_tag","embeddable":true,"href":"https:\/\/www.ambienteyenergia.gob.ec\/ambiente\/wp-json\/wp\/v2\/tags?post=12162"}],"curies":[{"name":"wp","href":"https:\/\/api.w.org\/{rel}","templated":true}]}}