{"id":12142,"date":"2013-06-04T11:07:19","date_gmt":"2013-06-04T16:07:19","guid":{"rendered":"http:\/\/www.ambiente.gob.ec\/?p=12142"},"modified":"2013-06-04T11:07:19","modified_gmt":"2013-06-04T16:07:19","slug":"calculadora-de-huella-ecologica-busca-reducir-los-patrones-de-consumo","status":"publish","type":"post","link":"https:\/\/www.ambienteyenergia.gob.ec\/ambiente\/calculadora-de-huella-ecologica-busca-reducir-los-patrones-de-consumo\/","title":{"rendered":"Calculadora de Huella Ecol\u00f3gica busca reducir los patrones de consumo"},"content":{"rendered":"<p style=\"text-align: justify;\">De acuerdo a los \u00faltimos datos calculados, la Huella Ecol\u00f3gica del Ecuador ha superado su biocapacidad. Esto significa que la sociedad ecuatoriana est\u00e1 demandando una cantidad de recursos superior a la que la naturaleza puede regenerar.<\/p>\n<p style=\"text-align: justify;\">Tomando en cuenta esta situaci\u00f3n, el Ministerio del Ambiente (MAE) ha pensado en generar acciones concretas para revertir este comportamiento y reducir la Huella Ecol\u00f3gica del pa\u00eds, a trav\u00e9s de una campa\u00f1a de informaci\u00f3n y concienciaci\u00f3n.<\/p>\n<p style=\"text-align: justify;\">El MAE est\u00e1 trabajando en una campa\u00f1a integral de educaci\u00f3n ambiental que permita a la ciudadan\u00eda conocer el concepto Huella Ecol\u00f3gica (HE) y las repercusiones de los patrones de consumo sobre el medio ambiente. Como parte de la misma, se ha generado una <strong>calculadora personal de Huella, <\/strong>que es una herramienta clave para la difusi\u00f3n y concientizaci\u00f3n.<\/p>\n<p style=\"text-align: justify;\"><strong>Calculadora de Huella Ecol\u00f3gica<\/strong><\/p>\n<p style=\"text-align: justify;\">La calculadora personal de Huella Ecol\u00f3gica permite a los ciudadanos discernir de manera clara cu\u00e1ntos planetas se necesitar\u00edan para soportar el estilo de vida de cada persona y qu\u00e9 tipo de consumo es m\u00e1s agresivo con el medio ambiente, entre otros factores. Adem\u00e1s, se presentan consejos pr\u00e1cticos para reducir la Huella, los cuales incluyen informaci\u00f3n cuantitativa de hasta qu\u00e9 punto podemos contribuir a un aprovechamiento m\u00e1s sustentable de los recursos.<\/p>\n<p style=\"text-align: justify;\">El objetivo es de esta herramienta inform\u00e1tica es socializar entre la poblaci\u00f3n, el concepto de HE y la relaci\u00f3n entre patrones de consumo y presi\u00f3n sobre el medio ambiente que tienen las actividades humanas.<\/p>\n<p style=\"text-align: justify;\"><strong>\u00bfQu\u00e9 es Huella Ecol\u00f3gica?<\/strong><\/p>\n<p style=\"text-align: justify;\">La Huella Ecol\u00f3gica es un indicador ambiental que analiza la presi\u00f3n que los seres humanos generan sobre el medio ambiente, en base a los recursos naturales que utilizan para satisfacer sus patrones de consumo. Este indicador permite comparar los recursos existentes en la tierra frente a lo que la sociedad demanda.<\/p>\n<p style=\"text-align: justify;\">La HE puede reducirse a trav\u00e9s de la elecci\u00f3n de alternativas m\u00e1s sustentables, por ejemplo preferir transporte p\u00fablico a transporte privado, reducir el consumo de productos de origen animal, utilizar focos ahorradores, evitar la compra de envases desechables y utilizar papel reciclado.<\/p>\n<p style=\"text-align: justify;\">El MAE no solamente busca a trav\u00e9s de este tipo de herramientas posicionar la problem\u00e1tica existente, sino tambi\u00e9n darle al ciudadano consejos pr\u00e1cticos para reducir su Huella y obtener un estilo de vida m\u00e1s amigable con el medio ambiente<\/p>\n<p style=\"text-align: justify;\"><strong>Cifras importantes<\/strong><\/p>\n<ul style=\"text-align: justify;\">\n<li>Se ha calculado que si todos los habitantes del mundo vivieran como un ecuatoriano promedio, se requerir\u00edan de 1,3 planetas para sustentar su nivel de consumo.\n<ul>\n<li>La Huella Ecol\u00f3gica del Ecuador per c\u00e1pita es de <strong>2,30 hect\u00e1reas globales<\/strong><\/li>\n<li>La Biocapacidad del Ecuador per c\u00e1pita: <strong>2,16 hect\u00e1reas globales<\/strong><\/li>\n<li>Relaci\u00f3n Huella Ecol\u00f3gica vs. Biocapacidad del Ecuador: <strong>1,06 hect\u00e1reas globales<\/strong><\/li>\n<\/ul>\n<\/li>\n<\/ul>\n<p style=\"text-align: justify;\">\n","protected":false},"excerpt":{"rendered":"<p class=\"excerpt\">De acuerdo a los \u00faltimos datos calculados, la Huella Ecol\u00f3gica del Ecuador ha superado su biocapacidad. Esto significa que la sociedad ecuatoriana est\u00e1 demandando una cantidad de recursos superior a la que la naturaleza puede regenerar. Tomando en cuenta esta situaci\u00f3n, el Ministerio del Ambiente (MAE) ha pensado en generar acciones concretas para revertir este comportamiento y reducir la Huella&hellip; <a href=\"https:\/\/www.ambienteyenergia.gob.ec\/ambiente\/calculadora-de-huella-ecologica-busca-reducir-los-patrones-de-consumo\/\">Read more &rarr;<\/a><\/p>\n","protected":false},"author":13,"featured_media":12143,"comment_status":"open","ping_status":"open","sticky":false,"template":"","format":"standard","meta":{"footnotes":""},"categories":[16,4],"tags":[],"class_list":["post-12142","post","type-post","status-publish","format-standard","has-post-thumbnail","hentry","category-comunicamos","category-noticias","xfolkentry"],"_links":{"self":[{"href":"https:\/\/www.ambienteyenergia.gob.ec\/ambiente\/wp-json\/wp\/v2\/posts\/12142","targetHints":{"allow":["GET"]}}],"collection":[{"href":"https:\/\/www.ambienteyenergia.gob.ec\/ambiente\/wp-json\/wp\/v2\/posts"}],"about":[{"href":"https:\/\/www.ambienteyenergia.gob.ec\/ambiente\/wp-json\/wp\/v2\/types\/post"}],"author":[{"embeddable":true,"href":"https:\/\/www.ambienteyenergia.gob.ec\/ambiente\/wp-json\/wp\/v2\/users\/13"}],"replies":[{"embeddable":true,"href":"https:\/\/www.ambienteyenergia.gob.ec\/ambiente\/wp-json\/wp\/v2\/comments?post=12142"}],"version-history":[{"count":0,"href":"https:\/\/www.ambienteyenergia.gob.ec\/ambiente\/wp-json\/wp\/v2\/posts\/12142\/revisions"}],"wp:featuredmedia":[{"embeddable":true,"href":"https:\/\/www.ambienteyenergia.gob.ec\/ambiente\/wp-json\/wp\/v2\/media\/12143"}],"wp:attachment":[{"href":"https:\/\/www.ambienteyenergia.gob.ec\/ambiente\/wp-json\/wp\/v2\/media?parent=12142"}],"wp:term":[{"taxonomy":"category","embeddable":true,"href":"https:\/\/www.ambienteyenergia.gob.ec\/ambiente\/wp-json\/wp\/v2\/categories?post=12142"},{"taxonomy":"post_tag","embeddable":true,"href":"https:\/\/www.ambienteyenergia.gob.ec\/ambiente\/wp-json\/wp\/v2\/tags?post=12142"}],"curies":[{"name":"wp","href":"https:\/\/api.w.org\/{rel}","templated":true}]}}