{"id":12104,"date":"2013-06-03T19:55:02","date_gmt":"2013-06-04T00:55:02","guid":{"rendered":"http:\/\/www.ambiente.gob.ec\/?p=12104"},"modified":"2013-06-04T11:14:39","modified_gmt":"2013-06-04T16:14:39","slug":"semana-del-ambiente-un-llamada-de-responsabilidad-ambiental","status":"publish","type":"post","link":"https:\/\/www.ambienteyenergia.gob.ec\/ambiente\/semana-del-ambiente-un-llamada-de-responsabilidad-ambiental\/","title":{"rendered":"Semana del Ambiente, un llamado de responsabilidad ambiental"},"content":{"rendered":"<p style=\"text-align: justify;\">La presentaci\u00f3n del programa \u00abMAE transparente, la calculadora de la Huella Ecol\u00f3gica, el documento LENIA (Lineamientos Estrat\u00e9gicos Nacionales de Investigaci\u00f3n Ambiental) y \u00a0la Marcha y circo \u201cGuardianes del Planeta\u201d, con alrededor de 500 ni\u00f1os, son las actividades que se realizar\u00e1n durante esta semana al conmemorarse el 5 de junio, \u00a0D\u00eda del Ambiente, seg\u00fan fue establecido por la Asamblea General de Naciones Unidas desde 1973.<\/p>\n<p style=\"text-align: justify;\">Hoy, en rueda de prensa, la Ministra del Ambiente, Lorena Tapia, dio inform\u00f3 sobre estos eventos. \u00abMAE transparente es una herramienta automatizada que tiene como objetivo registrar cualquier duda, queja o sugerencia que la ciudadan\u00eda tenga con respecto a los procesos que gestiona el Ministerio del Ambiente (MAE). Este registro lo podr\u00e1n realizar a trav\u00e9s de un link que se encontrar\u00e1 disponible en la web del MAE.<\/p>\n<p style=\"text-align: justify;\">Asimismo, explic\u00f3 que desde ma\u00f1ana, se pondr\u00e1 a disposici\u00f3n de la ciudadan\u00eda el mecanismo inform\u00e1tico Calculadora de la Huella Ecol\u00f3gica con el objetivo de \u00a0socializar entre la poblaci\u00f3n el concepto de Huella Ecol\u00f3gica y la relaci\u00f3n entre patrones de consumo y presi\u00f3n sobre el medio ambiente. De acuerdo con los \u00faltimos datos, la Huella Ecol\u00f3gica del Ecuador ha superado su biocapacidad. Esto significa que la sociedad ecuatoriana est\u00e1 demandando una cantidad de recursos superior a la que la naturaleza puede regenerar. Por esa raz\u00f3n invitamos a la ciudadan\u00eda a tomar conciencia de la importancia de usar nuestros recursos de manera responsable y respetuosa de la naturaleza\u00bb.<\/p>\n<p style=\"text-align: justify;\">La Ministra indic\u00f3 que la Marcha y circo \u201cGuardianes del Planeta\u201d, en la que participar\u00e1n alrededor de 500 ni\u00f1os de diferentes instituciones educativas. Este recorrido iniciar\u00e1 en el Parque Isla Tortuga, a las 8:30 y finalizar\u00e1 en el Parque Bicentenario. La finalidad de este evento es concienciar a la poblaci\u00f3n sobre el cuidado del ambiente, a trav\u00e9s de los ni\u00f1os quienes pedir\u00e1n respeto por la biodiversidad y su derecho de vivir en un entorno saludable.<\/p>\n<p style=\"text-align: justify;\">Adem\u00e1s, la M\u00e1xima Autoridad Ambiental explic\u00f3 que el documento LENIA describe la situaci\u00f3n de la investigaci\u00f3n ambiental en el Ecuador e incluye una comparaci\u00f3n de indicadores de ciencia y tecnolog\u00eda, el avance nacional y la gesti\u00f3n que realiza el MAE. A ello se suma, un an\u00e1lisis entre pa\u00edses de Iberoam\u00e9rica donde se dan a conocer cuatro indicadores de ciencia y tecnolog\u00eda que dan cuenta del contraste existente entre pa\u00edses en relaci\u00f3n a inversi\u00f3n en actividades de ciencia y tecnolog\u00eda; investigaci\u00f3n y desarrollo; n\u00famero y formaci\u00f3n de investigadores y publicaciones efectuadas. Esta presentaci\u00f3n se efectuar\u00e1 en el Hotel Marriot, Sal\u00f3n Amazonas, a las 18.00.<\/p>\n<p style=\"text-align: justify;\">\u00abEsto son los cuatro actos que se tienen previstos para esta semana. Como Ministra quiero invitar a la ciudadana a tomar conciencia acerca de la importancia de su comportamiento frente a la conservaci\u00f3n de los recursos naturales y aceptar que nuestras acciones son determinantes en ese sentido. Nuestros h\u00e1bitos est\u00e1n totalmente relaciones con la conservaci\u00f3n. Conmemoraremos este d\u00eda con un llamado de atenci\u00f3n para ser responsables con nuestro planeta\u00bb, dijo Tapia.<\/p>\n","protected":false},"excerpt":{"rendered":"<p class=\"excerpt\">La presentaci\u00f3n del programa \u00abMAE transparente, la calculadora de la Huella Ecol\u00f3gica, el documento LENIA (Lineamientos Estrat\u00e9gicos Nacionales de Investigaci\u00f3n Ambiental) y \u00a0la Marcha y circo \u201cGuardianes del Planeta\u201d, con alrededor de 500 ni\u00f1os, son las actividades que se realizar\u00e1n durante esta semana al conmemorarse el 5 de junio, \u00a0D\u00eda del Ambiente, seg\u00fan fue establecido por la Asamblea General de&hellip; <a href=\"https:\/\/www.ambienteyenergia.gob.ec\/ambiente\/semana-del-ambiente-un-llamada-de-responsabilidad-ambiental\/\">Read more &rarr;<\/a><\/p>\n","protected":false},"author":13,"featured_media":12149,"comment_status":"open","ping_status":"open","sticky":false,"template":"","format":"standard","meta":{"footnotes":""},"categories":[16,4],"tags":[],"class_list":["post-12104","post","type-post","status-publish","format-standard","has-post-thumbnail","hentry","category-comunicamos","category-noticias","xfolkentry"],"_links":{"self":[{"href":"https:\/\/www.ambienteyenergia.gob.ec\/ambiente\/wp-json\/wp\/v2\/posts\/12104","targetHints":{"allow":["GET"]}}],"collection":[{"href":"https:\/\/www.ambienteyenergia.gob.ec\/ambiente\/wp-json\/wp\/v2\/posts"}],"about":[{"href":"https:\/\/www.ambienteyenergia.gob.ec\/ambiente\/wp-json\/wp\/v2\/types\/post"}],"author":[{"embeddable":true,"href":"https:\/\/www.ambienteyenergia.gob.ec\/ambiente\/wp-json\/wp\/v2\/users\/13"}],"replies":[{"embeddable":true,"href":"https:\/\/www.ambienteyenergia.gob.ec\/ambiente\/wp-json\/wp\/v2\/comments?post=12104"}],"version-history":[{"count":0,"href":"https:\/\/www.ambienteyenergia.gob.ec\/ambiente\/wp-json\/wp\/v2\/posts\/12104\/revisions"}],"wp:featuredmedia":[{"embeddable":true,"href":"https:\/\/www.ambienteyenergia.gob.ec\/ambiente\/wp-json\/wp\/v2\/media\/12149"}],"wp:attachment":[{"href":"https:\/\/www.ambienteyenergia.gob.ec\/ambiente\/wp-json\/wp\/v2\/media?parent=12104"}],"wp:term":[{"taxonomy":"category","embeddable":true,"href":"https:\/\/www.ambienteyenergia.gob.ec\/ambiente\/wp-json\/wp\/v2\/categories?post=12104"},{"taxonomy":"post_tag","embeddable":true,"href":"https:\/\/www.ambienteyenergia.gob.ec\/ambiente\/wp-json\/wp\/v2\/tags?post=12104"}],"curies":[{"name":"wp","href":"https:\/\/api.w.org\/{rel}","templated":true}]}}