{"id":12085,"date":"2013-06-03T13:05:18","date_gmt":"2013-06-03T18:05:18","guid":{"rendered":"http:\/\/www.ambiente.gob.ec\/?p=12085"},"modified":"2013-06-04T11:16:25","modified_gmt":"2013-06-04T16:16:25","slug":"mae-vigilara-el-cumplimiento-de-planes-de-contingencia-y-reparacion-ambiental-y-social-sin-importar-si-el-responsable-es-un-ente-publico-o-privado","status":"publish","type":"post","link":"https:\/\/www.ambienteyenergia.gob.ec\/ambiente\/mae-vigilara-el-cumplimiento-de-planes-de-contingencia-y-reparacion-ambiental-y-social-sin-importar-si-el-responsable-es-un-ente-publico-o-privado\/","title":{"rendered":"\u00abMAE vigilar\u00e1 el cumplimiento de Planes de Contingencia y Reparaci\u00f3n Ambiental y Social sin importar si el responsable es un ente p\u00fablico o privado\u00bb"},"content":{"rendered":"<p style=\"text-align: justify;\">\u00abHemos enviado a nuestros mejores t\u00e9cnicos para aplicar la valoraci\u00f3n del da\u00f1o ambiental y social que es una de las herramientas que permiten hacer objetiva la responsabilidad del derrame. Aqu\u00ed no importa si el responsable es un ente p\u00fablico o privado. En ese sentido, como la principal Autoridad Ambiental del pa\u00eds aplicaremos toda la normativa legal vigente y los controles necesarios para afrontar los da\u00f1os\u00bb, comunic\u00f3 hoy la Ministra del Ambiente, Lorena Tapia, refiri\u00e9ndose al derrame de crudo producido tras la ruptura del Sistema del Oleoducto Transecuatoriano (SOTE), en el kil\u00f3metro 82 v\u00eda Quito-Lago Agrio, sector El Reventador, debido a un derrumbe.<\/p>\n<p style=\"text-align: justify;\">En rueda de prensa, Tapia explic\u00f3 que, el Ministerio del Ambiente (MAE) reaccion\u00f3 de manera inmediata una vez notificado el percance. Aclar\u00f3 que esa notificaci\u00f3n se dio precisamente por las acciones de control que esta Cartera de Estado establece. \u00abUno de nuestros guardaparques evidenci\u00f3 el derrame, se comunic\u00f3 alrededor de las 12:00 del 31 de mayo. Inmediatamente, personal de las Direcciones Provinciales Ambientales de Orellana, Sucumb\u00edos y Napo se traslad\u00f3 a la zona. Las M\u00e1ximas Autoridades convocaron a un comit\u00e9 de emergencia que \u00a0determin\u00f3 las acciones que se deb\u00edan tomar\u00bb.<\/p>\n<p style=\"text-align: justify;\">La Secretaria de Estado indic\u00f3 que, de forma emergente, se decidi\u00f3 cerrar la captaci\u00f3n de agua de la provincia, pero se exigi\u00f3 la ejecuci\u00f3n de las alternativas del caso. \u00abPor pedido expreso del MAE se abastece con 5 000 bidones de 12 litros de agua cada tres d\u00edas a la poblaci\u00f3n del sector rural del cant\u00f3n Francisco de Orellana y para el sector urbano, tanqueros de agua a cargo y costo de EP Petroecuador. Ello, hasta que est\u00e9 lista la tuber\u00eda superficial de 12 pulgadas de di\u00e1metro, 1 700m de largo, con una bomba de 250HP, para captar agua del R\u00edo Payamino a la Planta de Tratamiento de Agua Potable del Cant\u00f3n, la cual estar\u00e1 lista en tres d\u00edas\u00bb.<\/p>\n<p style=\"text-align: justify;\">Adem\u00e1s, inform\u00f3 que el mi\u00e9rcoles 5 de junio, viajar\u00e1 al sector del derrame. \u00a0\u00abComo Ministra estoy preocupada por este evento. Por esa raz\u00f3n, estar\u00e9 presente en la zona para monitorear los respuestas tanto del MAE y de EP Petroecuador y tambi\u00e9n para atender, de manera personal, las dudas e inquietudes que existan en la comunidad. Hemos puesto todo nuestro compromiso como Ministerio para afrontar el incidente\u00bb<\/p>\n<p style=\"text-align: justify;\">Asimismo, la M\u00e1xima Autoridad Ambiental se\u00f1al\u00f3 que alrededor de 100 funcionarios del MAE est\u00e1n en el lugar de la afectaci\u00f3n. \u00abEn un sobrevuelo realizado por t\u00e9cnicos de esta Cartera de Estado, se pudo evidenciar la presencia del hidrocarburo en el R\u00edo Coca, se tomaron muestras del agua y suelo y se estableci\u00f3 una zona de contenci\u00f3n para retener el crudo. Al momento ya se han accionado los planes de reparaci\u00f3n, el equipo del MAE est\u00e1 precautelando que todas las\u00a0 acciones a nivel t\u00e9cnico cumplan con lo establecido en la normativa ambiental. \u00abSe est\u00e1 cuidando que el muestreo cumpla la cadena de custodia para que ning\u00fan elemento externo modifique los resultados de las muestras\u00bb.<\/p>\n<p>&nbsp;<\/p>\n","protected":false},"excerpt":{"rendered":"<p class=\"excerpt\">\u00abHemos enviado a nuestros mejores t\u00e9cnicos para aplicar la valoraci\u00f3n del da\u00f1o ambiental y social que es una de las herramientas que permiten hacer objetiva la responsabilidad del derrame. Aqu\u00ed no importa si el responsable es un ente p\u00fablico o privado. En ese sentido, como la principal Autoridad Ambiental del pa\u00eds aplicaremos toda la normativa legal vigente y los controles&hellip; <a href=\"https:\/\/www.ambienteyenergia.gob.ec\/ambiente\/mae-vigilara-el-cumplimiento-de-planes-de-contingencia-y-reparacion-ambiental-y-social-sin-importar-si-el-responsable-es-un-ente-publico-o-privado\/\">Read more &rarr;<\/a><\/p>\n","protected":false},"author":13,"featured_media":12151,"comment_status":"open","ping_status":"open","sticky":false,"template":"","format":"standard","meta":{"footnotes":""},"categories":[16,4],"tags":[],"class_list":["post-12085","post","type-post","status-publish","format-standard","has-post-thumbnail","hentry","category-comunicamos","category-noticias","xfolkentry"],"_links":{"self":[{"href":"https:\/\/www.ambienteyenergia.gob.ec\/ambiente\/wp-json\/wp\/v2\/posts\/12085","targetHints":{"allow":["GET"]}}],"collection":[{"href":"https:\/\/www.ambienteyenergia.gob.ec\/ambiente\/wp-json\/wp\/v2\/posts"}],"about":[{"href":"https:\/\/www.ambienteyenergia.gob.ec\/ambiente\/wp-json\/wp\/v2\/types\/post"}],"author":[{"embeddable":true,"href":"https:\/\/www.ambienteyenergia.gob.ec\/ambiente\/wp-json\/wp\/v2\/users\/13"}],"replies":[{"embeddable":true,"href":"https:\/\/www.ambienteyenergia.gob.ec\/ambiente\/wp-json\/wp\/v2\/comments?post=12085"}],"version-history":[{"count":0,"href":"https:\/\/www.ambienteyenergia.gob.ec\/ambiente\/wp-json\/wp\/v2\/posts\/12085\/revisions"}],"wp:featuredmedia":[{"embeddable":true,"href":"https:\/\/www.ambienteyenergia.gob.ec\/ambiente\/wp-json\/wp\/v2\/media\/12151"}],"wp:attachment":[{"href":"https:\/\/www.ambienteyenergia.gob.ec\/ambiente\/wp-json\/wp\/v2\/media?parent=12085"}],"wp:term":[{"taxonomy":"category","embeddable":true,"href":"https:\/\/www.ambienteyenergia.gob.ec\/ambiente\/wp-json\/wp\/v2\/categories?post=12085"},{"taxonomy":"post_tag","embeddable":true,"href":"https:\/\/www.ambienteyenergia.gob.ec\/ambiente\/wp-json\/wp\/v2\/tags?post=12085"}],"curies":[{"name":"wp","href":"https:\/\/api.w.org\/{rel}","templated":true}]}}