{"id":12072,"date":"2013-06-03T11:27:40","date_gmt":"2013-06-03T16:27:40","guid":{"rendered":"http:\/\/www.ambiente.gob.ec\/?p=12072"},"modified":"2013-06-03T11:27:40","modified_gmt":"2013-06-03T16:27:40","slug":"ninos-y-ninas-guardianes-del-planeta-marchan-por-el-ambiente","status":"publish","type":"post","link":"https:\/\/www.ambienteyenergia.gob.ec\/ambiente\/ninos-y-ninas-guardianes-del-planeta-marchan-por-el-ambiente\/","title":{"rendered":"NI\u00d1OS Y NI\u00d1AS GUARDIANES DEL PLANETA MARCHAN POR EL AMBIENTE"},"content":{"rendered":"<p style=\"text-align: justify;\">El Ministerio del Ambiente (MAE) con motivo del D\u00eda Mundial del Ambiente organiza la Primera\u00a0 Marcha Infantil en el pa\u00eds, que tendr\u00e1 lugar en Quito, el d\u00eda mi\u00e9rcoles 5 de junio del 2013 a partir de las 08:00 en el Parque de la Isla Tortuga, ubicado en las calles Isla Seymour y Av. Amazonas. La marcha infantil concluir\u00e1 en el Parque Bicentenario, con un evento art\u00edstico y l\u00fadico.<\/p>\n<p style=\"text-align: justify;\" align=\"JUSTIFY\"><span style=\"color: #000000;\">La Ministra del Ambiente, Lorena Tapia, quien liderar\u00e1 la marcha, manifest\u00f3 que \u201cel D\u00eda del Ambiente es una invitaci\u00f3n para que todos nos sensibilicemos sobre la responsabilidad que tenemos frente a la conservaci\u00f3n de nuestros recursos\u201d.<\/span><\/p>\n<p style=\"text-align: justify;\" align=\"JUSTIFY\"><strong><span style=\"color: #000000;\">Los Guardianes del Planeta<\/span><\/strong><\/p>\n<p style=\"text-align: justify;\" align=\"JUSTIFY\"><span style=\"color: #000000;\">Esta cita, que convoca a estudiantes y comunidad en general, tiene como protagonistas a 500 ni\u00f1os de diferentes instituciones educativas, porque ellos son los potenciales GUARDIANES DEL PLANETA y voceros naturales del mensaje de concienciaci\u00f3n y sensibilizaci\u00f3n que difunde esta Cartera de Estado, en el marco de la pol\u00edtica p\u00fablica de conservaci\u00f3n de los recursos naturales. \u201cNo es posible llegar a un resultado \u00f3ptimo de ning\u00fan proyecto institucional, si no existe el compromiso de los ciudadanos de conservar los recursos de nuestro pa\u00eds mega diverso\u201d, manifest\u00f3 la M\u00e1xima Autoridad Ambiental del pa\u00eds.<\/span><\/p>\n<p style=\"text-align: justify;\" align=\"JUSTIFY\"><span style=\"color: #000000;\">Invitamos cordialmente a todos los medios de comunicaci\u00f3n a que nos acompa\u00f1en en este evento trascendental por el D\u00eda del Ambiente.<\/span><\/p>\n<p style=\"text-align: justify;\" align=\"JUSTIFY\"><span style=\"color: #000000;\">Programa<\/span><\/p>\n<p style=\"text-align: justify;\" align=\"JUSTIFY\"><span style=\"color: #000000;\">Fecha: Mi\u00e9rcoles 5 de Junio de 2013<\/span><\/p>\n<p style=\"text-align: justify;\" align=\"JUSTIFY\"><span style=\"color: #000000;\">Lugar de concentraci\u00f3n: Parque de la Isla Tortuga en Isla Seymour y Av. Amazonas<\/span><\/p>\n<p style=\"text-align: justify;\" align=\"JUSTIFY\"><span style=\"color: #000000;\">Lugar de llegada: Parque Bicentenario (ingreso por la Av. 10 de Agosto).<\/span><\/p>\n<p style=\"text-align: justify;\" align=\"JUSTIFY\"><span style=\"color: #000000;\">Hora: Inicio 8:30<\/span><\/p>\n<p style=\"text-align: justify;\" align=\"JUSTIFY\"><span style=\"color: #000000;\"><strong>Para mayor informaci\u00f3n<\/strong> comunicarse con la Direcci\u00f3n de Comunicaci\u00f3n del Ministerio del Ambiente. Tel\u00e9fonos 3987600 ext. 1623. Contaremos con transporte de dos camionetas para movilizaci\u00f3n de medios.<\/span><\/p>\n<p style=\"text-align: justify;\" align=\"JUSTIFY\"><span style=\"color: #000000;\">MINISTERIO DEL AMBIENTE<\/span><\/p>\n<p style=\"text-align: justify;\" lang=\"es-EC\" align=\"JUSTIFY\">\n<p style=\"text-align: justify;\" lang=\"es-EC\" align=\"CENTER\">\n","protected":false},"excerpt":{"rendered":"<p class=\"excerpt\">El Ministerio del Ambiente (MAE) con motivo del D\u00eda Mundial del Ambiente organiza la Primera\u00a0 Marcha Infantil en el pa\u00eds, que tendr\u00e1 lugar en Quito, el d\u00eda mi\u00e9rcoles 5 de junio del 2013 a partir de las 08:00 en el Parque de la Isla Tortuga, ubicado en las calles Isla Seymour y Av. Amazonas. La marcha infantil concluir\u00e1 en el&hellip; <a href=\"https:\/\/www.ambienteyenergia.gob.ec\/ambiente\/ninos-y-ninas-guardianes-del-planeta-marchan-por-el-ambiente\/\">Read more &rarr;<\/a><\/p>\n","protected":false},"author":13,"featured_media":12073,"comment_status":"open","ping_status":"open","sticky":false,"template":"","format":"standard","meta":{"footnotes":""},"categories":[16,4,10],"tags":[],"class_list":["post-12072","post","type-post","status-publish","format-standard","has-post-thumbnail","hentry","category-comunicamos","category-noticias","category-noticias-destacadas","xfolkentry"],"_links":{"self":[{"href":"https:\/\/www.ambienteyenergia.gob.ec\/ambiente\/wp-json\/wp\/v2\/posts\/12072","targetHints":{"allow":["GET"]}}],"collection":[{"href":"https:\/\/www.ambienteyenergia.gob.ec\/ambiente\/wp-json\/wp\/v2\/posts"}],"about":[{"href":"https:\/\/www.ambienteyenergia.gob.ec\/ambiente\/wp-json\/wp\/v2\/types\/post"}],"author":[{"embeddable":true,"href":"https:\/\/www.ambienteyenergia.gob.ec\/ambiente\/wp-json\/wp\/v2\/users\/13"}],"replies":[{"embeddable":true,"href":"https:\/\/www.ambienteyenergia.gob.ec\/ambiente\/wp-json\/wp\/v2\/comments?post=12072"}],"version-history":[{"count":0,"href":"https:\/\/www.ambienteyenergia.gob.ec\/ambiente\/wp-json\/wp\/v2\/posts\/12072\/revisions"}],"wp:featuredmedia":[{"embeddable":true,"href":"https:\/\/www.ambienteyenergia.gob.ec\/ambiente\/wp-json\/wp\/v2\/media\/12073"}],"wp:attachment":[{"href":"https:\/\/www.ambienteyenergia.gob.ec\/ambiente\/wp-json\/wp\/v2\/media?parent=12072"}],"wp:term":[{"taxonomy":"category","embeddable":true,"href":"https:\/\/www.ambienteyenergia.gob.ec\/ambiente\/wp-json\/wp\/v2\/categories?post=12072"},{"taxonomy":"post_tag","embeddable":true,"href":"https:\/\/www.ambienteyenergia.gob.ec\/ambiente\/wp-json\/wp\/v2\/tags?post=12072"}],"curies":[{"name":"wp","href":"https:\/\/api.w.org\/{rel}","templated":true}]}}