{"id":12029,"date":"2013-06-02T16:22:43","date_gmt":"2013-06-02T21:22:43","guid":{"rendered":"http:\/\/www.ambiente.gob.ec\/?p=12029"},"modified":"2013-06-03T08:32:26","modified_gmt":"2013-06-03T13:32:26","slug":"ministerio-del-ambiente-rescata-ballena-jorobada-en-puerto-lopez","status":"publish","type":"post","link":"https:\/\/www.ambienteyenergia.gob.ec\/ambiente\/ministerio-del-ambiente-rescata-ballena-jorobada-en-puerto-lopez\/","title":{"rendered":"Ministerio del Ambiente rescata ballena jorobada en Puerto L\u00f3pez"},"content":{"rendered":"<p style=\"text-align: justify;\">Luego de una informaci\u00f3n de alerta emitida la ma\u00f1ana de ayer por pescadores de la Parroquia Salango, quienes indicaron que una ballena de aproximadamente 12 metros se encontraba enredada en un trasmallo frente a la playa de Puerto Rico sector del islote Los Ahorcados, se activ\u00f3 el respectivo operativo de rescate.<\/p>\n<p style=\"text-align: justify;\">De inmediato, en coordinaci\u00f3n con el personal de la Armada Nacional, buzos de Salango y Guardaparques del Parque Nacional Machalilla se activ\u00f3 el plan de rescate para este tipo de eventualidades donde participaron nueve personas, los mismos que se movilizaron en dos lanchas del Ministerio del Ambiente. La tarea duro aproximadamente dos horas y termin\u00f3 con \u00e9xito, logrando la liberaci\u00f3n del cet\u00e1ceo, \u00e9l que se encontraba enredado en un trasmallo afectando la cabeza y una aleta pectoral del citado mam\u00edfero marino.<\/p>\n<p style=\"text-align: justify;\">Ante este tipo de situaciones, el Ministerio de Ambiente, ha instituido un sistema de alerta dirigida a los pescadores, operadores tur\u00edsticos, capitan\u00eda del puerto y comunidad en general, con el objetivo de precautelar la vida de estas especies que en esta \u00e9poca del a\u00f1o llegan a las costas Ecuatorianas en busca de alimento y reproducci\u00f3n.<\/p>\n<p style=\"text-align: justify;\">Los n\u00fameros telef\u00f3nicos, a los que la ciudadan\u00eda puede comunicarse para reportar alg\u00fan incidente son 052-300170 &#8211; 0987499199 &#8211; 89198392<\/p>\n","protected":false},"excerpt":{"rendered":"<p class=\"excerpt\">Luego de una informaci\u00f3n de alerta emitida la ma\u00f1ana de ayer por pescadores de la Parroquia Salango, quienes indicaron que una ballena de aproximadamente 12 metros se encontraba enredada en un trasmallo frente a la playa de Puerto Rico sector del islote Los Ahorcados, se activ\u00f3 el respectivo operativo de rescate. De inmediato, en coordinaci\u00f3n con el personal de la&hellip; <a href=\"https:\/\/www.ambienteyenergia.gob.ec\/ambiente\/ministerio-del-ambiente-rescata-ballena-jorobada-en-puerto-lopez\/\">Read more &rarr;<\/a><\/p>\n","protected":false},"author":13,"featured_media":12045,"comment_status":"open","ping_status":"open","sticky":false,"template":"","format":"standard","meta":{"footnotes":""},"categories":[16,4],"tags":[],"class_list":["post-12029","post","type-post","status-publish","format-standard","has-post-thumbnail","hentry","category-comunicamos","category-noticias","xfolkentry"],"_links":{"self":[{"href":"https:\/\/www.ambienteyenergia.gob.ec\/ambiente\/wp-json\/wp\/v2\/posts\/12029","targetHints":{"allow":["GET"]}}],"collection":[{"href":"https:\/\/www.ambienteyenergia.gob.ec\/ambiente\/wp-json\/wp\/v2\/posts"}],"about":[{"href":"https:\/\/www.ambienteyenergia.gob.ec\/ambiente\/wp-json\/wp\/v2\/types\/post"}],"author":[{"embeddable":true,"href":"https:\/\/www.ambienteyenergia.gob.ec\/ambiente\/wp-json\/wp\/v2\/users\/13"}],"replies":[{"embeddable":true,"href":"https:\/\/www.ambienteyenergia.gob.ec\/ambiente\/wp-json\/wp\/v2\/comments?post=12029"}],"version-history":[{"count":0,"href":"https:\/\/www.ambienteyenergia.gob.ec\/ambiente\/wp-json\/wp\/v2\/posts\/12029\/revisions"}],"wp:featuredmedia":[{"embeddable":true,"href":"https:\/\/www.ambienteyenergia.gob.ec\/ambiente\/wp-json\/wp\/v2\/media\/12045"}],"wp:attachment":[{"href":"https:\/\/www.ambienteyenergia.gob.ec\/ambiente\/wp-json\/wp\/v2\/media?parent=12029"}],"wp:term":[{"taxonomy":"category","embeddable":true,"href":"https:\/\/www.ambienteyenergia.gob.ec\/ambiente\/wp-json\/wp\/v2\/categories?post=12029"},{"taxonomy":"post_tag","embeddable":true,"href":"https:\/\/www.ambienteyenergia.gob.ec\/ambiente\/wp-json\/wp\/v2\/tags?post=12029"}],"curies":[{"name":"wp","href":"https:\/\/api.w.org\/{rel}","templated":true}]}}