{"id":12026,"date":"2013-06-02T14:04:32","date_gmt":"2013-06-02T19:04:32","guid":{"rendered":"http:\/\/www.ambiente.gob.ec\/?p=12026"},"modified":"2013-06-03T08:31:31","modified_gmt":"2013-06-03T13:31:31","slug":"el-mae-supervisa-cumplimiento-del-plan-de-contingencia-y-de-remediacion-en-derrame-de-crudo","status":"publish","type":"post","link":"https:\/\/www.ambienteyenergia.gob.ec\/ambiente\/el-mae-supervisa-cumplimiento-del-plan-de-contingencia-y-de-remediacion-en-derrame-de-crudo\/","title":{"rendered":"El MAE supervisa cumplimiento del Plan de Contingencia  y de Remediaci\u00f3n en derrame de crudo"},"content":{"rendered":"<p style=\"text-align: justify;\">Equipo t\u00e9cnico de las Direcciones del Napo, Sucumb\u00edos y Orellana participan activamente en el Comit\u00e9 de Operaciones de Emergencia de las tres provincias para vigilar y controlar la aplicaci\u00f3n de los planes de contingencia y de remediaci\u00f3n en las provincias afectadas por el derrame de crudo producido tras la ruptura del SOTE, ocasionado por un derrumbe. M\u00e1s de 100 personas del MAE trabajan en la Amazonia tras el derrame.<\/p>\n<p style=\"text-align: justify;\">El Ministerio del Ambiente, de acuerdo a sus competencias, proceder\u00e1 conforme la normativa legal. Para dar seguimiento a esta decisi\u00f3n y a al trabajo de contingencia, la ministra del Ambiente, Lorena Tapia, viajar\u00e1 esta semana a la zona del derrame y los sitios de influencia para hacer un seguimiento permanente de los trabajos de EP Petroecuador.<\/p>\n<p style=\"text-align: justify;\">Este fin de semana, tras conocer presencia de crudo en el R\u00edo Coca, se procedi\u00f3 a verificar el punto de control de la contingencia para aplicar las barreras de contingencia en el r\u00edo, \u00e1rea Guayusa. Tras un sobrevuelo realizado se verific\u00f3 una presencia de mancha de hidrocarburo en el r\u00edo Coca. Asimismo, se observaron \u00e1reas en que se encuentra retenido el hidrocarburo, y que se proceder\u00e1 con su remediaci\u00f3n inmediata. Personal t\u00e9cnico del Ministerio del Ambiente supervisa este trabajo para garantizar su cumplimiento. El Programa de Reparaci\u00f3n Ambiental y Social (PRAS) tendr\u00e1 esta semana la informaci\u00f3n de la Evaluaci\u00f3n Ambiental r\u00e1pida.<\/p>\n<p style=\"text-align: justify;\">Adicionalmente, se tomaron muestras del agua del R\u00edo Coca en el \u00e1rea de captaci\u00f3n de la Planta de Agua Potable de esta ciudad, sin embargo, mientras no existan los resultados, no se podr\u00eda determinar es o no apta.<\/p>\n<p style=\"text-align: justify;\">Por pedido del Ministerio del Ambiente, desde hoy se abastecer\u00e1 con 5 000 bidones de 12 litros de agua cada tres d\u00edas a la poblaci\u00f3n del sector rural del cant\u00f3n Francisco de Orellana y tanqueros de agua para el sector urbano a cargo y costo de Petroecuador, hasta que est\u00e9 lista la tuber\u00eda superficial de 12 pulgadas de di\u00e1metro, 1700m de largo, con una bomba de 250HP, para captar agua del R\u00edo Payamino a la Planta de Tratamiento de Agua Potable del Cant\u00f3n, la cual estar\u00e1 lista desde el mi\u00e9rcoles 5 de junio de 2013.<\/p>\n<div id='gallery-1' class='gallery galleryid-12026 gallery-columns-4 gallery-size-thumbnail'><dl class='gallery-item'>\n\t\t\t<dt class='gallery-icon landscape'>\n\t\t\t\t<a href='https:\/\/www.ambienteyenergia.gob.ec\/ambiente\/el-mae-supervisa-cumplimiento-del-plan-de-contingencia-y-de-remediacion-en-derrame-de-crudo\/_mg_5503\/'><img loading=\"lazy\" decoding=\"async\" width=\"150\" height=\"150\" src=\"https:\/\/www.ambienteyenergia.gob.ec\/ambiente\/wp-content\/uploads\/sites\/2\/2013\/06\/MG_5503-150x150.jpg\" class=\"attachment-thumbnail size-thumbnail\" alt=\"\" \/><\/a>\n\t\t\t<\/dt><\/dl><dl class='gallery-item'>\n\t\t\t<dt class='gallery-icon landscape'>\n\t\t\t\t<a href='https:\/\/www.ambienteyenergia.gob.ec\/ambiente\/el-mae-supervisa-cumplimiento-del-plan-de-contingencia-y-de-remediacion-en-derrame-de-crudo\/_mg_5508\/'><img loading=\"lazy\" decoding=\"async\" width=\"150\" height=\"150\" src=\"https:\/\/www.ambienteyenergia.gob.ec\/ambiente\/wp-content\/uploads\/sites\/2\/2013\/06\/MG_5508-150x150.jpg\" class=\"attachment-thumbnail size-thumbnail\" alt=\"\" \/><\/a>\n\t\t\t<\/dt><\/dl><dl class='gallery-item'>\n\t\t\t<dt class='gallery-icon landscape'>\n\t\t\t\t<a href='https:\/\/www.ambienteyenergia.gob.ec\/ambiente\/el-mae-supervisa-cumplimiento-del-plan-de-contingencia-y-de-remediacion-en-derrame-de-crudo\/_mg_5527\/'><img loading=\"lazy\" decoding=\"async\" width=\"150\" height=\"150\" src=\"https:\/\/www.ambienteyenergia.gob.ec\/ambiente\/wp-content\/uploads\/sites\/2\/2013\/06\/MG_5527-150x150.jpg\" class=\"attachment-thumbnail size-thumbnail\" alt=\"\" \/><\/a>\n\t\t\t<\/dt><\/dl><dl class='gallery-item'>\n\t\t\t<dt class='gallery-icon landscape'>\n\t\t\t\t<a href='https:\/\/www.ambienteyenergia.gob.ec\/ambiente\/el-mae-supervisa-cumplimiento-del-plan-de-contingencia-y-de-remediacion-en-derrame-de-crudo\/_mg_5583\/'><img loading=\"lazy\" decoding=\"async\" width=\"150\" height=\"150\" src=\"https:\/\/www.ambienteyenergia.gob.ec\/ambiente\/wp-content\/uploads\/sites\/2\/2013\/06\/MG_5583-150x150.jpg\" class=\"attachment-thumbnail size-thumbnail\" alt=\"\" \/><\/a>\n\t\t\t<\/dt><\/dl><br style=\"clear: both\" \/><dl class='gallery-item'>\n\t\t\t<dt class='gallery-icon landscape'>\n\t\t\t\t<a href='https:\/\/www.ambienteyenergia.gob.ec\/ambiente\/el-mae-supervisa-cumplimiento-del-plan-de-contingencia-y-de-remediacion-en-derrame-de-crudo\/_mg_5609\/'><img loading=\"lazy\" decoding=\"async\" width=\"150\" height=\"150\" src=\"https:\/\/www.ambienteyenergia.gob.ec\/ambiente\/wp-content\/uploads\/sites\/2\/2013\/06\/MG_5609-150x150.jpg\" class=\"attachment-thumbnail size-thumbnail\" alt=\"\" \/><\/a>\n\t\t\t<\/dt><\/dl><dl class='gallery-item'>\n\t\t\t<dt class='gallery-icon landscape'>\n\t\t\t\t<a href='https:\/\/www.ambienteyenergia.gob.ec\/ambiente\/el-mae-supervisa-cumplimiento-del-plan-de-contingencia-y-de-remediacion-en-derrame-de-crudo\/_mg_5663\/'><img loading=\"lazy\" decoding=\"async\" width=\"150\" height=\"150\" src=\"https:\/\/www.ambienteyenergia.gob.ec\/ambiente\/wp-content\/uploads\/sites\/2\/2013\/06\/MG_5663-150x150.jpg\" class=\"attachment-thumbnail size-thumbnail\" alt=\"\" \/><\/a>\n\t\t\t<\/dt><\/dl><dl class='gallery-item'>\n\t\t\t<dt class='gallery-icon landscape'>\n\t\t\t\t<a href='https:\/\/www.ambienteyenergia.gob.ec\/ambiente\/el-mae-supervisa-cumplimiento-del-plan-de-contingencia-y-de-remediacion-en-derrame-de-crudo\/_mg_5676\/'><img loading=\"lazy\" decoding=\"async\" width=\"150\" height=\"150\" src=\"https:\/\/www.ambienteyenergia.gob.ec\/ambiente\/wp-content\/uploads\/sites\/2\/2013\/06\/MG_5676-150x150.jpg\" class=\"attachment-thumbnail size-thumbnail\" alt=\"\" \/><\/a>\n\t\t\t<\/dt><\/dl>\n\t\t\t<br style='clear: both' \/>\n\t\t<\/div>\n\n","protected":false},"excerpt":{"rendered":"<p class=\"excerpt\">Equipo t\u00e9cnico de las Direcciones del Napo, Sucumb\u00edos y Orellana participan activamente en el Comit\u00e9 de Operaciones de Emergencia de las tres provincias para vigilar y controlar la aplicaci\u00f3n de los planes de contingencia y de remediaci\u00f3n en las provincias afectadas por el derrame de crudo producido tras la ruptura del SOTE, ocasionado por un derrumbe. M\u00e1s de 100 personas&hellip; <a href=\"https:\/\/www.ambienteyenergia.gob.ec\/ambiente\/el-mae-supervisa-cumplimiento-del-plan-de-contingencia-y-de-remediacion-en-derrame-de-crudo\/\">Read more &rarr;<\/a><\/p>\n","protected":false},"author":13,"featured_media":12040,"comment_status":"open","ping_status":"open","sticky":false,"template":"","format":"standard","meta":{"footnotes":""},"categories":[16,4,10],"tags":[],"class_list":["post-12026","post","type-post","status-publish","format-standard","has-post-thumbnail","hentry","category-comunicamos","category-noticias","category-noticias-destacadas","xfolkentry"],"_links":{"self":[{"href":"https:\/\/www.ambienteyenergia.gob.ec\/ambiente\/wp-json\/wp\/v2\/posts\/12026","targetHints":{"allow":["GET"]}}],"collection":[{"href":"https:\/\/www.ambienteyenergia.gob.ec\/ambiente\/wp-json\/wp\/v2\/posts"}],"about":[{"href":"https:\/\/www.ambienteyenergia.gob.ec\/ambiente\/wp-json\/wp\/v2\/types\/post"}],"author":[{"embeddable":true,"href":"https:\/\/www.ambienteyenergia.gob.ec\/ambiente\/wp-json\/wp\/v2\/users\/13"}],"replies":[{"embeddable":true,"href":"https:\/\/www.ambienteyenergia.gob.ec\/ambiente\/wp-json\/wp\/v2\/comments?post=12026"}],"version-history":[{"count":0,"href":"https:\/\/www.ambienteyenergia.gob.ec\/ambiente\/wp-json\/wp\/v2\/posts\/12026\/revisions"}],"wp:featuredmedia":[{"embeddable":true,"href":"https:\/\/www.ambienteyenergia.gob.ec\/ambiente\/wp-json\/wp\/v2\/media\/12040"}],"wp:attachment":[{"href":"https:\/\/www.ambienteyenergia.gob.ec\/ambiente\/wp-json\/wp\/v2\/media?parent=12026"}],"wp:term":[{"taxonomy":"category","embeddable":true,"href":"https:\/\/www.ambienteyenergia.gob.ec\/ambiente\/wp-json\/wp\/v2\/categories?post=12026"},{"taxonomy":"post_tag","embeddable":true,"href":"https:\/\/www.ambienteyenergia.gob.ec\/ambiente\/wp-json\/wp\/v2\/tags?post=12026"}],"curies":[{"name":"wp","href":"https:\/\/api.w.org\/{rel}","templated":true}]}}