{"id":12021,"date":"2013-05-31T20:33:15","date_gmt":"2013-06-01T01:33:15","guid":{"rendered":"http:\/\/www.ambiente.gob.ec\/?p=12021"},"modified":"2013-05-31T20:33:27","modified_gmt":"2013-06-01T01:33:27","slug":"tres-loras-recuperadas-en-cotopaxi","status":"publish","type":"post","link":"https:\/\/www.ambienteyenergia.gob.ec\/ambiente\/tres-loras-recuperadas-en-cotopaxi\/","title":{"rendered":"Tres loras recuperadas en Cotopaxi"},"content":{"rendered":"<p style=\"text-align: justify;\">El Ministerio del Ambiente (MAE) recuper\u00f3 tres aves de vida silvestre, en un operativo de control en las zonas de amortiguamiento de la Reserva Ecol\u00f3gica \u201cLos Ilinizas\u201d, el pasado 29 de mayo, en la provincia de Cotopaxi. Los espec\u00edmenes que permanec\u00edan en cautiverio eran una amazona alinaranja (Amazona amaz\u00f3nica) y dos loros, un Cabeciazul (pionus menstruus) y un piquirrojo (pionus sordidus).<\/p>\n<p style=\"text-align: justify;\">Tras una denuncia, los funcionarios del MAE se trasladaron inmediatamente al lugar para verificar el estado de salud de los animales y llevarlos a un centro de rescate en el que puedan ser evaluados y reintegrados a su h\u00e1bitat natural.<\/p>\n<p style=\"text-align: justify;\">En los \u00faltimos meses, el MAE ha realizado un arduo trabajo en la recuperaci\u00f3n de aves y animales silvestres los cuales\u00a0 mantienen en cautiverio o como mascotas, sac\u00e1ndolos del h\u00e1bitat natural, afectando a la naturaleza, disminuyendo y poniendo en riesgo de extinci\u00f3n a estas aves.<\/p>\n<p style=\"text-align: justify;\">El objetivo de estos operativos es recuperar y\u00a0 evitar que las personas tengan espec\u00edmenes de Vida Silvestre en cautiverio o como mascotas<\/p>\n<p style=\"text-align: justify;\">\u00a0Luego del decomiso, se socializ\u00f3 con las personas portadoras de estas aves con el f\u00edn de que no vuelvan a cometer estos delitos ambientales.<\/p>\n<p style=\"text-align: justify;\">Mediante la difusi\u00f3n, socializaci\u00f3n y con el trabajo del Ministerio del Ambiente de Cotopaxi, se est\u00e1 logrando terminar con la tenencia ilegal de aves y animales silvestres que se encuentran en cautiverio, realizando su recuperaci\u00f3n.<\/p>\n<p style=\"text-align: justify;\">\u00a0<a href=\"http:\/\/www.ambienteyenergia.gob.ec\/ambiente\/wp-content\/uploads\/2013\/05\/FOTO-2.jpg\"><img loading=\"lazy\" decoding=\"async\" class=\"aligncenter size-full wp-image-12022\" title=\"Tres loras recuperadas en Cotopaxi\" src=\"http:\/\/www.ambienteyenergia.gob.ec\/ambiente\/wp-content\/uploads\/2013\/05\/FOTO-2.jpg\" alt=\"\" width=\"640\" height=\"480\" srcset=\"https:\/\/www.ambienteyenergia.gob.ec\/ambiente\/wp-content\/uploads\/sites\/2\/2013\/05\/FOTO-2.jpg 640w, https:\/\/www.ambienteyenergia.gob.ec\/ambiente\/wp-content\/uploads\/sites\/2\/2013\/05\/FOTO-2-300x225.jpg 300w, https:\/\/www.ambienteyenergia.gob.ec\/ambiente\/wp-content\/uploads\/sites\/2\/2013\/05\/FOTO-2-400x300.jpg 400w\" sizes=\"auto, (max-width: 640px) 100vw, 640px\" \/><\/a><\/p>\n","protected":false},"excerpt":{"rendered":"<p class=\"excerpt\">El Ministerio del Ambiente (MAE) recuper\u00f3 tres aves de vida silvestre, en un operativo de control en las zonas de amortiguamiento de la Reserva Ecol\u00f3gica \u201cLos Ilinizas\u201d, el pasado 29 de mayo, en la provincia de Cotopaxi. Los espec\u00edmenes que permanec\u00edan en cautiverio eran una amazona alinaranja (Amazona amaz\u00f3nica) y dos loros, un Cabeciazul (pionus menstruus) y un piquirrojo (pionus&hellip; <a href=\"https:\/\/www.ambienteyenergia.gob.ec\/ambiente\/tres-loras-recuperadas-en-cotopaxi\/\">Read more &rarr;<\/a><\/p>\n","protected":false},"author":13,"featured_media":12023,"comment_status":"open","ping_status":"open","sticky":false,"template":"","format":"standard","meta":{"footnotes":""},"categories":[16,4],"tags":[],"class_list":["post-12021","post","type-post","status-publish","format-standard","has-post-thumbnail","hentry","category-comunicamos","category-noticias","xfolkentry"],"_links":{"self":[{"href":"https:\/\/www.ambienteyenergia.gob.ec\/ambiente\/wp-json\/wp\/v2\/posts\/12021","targetHints":{"allow":["GET"]}}],"collection":[{"href":"https:\/\/www.ambienteyenergia.gob.ec\/ambiente\/wp-json\/wp\/v2\/posts"}],"about":[{"href":"https:\/\/www.ambienteyenergia.gob.ec\/ambiente\/wp-json\/wp\/v2\/types\/post"}],"author":[{"embeddable":true,"href":"https:\/\/www.ambienteyenergia.gob.ec\/ambiente\/wp-json\/wp\/v2\/users\/13"}],"replies":[{"embeddable":true,"href":"https:\/\/www.ambienteyenergia.gob.ec\/ambiente\/wp-json\/wp\/v2\/comments?post=12021"}],"version-history":[{"count":0,"href":"https:\/\/www.ambienteyenergia.gob.ec\/ambiente\/wp-json\/wp\/v2\/posts\/12021\/revisions"}],"wp:featuredmedia":[{"embeddable":true,"href":"https:\/\/www.ambienteyenergia.gob.ec\/ambiente\/wp-json\/wp\/v2\/media\/12023"}],"wp:attachment":[{"href":"https:\/\/www.ambienteyenergia.gob.ec\/ambiente\/wp-json\/wp\/v2\/media?parent=12021"}],"wp:term":[{"taxonomy":"category","embeddable":true,"href":"https:\/\/www.ambienteyenergia.gob.ec\/ambiente\/wp-json\/wp\/v2\/categories?post=12021"},{"taxonomy":"post_tag","embeddable":true,"href":"https:\/\/www.ambienteyenergia.gob.ec\/ambiente\/wp-json\/wp\/v2\/tags?post=12021"}],"curies":[{"name":"wp","href":"https:\/\/api.w.org\/{rel}","templated":true}]}}