{"id":12011,"date":"2013-05-31T13:17:10","date_gmt":"2013-05-31T18:17:10","guid":{"rendered":"http:\/\/www.ambiente.gob.ec\/?p=12011"},"modified":"2013-05-31T17:40:31","modified_gmt":"2013-05-31T22:40:31","slug":"mae-controla-y-vigila-impacto-ambiental-por-ruptura-del-sote-en-el-napo","status":"publish","type":"post","link":"https:\/\/www.ambienteyenergia.gob.ec\/ambiente\/mae-controla-y-vigila-impacto-ambiental-por-ruptura-del-sote-en-el-napo\/","title":{"rendered":"MAE controla y vigila impacto ambiental por ruptura del SOTE"},"content":{"rendered":"<p style=\"text-align: justify;\">Un deslave ocasion\u00f3 el derrame de crudo pesado en el kil\u00f3metro 82 de la \u00a0tuber\u00eda 26 del Oleoducto Transecuatoriano, SOTE, 200 metros antes de la parroquia \u201cEl Reventador\u201d, Cant\u00f3n Gonzalo Pizarro, \u00a0provincia de Sucumb\u00edos, inform\u00f3 esta ma\u00f1ana EP Petroecuador.<\/p>\n<p style=\"text-align: justify;\">De manera inmediata, el Ministerio del Ambiente (MAE), a trav\u00e9s de la Subsecretar\u00eda de Calidad Ambiental y el Programa de Reparaci\u00f3n Ambiental y Social (PRAS), moviliz\u00f3 un equipo t\u00e9cnico especializado a la zona del percance para activar su contingente y\u00a0 de esta forma controlar y vigilar \u00a0el impacto ambiental que este evento pueda suscitar.<\/p>\n<p style=\"text-align: justify;\">La primera medida que se tom\u00f3 en el SOTE\u00a0 fue la suspensi\u00f3n inmediata de la operaci\u00f3n del Oleoducto y la activaci\u00f3n del Plan de Contingencia el cual ser\u00e1 supervisado por el equipo t\u00e9cnico de Esta Cartera de Estado.<\/p>\n<p style=\"text-align: justify;\">Adem\u00e1s, el MAE solicit\u00f3 informaci\u00f3n detallada a EP Petroecuador. Manuel Montalvo, responsable de Seguridad y Ambiente de la empresa, comunic\u00f3 que aproximadamente a las 9:35, se produjo el percance y que las v\u00e1lvulas de la Estaci\u00f3n 2 de Lumbaqui y Estaci\u00f3n 3 del Salado se cerraron de manera autom\u00e1tica, dos minutos despu\u00e9s del incidente.<\/p>\n<p style=\"text-align: justify;\">En un recorrido realizado por funcionarios del MAE se constat\u00f3 la presencia de la empresa p\u00fablica con aproximadamente 100 personas, entre personal del SOTE, OCP, Poliducto y Cuerpo de Ingenieros del Ej\u00e9rcito. Todos forman parte \u00a0del equipo de contingencia que afronta el percance en territorio.<\/p>\n<p style=\"text-align: justify;\">Esta cartera de Estado mantendr\u00e1 supervisi\u00f3n y control constante de la aplicaci\u00f3n de los Planes de Contingencia por parte de la Ep Petroecuador.<\/p>\n<p>&nbsp;<\/p>\n","protected":false},"excerpt":{"rendered":"<p class=\"excerpt\">Un deslave ocasion\u00f3 el derrame de crudo pesado en el kil\u00f3metro 82 de la \u00a0tuber\u00eda 26 del Oleoducto Transecuatoriano, SOTE, 200 metros antes de la parroquia \u201cEl Reventador\u201d, Cant\u00f3n Gonzalo Pizarro, \u00a0provincia de Sucumb\u00edos, inform\u00f3 esta ma\u00f1ana EP Petroecuador. De manera inmediata, el Ministerio del Ambiente (MAE), a trav\u00e9s de la Subsecretar\u00eda de Calidad Ambiental y el Programa de Reparaci\u00f3n&hellip; <a href=\"https:\/\/www.ambienteyenergia.gob.ec\/ambiente\/mae-controla-y-vigila-impacto-ambiental-por-ruptura-del-sote-en-el-napo\/\">Read more &rarr;<\/a><\/p>\n","protected":false},"author":13,"featured_media":12012,"comment_status":"open","ping_status":"open","sticky":false,"template":"","format":"standard","meta":{"footnotes":""},"categories":[16,4,10],"tags":[],"class_list":["post-12011","post","type-post","status-publish","format-standard","has-post-thumbnail","hentry","category-comunicamos","category-noticias","category-noticias-destacadas","xfolkentry"],"_links":{"self":[{"href":"https:\/\/www.ambienteyenergia.gob.ec\/ambiente\/wp-json\/wp\/v2\/posts\/12011","targetHints":{"allow":["GET"]}}],"collection":[{"href":"https:\/\/www.ambienteyenergia.gob.ec\/ambiente\/wp-json\/wp\/v2\/posts"}],"about":[{"href":"https:\/\/www.ambienteyenergia.gob.ec\/ambiente\/wp-json\/wp\/v2\/types\/post"}],"author":[{"embeddable":true,"href":"https:\/\/www.ambienteyenergia.gob.ec\/ambiente\/wp-json\/wp\/v2\/users\/13"}],"replies":[{"embeddable":true,"href":"https:\/\/www.ambienteyenergia.gob.ec\/ambiente\/wp-json\/wp\/v2\/comments?post=12011"}],"version-history":[{"count":0,"href":"https:\/\/www.ambienteyenergia.gob.ec\/ambiente\/wp-json\/wp\/v2\/posts\/12011\/revisions"}],"wp:featuredmedia":[{"embeddable":true,"href":"https:\/\/www.ambienteyenergia.gob.ec\/ambiente\/wp-json\/wp\/v2\/media\/12012"}],"wp:attachment":[{"href":"https:\/\/www.ambienteyenergia.gob.ec\/ambiente\/wp-json\/wp\/v2\/media?parent=12011"}],"wp:term":[{"taxonomy":"category","embeddable":true,"href":"https:\/\/www.ambienteyenergia.gob.ec\/ambiente\/wp-json\/wp\/v2\/categories?post=12011"},{"taxonomy":"post_tag","embeddable":true,"href":"https:\/\/www.ambienteyenergia.gob.ec\/ambiente\/wp-json\/wp\/v2\/tags?post=12011"}],"curies":[{"name":"wp","href":"https:\/\/api.w.org\/{rel}","templated":true}]}}