{"id":11999,"date":"2013-05-31T10:20:23","date_gmt":"2013-05-31T15:20:23","guid":{"rendered":"http:\/\/www.ambiente.gob.ec\/?p=11999"},"modified":"2013-05-31T11:33:27","modified_gmt":"2013-05-31T16:33:27","slug":"el-mae-busca-justicia-social-y-ambiental-para-winchele","status":"publish","type":"post","link":"https:\/\/www.ambienteyenergia.gob.ec\/ambiente\/el-mae-busca-justicia-social-y-ambiental-para-winchele\/","title":{"rendered":"El MAE busca justicia social y ambiental para Winchele"},"content":{"rendered":"<p style=\"text-align: justify;\">Los due\u00f1os y residentes de los predios afectados por el derrame de petr\u00f3leo del Oleoducto de Crudos Pesados (OCP) en Winchele, Esmeraldas, participaron en la segunda asamblea de participaci\u00f3n social sobre el derrame, y verificaron los avances en las obras de remediaci\u00f3n y en la valoraci\u00f3n del da\u00f1o ambiental.<\/p>\n<p style=\"text-align: justify;\">El derrame ocurri\u00f3 el 8 de abril pasado, cuando un deslizamiento de tierra provoc\u00f3 la rotura de una tuber\u00eda y la contaminaci\u00f3n de 3,2 km del estero que desemboca en el r\u00edo Esmeraldas. Desde entonces, el MAE ha estado presente en la zona a trav\u00e9s de la Direcci\u00f3n Provincial de Ambiente de Esmeraldas, la Subsecretar\u00eda de Calidad Ambiental y el Programa de Reparaci\u00f3n Ambiental y Social (PRAS), verificando el cumplimiento del plan de remediaci\u00f3n de OCP y canalizando las demandas de la comunidad afectada.<\/p>\n<p style=\"text-align: justify;\">El encuentro que se llev\u00f3 a cabo en la escuela C\u00e9sar Nevil Estupi\u00f1an, el 23 de abril pasado, tuvo como objetivo presentar los avances del proceso que se desarrolla en tres fases: contingencia, remediaci\u00f3n y plan de monitoreo para garantizar la restituci\u00f3n de las condiciones sociales, ambientales y econ\u00f3micas de la zona antes del evento.<\/p>\n<p style=\"text-align: justify;\">A menos de dos meses del derrame, en Winchele se trabaja en la fase de remediaci\u00f3n, y se est\u00e1 finalizando la fase de valoraci\u00f3n de los bienes y servicios ambientales afectados en esa zona. \u201cNo se trata de pedir obras a cambio de da\u00f1os ambientales como se acostumbraba -dijo la Bga. Paola Carrera,\u00a0 Directora de Valoraci\u00f3n de Pasivos Ambientales del Programa de Reparaci\u00f3n Ambiental y Social (PRAS)- se trata de reparar el da\u00f1o lo mejor que se pueda y de indemnizar en t\u00e9rminos de justicia social y ambiental\u201d.<\/p>\n<p style=\"text-align: justify;\">Los t\u00e9cnicos del MAE encargados de facilitar el taller dejaron claro que la ilegalidad, la mentira y las negociaciones poco claras no caben en el proceso de remediaci\u00f3n de Winchele, pues el Ministerio cuenta con herramientas t\u00e9cnicas y jur\u00eddicas que facilitan la reparaci\u00f3n y la valoraci\u00f3n del da\u00f1o. Con ese objetivo, la Cartera de Ambiente capacit\u00f3 a la consultora contratada por OCP para garantizar la justicia en la valoraci\u00f3n. Una vez que el trabajo fue desarrollado, el MAE ha validado los datos que OCP ya puede presentar a la comunidad de afectados.<\/p>\n<p style=\"text-align: justify;\">Asimismo, el Ing. Miguel Alem\u00e1n de la consultora Cardno ENTRIX, contratada por OCP, explic\u00f3 a la comunidad que el trabajo de remediaci\u00f3n estimado en la zona durar\u00eda cuatro meses. Adem\u00e1s, indic\u00f3 c\u00f3mo se hizo la valoraci\u00f3n de los da\u00f1os y los asistentes pudieron solventar sus dudas en torno a costos bajo cuatro par\u00e1metros: p\u00e9rdidas de bienes, da\u00f1os civiles, lucro cesante y da\u00f1o moral.<\/p>\n<p style=\"text-align: justify;\">Posteriormente, los participantes trabajaron en grupos con mapas participativos y expusieron sus criterios sobre el trabajo de valoraci\u00f3n del da\u00f1o. Esto permiti\u00f3 validar los compromisos asumidos por cada uno de los actores en la primera asamblea, y registrar la condiciones del proceso a un mes del evento.<\/p>\n<p style=\"text-align: justify;\">Antes de culminar el taller, el MAE exhort\u00f3 a los asistentes a entregar la documentaci\u00f3n que justifica la tenencia de la tierra, pues ese es un requisito b\u00e1sico para que la empresa petrolera pueda hacer las indemnizaciones correspondientes.<\/p>\n<div id='gallery-1' class='gallery galleryid-11999 gallery-columns-4 gallery-size-thumbnail'><dl class='gallery-item'>\n\t\t\t<dt class='gallery-icon landscape'>\n\t\t\t\t<a href='https:\/\/www.ambienteyenergia.gob.ec\/ambiente\/el-mae-busca-justicia-social-y-ambiental-para-winchele\/_mg_5162\/'><img loading=\"lazy\" decoding=\"async\" width=\"150\" height=\"150\" src=\"https:\/\/www.ambienteyenergia.gob.ec\/ambiente\/wp-content\/uploads\/sites\/2\/2013\/05\/MG_5162-150x150.jpg\" class=\"attachment-thumbnail size-thumbnail\" alt=\"\" \/><\/a>\n\t\t\t<\/dt><\/dl><dl class='gallery-item'>\n\t\t\t<dt class='gallery-icon landscape'>\n\t\t\t\t<a href='https:\/\/www.ambienteyenergia.gob.ec\/ambiente\/el-mae-busca-justicia-social-y-ambiental-para-winchele\/_mg_5167\/'><img loading=\"lazy\" decoding=\"async\" width=\"150\" height=\"150\" src=\"https:\/\/www.ambienteyenergia.gob.ec\/ambiente\/wp-content\/uploads\/sites\/2\/2013\/05\/MG_5167-150x150.jpg\" class=\"attachment-thumbnail size-thumbnail\" alt=\"\" \/><\/a>\n\t\t\t<\/dt><\/dl><dl class='gallery-item'>\n\t\t\t<dt class='gallery-icon landscape'>\n\t\t\t\t<a href='https:\/\/www.ambienteyenergia.gob.ec\/ambiente\/el-mae-busca-justicia-social-y-ambiental-para-winchele\/_mg_5186\/'><img loading=\"lazy\" decoding=\"async\" width=\"150\" height=\"150\" src=\"https:\/\/www.ambienteyenergia.gob.ec\/ambiente\/wp-content\/uploads\/sites\/2\/2013\/05\/MG_5186-150x150.jpg\" class=\"attachment-thumbnail size-thumbnail\" alt=\"\" \/><\/a>\n\t\t\t<\/dt><\/dl>\n\t\t\t<br style='clear: both' \/>\n\t\t<\/div>\n\n","protected":false},"excerpt":{"rendered":"<p class=\"excerpt\">Los due\u00f1os y residentes de los predios afectados por el derrame de petr\u00f3leo del Oleoducto de Crudos Pesados (OCP) en Winchele, Esmeraldas, participaron en la segunda asamblea de participaci\u00f3n social sobre el derrame, y verificaron los avances en las obras de remediaci\u00f3n y en la valoraci\u00f3n del da\u00f1o ambiental. El derrame ocurri\u00f3 el 8 de abril pasado, cuando un deslizamiento&hellip; <a href=\"https:\/\/www.ambienteyenergia.gob.ec\/ambiente\/el-mae-busca-justicia-social-y-ambiental-para-winchele\/\">Read more &rarr;<\/a><\/p>\n","protected":false},"author":13,"featured_media":12000,"comment_status":"closed","ping_status":"closed","sticky":false,"template":"","format":"standard","meta":{"footnotes":""},"categories":[16,4],"tags":[],"class_list":["post-11999","post","type-post","status-publish","format-standard","has-post-thumbnail","hentry","category-comunicamos","category-noticias","xfolkentry"],"_links":{"self":[{"href":"https:\/\/www.ambienteyenergia.gob.ec\/ambiente\/wp-json\/wp\/v2\/posts\/11999","targetHints":{"allow":["GET"]}}],"collection":[{"href":"https:\/\/www.ambienteyenergia.gob.ec\/ambiente\/wp-json\/wp\/v2\/posts"}],"about":[{"href":"https:\/\/www.ambienteyenergia.gob.ec\/ambiente\/wp-json\/wp\/v2\/types\/post"}],"author":[{"embeddable":true,"href":"https:\/\/www.ambienteyenergia.gob.ec\/ambiente\/wp-json\/wp\/v2\/users\/13"}],"replies":[{"embeddable":true,"href":"https:\/\/www.ambienteyenergia.gob.ec\/ambiente\/wp-json\/wp\/v2\/comments?post=11999"}],"version-history":[{"count":0,"href":"https:\/\/www.ambienteyenergia.gob.ec\/ambiente\/wp-json\/wp\/v2\/posts\/11999\/revisions"}],"wp:featuredmedia":[{"embeddable":true,"href":"https:\/\/www.ambienteyenergia.gob.ec\/ambiente\/wp-json\/wp\/v2\/media\/12000"}],"wp:attachment":[{"href":"https:\/\/www.ambienteyenergia.gob.ec\/ambiente\/wp-json\/wp\/v2\/media?parent=11999"}],"wp:term":[{"taxonomy":"category","embeddable":true,"href":"https:\/\/www.ambienteyenergia.gob.ec\/ambiente\/wp-json\/wp\/v2\/categories?post=11999"},{"taxonomy":"post_tag","embeddable":true,"href":"https:\/\/www.ambienteyenergia.gob.ec\/ambiente\/wp-json\/wp\/v2\/tags?post=11999"}],"curies":[{"name":"wp","href":"https:\/\/api.w.org\/{rel}","templated":true}]}}