{"id":11993,"date":"2013-05-31T10:13:07","date_gmt":"2013-05-31T15:13:07","guid":{"rendered":"http:\/\/www.ambiente.gob.ec\/?p=11993"},"modified":"2013-05-31T10:13:07","modified_gmt":"2013-05-31T15:13:07","slug":"ecuador-cuenta-con-20-nuevos-capacitadores-en-cambio-climatico-y-redd","status":"publish","type":"post","link":"https:\/\/www.ambienteyenergia.gob.ec\/ambiente\/ecuador-cuenta-con-20-nuevos-capacitadores-en-cambio-climatico-y-redd\/","title":{"rendered":"Ecuador cuenta con 20 nuevos capacitadores en cambio clim\u00e1tico y REDD+"},"content":{"rendered":"<p style=\"text-align: justify;\">Como parte del proceso de involucramiento de la sociedad civil en la implementaci\u00f3n del mecanismo REDD+ en Ecuador, el Ministerio de Ambiente de Ecuador (MAE), el Programa Nacional Conjunto ONU-REDD Ecuador (PNC) y la Cooperaci\u00f3n Alemana, realizaron el segundo taller \u201cCapacitando a Capacitadores en el uso del Material Informativo para Comunidades sobre REDD+ en Ecuador\u201d, el cual se llev\u00f3 a cabo en Quito del 12 al 18 de mayo de 2013.<\/p>\n<p style=\"text-align: justify;\">Esta serie de talleres tienen por objeto capacitar a distintos actores claves a nivel nacional y local en tres temas conceptos de cambio clim\u00e1tico y REDD+ (Reducci\u00f3n de Emisiones por Deforestaci\u00f3n y Degradaci\u00f3n de bosques); conocimientos b\u00e1sicos de pedagog\u00eda; y el uso del material de informaci\u00f3n oficial para comunidades que consta de una gu\u00eda para capacitadores, 6 cartillas y un rotafolio.\u00a0 As\u00ed\u00a0 ser\u00e1n ellos quienes repliquen lo aprendido en sus respectivas zonas o comunidades locales.<\/p>\n<p style=\"text-align: justify;\">Fernanda Batioja, delegada de la Direcci\u00f3n Provincial de Ambiente de Esmeraldas, afirm\u00f3 <em>\u201cLo primero que voy hacer llegando es compartir con mi equipo (compuesto por siete guarda-parques) todo el material. Con ellos nos organizaremos para bajar a las comunidades un par de semanas para contarles qu\u00e9 es esto de REDD+ y que no los sorprenda nadie\u201d.<\/em><\/p>\n<p style=\"text-align: justify;\">Entre las organizaciones que participaron en este segundo encuentro se puede mencionar a organizaciones ind\u00edgenas de segundo y tercer grado, Gobiernos Aut\u00f3nomos Descentralizados, as\u00ed como ONGs nacionales e internacionales. Para agosto de este a\u00f1o se tiene previsto realizar un tercer taller.<\/p>\n<p style=\"text-align: justify;\">Por su parte Manuel Chuinda Andicha, l\u00edder ind\u00edgena shuar del cant\u00f3n Huamboya, provincia de Morona Santiago, dijo: <em>\u201cGracias a esta capacitaci\u00f3n, ahora entiendo bien qu\u00e9 es REDD+\u2026 es importante que contin\u00faen con estas capacitaciones m\u00e1s a nivel local porque est\u00e1n ah\u00ed los bosques\u201d.<\/em><\/p>\n<p style=\"text-align: justify;\">Este material informativo es un importante esfuerzo que realiza el Ministerio de Ambiente del Ecuador para la difusi\u00f3n y capacitaci\u00f3n de la sociedad civil y comunidades y pueblos ind\u00edgenas sobre los avances, el alcance y posibles implicaciones que tendr\u00eda el mecanismo REDD+\u00a0 en el pa\u00eds.<\/p>\n<div id='gallery-1' class='gallery galleryid-11993 gallery-columns-4 gallery-size-thumbnail'><dl class='gallery-item'>\n\t\t\t<dt class='gallery-icon landscape'>\n\t\t\t\t<a href='https:\/\/www.ambienteyenergia.gob.ec\/ambiente\/ecuador-cuenta-con-20-nuevos-capacitadores-en-cambio-climatico-y-redd\/catch_attachment_20130514-160652-1\/'><img loading=\"lazy\" decoding=\"async\" width=\"150\" height=\"150\" src=\"https:\/\/www.ambienteyenergia.gob.ec\/ambiente\/wp-content\/uploads\/sites\/2\/2013\/05\/catch_attachment_20130514-160652-1-150x150.jpg\" class=\"attachment-thumbnail size-thumbnail\" alt=\"\" \/><\/a>\n\t\t\t<\/dt><\/dl><dl class='gallery-item'>\n\t\t\t<dt class='gallery-icon landscape'>\n\t\t\t\t<a href='https:\/\/www.ambienteyenergia.gob.ec\/ambiente\/ecuador-cuenta-con-20-nuevos-capacitadores-en-cambio-climatico-y-redd\/catch_attachment_20130514-161421-0\/'><img loading=\"lazy\" decoding=\"async\" width=\"150\" height=\"150\" src=\"https:\/\/www.ambienteyenergia.gob.ec\/ambiente\/wp-content\/uploads\/sites\/2\/2013\/05\/catch_attachment_20130514-161421-0-150x150.jpg\" class=\"attachment-thumbnail size-thumbnail\" alt=\"\" \/><\/a>\n\t\t\t<\/dt><\/dl><dl class='gallery-item'>\n\t\t\t<dt class='gallery-icon landscape'>\n\t\t\t\t<a href='https:\/\/www.ambienteyenergia.gob.ec\/ambiente\/ecuador-cuenta-con-20-nuevos-capacitadores-en-cambio-climatico-y-redd\/el-grupo-redd\/'><img loading=\"lazy\" decoding=\"async\" width=\"150\" height=\"150\" src=\"https:\/\/www.ambienteyenergia.gob.ec\/ambiente\/wp-content\/uploads\/sites\/2\/2013\/05\/el-grupo-redd-150x150.jpg\" class=\"attachment-thumbnail size-thumbnail\" alt=\"\" \/><\/a>\n\t\t\t<\/dt><\/dl>\n\t\t\t<br style='clear: both' \/>\n\t\t<\/div>\n\n","protected":false},"excerpt":{"rendered":"<p class=\"excerpt\">Como parte del proceso de involucramiento de la sociedad civil en la implementaci\u00f3n del mecanismo REDD+ en Ecuador, el Ministerio de Ambiente de Ecuador (MAE), el Programa Nacional Conjunto ONU-REDD Ecuador (PNC) y la Cooperaci\u00f3n Alemana, realizaron el segundo taller \u201cCapacitando a Capacitadores en el uso del Material Informativo para Comunidades sobre REDD+ en Ecuador\u201d, el cual se llev\u00f3 a&hellip; <a href=\"https:\/\/www.ambienteyenergia.gob.ec\/ambiente\/ecuador-cuenta-con-20-nuevos-capacitadores-en-cambio-climatico-y-redd\/\">Read more &rarr;<\/a><\/p>\n","protected":false},"author":13,"featured_media":11996,"comment_status":"open","ping_status":"open","sticky":false,"template":"","format":"standard","meta":{"footnotes":""},"categories":[16,4],"tags":[],"class_list":["post-11993","post","type-post","status-publish","format-standard","has-post-thumbnail","hentry","category-comunicamos","category-noticias","xfolkentry"],"_links":{"self":[{"href":"https:\/\/www.ambienteyenergia.gob.ec\/ambiente\/wp-json\/wp\/v2\/posts\/11993","targetHints":{"allow":["GET"]}}],"collection":[{"href":"https:\/\/www.ambienteyenergia.gob.ec\/ambiente\/wp-json\/wp\/v2\/posts"}],"about":[{"href":"https:\/\/www.ambienteyenergia.gob.ec\/ambiente\/wp-json\/wp\/v2\/types\/post"}],"author":[{"embeddable":true,"href":"https:\/\/www.ambienteyenergia.gob.ec\/ambiente\/wp-json\/wp\/v2\/users\/13"}],"replies":[{"embeddable":true,"href":"https:\/\/www.ambienteyenergia.gob.ec\/ambiente\/wp-json\/wp\/v2\/comments?post=11993"}],"version-history":[{"count":0,"href":"https:\/\/www.ambienteyenergia.gob.ec\/ambiente\/wp-json\/wp\/v2\/posts\/11993\/revisions"}],"wp:featuredmedia":[{"embeddable":true,"href":"https:\/\/www.ambienteyenergia.gob.ec\/ambiente\/wp-json\/wp\/v2\/media\/11996"}],"wp:attachment":[{"href":"https:\/\/www.ambienteyenergia.gob.ec\/ambiente\/wp-json\/wp\/v2\/media?parent=11993"}],"wp:term":[{"taxonomy":"category","embeddable":true,"href":"https:\/\/www.ambienteyenergia.gob.ec\/ambiente\/wp-json\/wp\/v2\/categories?post=11993"},{"taxonomy":"post_tag","embeddable":true,"href":"https:\/\/www.ambienteyenergia.gob.ec\/ambiente\/wp-json\/wp\/v2\/tags?post=11993"}],"curies":[{"name":"wp","href":"https:\/\/api.w.org\/{rel}","templated":true}]}}