{"id":11987,"date":"2013-05-31T10:01:26","date_gmt":"2013-05-31T15:01:26","guid":{"rendered":"http:\/\/www.ambiente.gob.ec\/?p=11987"},"modified":"2013-05-31T10:01:26","modified_gmt":"2013-05-31T15:01:26","slug":"mae-rescato-dos-monos-en-chimborazo","status":"publish","type":"post","link":"https:\/\/www.ambienteyenergia.gob.ec\/ambiente\/mae-rescato-dos-monos-en-chimborazo\/","title":{"rendered":"MAE rescat\u00f3 dos monos en Chimborazo"},"content":{"rendered":"<p style=\"text-align: justify;\">El pasado 29 de mayo, el Ministerio del Ambiente (MAE), en coordinaci\u00f3n con personal de la Unidad de Protecci\u00f3n del Medio Ambiente de la Polic\u00eda Nacional (UPMA), rescat\u00f3 a dos primates que se encontraban en cautiverio, en la provincia de Chimborazo.<\/p>\n<p style=\"text-align: justify;\">El primero, un \u201cMono Mach\u00edn\u201d (<strong><em>Cebus apella), <\/em><\/strong>que seg\u00fan el parte policial se encontraba amarrado en el patio de una casa, en la Parroquia San Andr\u00e9s del cant\u00f3n Guano. El animal ser\u00e1 trasladado al Centro de Rescate San Isidro de la Provincia del Guayas para su recuperaci\u00f3n.<\/p>\n<p style=\"text-align: justify;\">El segundo, un mono chichico del Napo <strong><em>(Saguinus graellsi)<\/em><\/strong>, fue rescatado en el sector la Estaci\u00f3n de la ciudad de Riobamba. Funcionarios del MAE lo trasladaron a Pastaza para ubicarlo en un centro de tenencia adecuado para el esp\u00e9cimen, donde ser\u00e1 puesto a buen recaudo y se analizar\u00e1 su estado de salud.<\/p>\n<p style=\"text-align: justify;\">La Direcci\u00f3n Provincial del Ambiente de Chimborazo de acuerdo a lo que establece la Ley Forestal y de Vida Silvestre, contin\u00faa en la batalla contra el cautiverio de animales silvestres.<\/p>\n<p style=\"text-align: justify;\">El MAE como autoridad ambiental solicita a la ciudadan\u00eda que si conoce de alg\u00fan animal silvestre en cautiverio se comunique al 1800-AMBIENTE (262436) e informe para proceder con las acciones pertinentes.<\/p>\n<div id='gallery-1' class='gallery galleryid-11987 gallery-columns-4 gallery-size-thumbnail'><dl class='gallery-item'>\n\t\t\t<dt class='gallery-icon landscape'>\n\t\t\t\t<a href='https:\/\/www.ambienteyenergia.gob.ec\/ambiente\/mae-rescato-dos-monos-en-chimborazo\/machin1\/'><img loading=\"lazy\" decoding=\"async\" width=\"150\" height=\"150\" src=\"https:\/\/www.ambienteyenergia.gob.ec\/ambiente\/wp-content\/uploads\/sites\/2\/2013\/05\/machin1-150x150.jpg\" class=\"attachment-thumbnail size-thumbnail\" alt=\"\" \/><\/a>\n\t\t\t<\/dt><\/dl><dl class='gallery-item'>\n\t\t\t<dt class='gallery-icon landscape'>\n\t\t\t\t<a href='https:\/\/www.ambienteyenergia.gob.ec\/ambiente\/mae-rescato-dos-monos-en-chimborazo\/chichico1\/'><img loading=\"lazy\" decoding=\"async\" width=\"150\" height=\"150\" src=\"https:\/\/www.ambienteyenergia.gob.ec\/ambiente\/wp-content\/uploads\/sites\/2\/2013\/05\/chichico1-150x150.jpg\" class=\"attachment-thumbnail size-thumbnail\" alt=\"\" \/><\/a>\n\t\t\t<\/dt><\/dl><dl class='gallery-item'>\n\t\t\t<dt class='gallery-icon portrait'>\n\t\t\t\t<a href='https:\/\/www.ambienteyenergia.gob.ec\/ambiente\/mae-rescato-dos-monos-en-chimborazo\/chichico2\/'><img loading=\"lazy\" decoding=\"async\" width=\"150\" height=\"150\" src=\"https:\/\/www.ambienteyenergia.gob.ec\/ambiente\/wp-content\/uploads\/sites\/2\/2013\/05\/chichico2-150x150.jpg\" class=\"attachment-thumbnail size-thumbnail\" alt=\"\" \/><\/a>\n\t\t\t<\/dt><\/dl><dl class='gallery-item'>\n\t\t\t<dt class='gallery-icon landscape'>\n\t\t\t\t<a href='https:\/\/www.ambienteyenergia.gob.ec\/ambiente\/mae-rescato-dos-monos-en-chimborazo\/machin2\/'><img loading=\"lazy\" decoding=\"async\" width=\"150\" height=\"150\" src=\"https:\/\/www.ambienteyenergia.gob.ec\/ambiente\/wp-content\/uploads\/sites\/2\/2013\/05\/machin2-150x150.jpg\" class=\"attachment-thumbnail size-thumbnail\" alt=\"\" \/><\/a>\n\t\t\t<\/dt><\/dl><br style=\"clear: both\" \/>\n\t\t<\/div>\n\n","protected":false},"excerpt":{"rendered":"<p class=\"excerpt\">El pasado 29 de mayo, el Ministerio del Ambiente (MAE), en coordinaci\u00f3n con personal de la Unidad de Protecci\u00f3n del Medio Ambiente de la Polic\u00eda Nacional (UPMA), rescat\u00f3 a dos primates que se encontraban en cautiverio, en la provincia de Chimborazo. El primero, un \u201cMono Mach\u00edn\u201d (Cebus apella), que seg\u00fan el parte policial se encontraba amarrado en el patio de&hellip; <a href=\"https:\/\/www.ambienteyenergia.gob.ec\/ambiente\/mae-rescato-dos-monos-en-chimborazo\/\">Read more &rarr;<\/a><\/p>\n","protected":false},"author":13,"featured_media":11991,"comment_status":"open","ping_status":"open","sticky":false,"template":"","format":"standard","meta":{"footnotes":""},"categories":[16,4],"tags":[],"class_list":["post-11987","post","type-post","status-publish","format-standard","has-post-thumbnail","hentry","category-comunicamos","category-noticias","xfolkentry"],"_links":{"self":[{"href":"https:\/\/www.ambienteyenergia.gob.ec\/ambiente\/wp-json\/wp\/v2\/posts\/11987","targetHints":{"allow":["GET"]}}],"collection":[{"href":"https:\/\/www.ambienteyenergia.gob.ec\/ambiente\/wp-json\/wp\/v2\/posts"}],"about":[{"href":"https:\/\/www.ambienteyenergia.gob.ec\/ambiente\/wp-json\/wp\/v2\/types\/post"}],"author":[{"embeddable":true,"href":"https:\/\/www.ambienteyenergia.gob.ec\/ambiente\/wp-json\/wp\/v2\/users\/13"}],"replies":[{"embeddable":true,"href":"https:\/\/www.ambienteyenergia.gob.ec\/ambiente\/wp-json\/wp\/v2\/comments?post=11987"}],"version-history":[{"count":0,"href":"https:\/\/www.ambienteyenergia.gob.ec\/ambiente\/wp-json\/wp\/v2\/posts\/11987\/revisions"}],"wp:featuredmedia":[{"embeddable":true,"href":"https:\/\/www.ambienteyenergia.gob.ec\/ambiente\/wp-json\/wp\/v2\/media\/11991"}],"wp:attachment":[{"href":"https:\/\/www.ambienteyenergia.gob.ec\/ambiente\/wp-json\/wp\/v2\/media?parent=11987"}],"wp:term":[{"taxonomy":"category","embeddable":true,"href":"https:\/\/www.ambienteyenergia.gob.ec\/ambiente\/wp-json\/wp\/v2\/categories?post=11987"},{"taxonomy":"post_tag","embeddable":true,"href":"https:\/\/www.ambienteyenergia.gob.ec\/ambiente\/wp-json\/wp\/v2\/tags?post=11987"}],"curies":[{"name":"wp","href":"https:\/\/api.w.org\/{rel}","templated":true}]}}