{"id":11951,"date":"2013-05-30T14:07:01","date_gmt":"2013-05-30T19:07:01","guid":{"rendered":"http:\/\/www.ambiente.gob.ec\/?p=11951"},"modified":"2013-05-30T14:07:01","modified_gmt":"2013-05-30T19:07:01","slug":"el-gobierno-nacional-promovio-declaratoria-de-reserva-de-biosfera-para-macizo-del-cajas","status":"publish","type":"post","link":"https:\/\/www.ambienteyenergia.gob.ec\/ambiente\/el-gobierno-nacional-promovio-declaratoria-de-reserva-de-biosfera-para-macizo-del-cajas\/","title":{"rendered":"El  Gobierno Nacional promovi\u00f3 Declaratoria de Reserva de Bi\u00f3sfera para  Macizo del Cajas"},"content":{"rendered":"<p style=\"text-align: justify;\">\u00abLa declaraci\u00f3n del Macizo del Cajas como Reserva de Bi\u00f3sfera (RB) por parte de Unesco, es una noticia excelente porque los objetivos de las RB a nivel mundial, son la conservaci\u00f3n de la flora y fauna, desarrollo econ\u00f3mico y humano sostenible, y el apoyo a proyectos locales, regionales nacionales, investigaci\u00f3n y desarrollo sostenible. Para este reconocimiento, un equipo interinstitucional, que incluy\u00f3 al Ministerio del Ambiente,\u00a0 trabaj\u00f3 desde 2010,\u00a0 resaltando las caracter\u00edsticas biodiversas de la zona\u00bb. expuso la M\u00e1xima Autoridad Ambiental, Lorena Tapia, durante las\u00a0 entrevistas mantenidas hoy en Ecuador Tv y FM Mundo.<\/p>\n<p style=\"text-align: justify;\">En ese contexto, la Ministra explic\u00f3 que la declaraci\u00f3n del Macizo del Cajas como Reserva de Bi\u00f3sfera no se contrapone a los concesiones efectuadas en el \u00e1rea. \u00abEn la Zona N\u00facleo del Macizo se encuentra el \u00c1rea Nacional de Recreaci\u00f3n Quimsacocha. Ello quiere decir que ese n\u00facleo estar\u00e1 dedicado para la conservaci\u00f3n en su totalidad. Solo el 1, 40% de las casi un mill\u00f3n de hect\u00e1reas que conforman esta nueva bi\u00f3sfera, corresponde a \u00a0\u00e1reas concesionadas y el 0,014% ser\u00edan intervenidas con proyectos estrat\u00e9gicos mineros. El Ministerio har\u00e1 un seguimiento del cumplimiento de la normativa legal.<\/p>\n<p style=\"text-align: justify;\">Asimismo, recalc\u00f3 que ninguno de los proyectos que se desarrollan en la zona se sobreponen a las \u00c1reas Protegidas o Zonas N\u00facleo de la Reserva, seg\u00fan lo avala el certificado de intersecci\u00f3n exigido por el MAE para la emisi\u00f3n de Licencias Ambientales.<\/p>\n","protected":false},"excerpt":{"rendered":"<p class=\"excerpt\">\u00abLa declaraci\u00f3n del Macizo del Cajas como Reserva de Bi\u00f3sfera (RB) por parte de Unesco, es una noticia excelente porque los objetivos de las RB a nivel mundial, son la conservaci\u00f3n de la flora y fauna, desarrollo econ\u00f3mico y humano sostenible, y el apoyo a proyectos locales, regionales nacionales, investigaci\u00f3n y desarrollo sostenible. Para este reconocimiento, un equipo interinstitucional, que&hellip; <a href=\"https:\/\/www.ambienteyenergia.gob.ec\/ambiente\/el-gobierno-nacional-promovio-declaratoria-de-reserva-de-biosfera-para-macizo-del-cajas\/\">Read more &rarr;<\/a><\/p>\n","protected":false},"author":13,"featured_media":11952,"comment_status":"open","ping_status":"open","sticky":false,"template":"","format":"standard","meta":{"footnotes":""},"categories":[16,4],"tags":[],"class_list":["post-11951","post","type-post","status-publish","format-standard","has-post-thumbnail","hentry","category-comunicamos","category-noticias","xfolkentry"],"_links":{"self":[{"href":"https:\/\/www.ambienteyenergia.gob.ec\/ambiente\/wp-json\/wp\/v2\/posts\/11951","targetHints":{"allow":["GET"]}}],"collection":[{"href":"https:\/\/www.ambienteyenergia.gob.ec\/ambiente\/wp-json\/wp\/v2\/posts"}],"about":[{"href":"https:\/\/www.ambienteyenergia.gob.ec\/ambiente\/wp-json\/wp\/v2\/types\/post"}],"author":[{"embeddable":true,"href":"https:\/\/www.ambienteyenergia.gob.ec\/ambiente\/wp-json\/wp\/v2\/users\/13"}],"replies":[{"embeddable":true,"href":"https:\/\/www.ambienteyenergia.gob.ec\/ambiente\/wp-json\/wp\/v2\/comments?post=11951"}],"version-history":[{"count":0,"href":"https:\/\/www.ambienteyenergia.gob.ec\/ambiente\/wp-json\/wp\/v2\/posts\/11951\/revisions"}],"wp:featuredmedia":[{"embeddable":true,"href":"https:\/\/www.ambienteyenergia.gob.ec\/ambiente\/wp-json\/wp\/v2\/media\/11952"}],"wp:attachment":[{"href":"https:\/\/www.ambienteyenergia.gob.ec\/ambiente\/wp-json\/wp\/v2\/media?parent=11951"}],"wp:term":[{"taxonomy":"category","embeddable":true,"href":"https:\/\/www.ambienteyenergia.gob.ec\/ambiente\/wp-json\/wp\/v2\/categories?post=11951"},{"taxonomy":"post_tag","embeddable":true,"href":"https:\/\/www.ambienteyenergia.gob.ec\/ambiente\/wp-json\/wp\/v2\/tags?post=11951"}],"curies":[{"name":"wp","href":"https:\/\/api.w.org\/{rel}","templated":true}]}}