{"id":11947,"date":"2013-05-30T14:05:34","date_gmt":"2013-05-30T19:05:34","guid":{"rendered":"http:\/\/www.ambiente.gob.ec\/?p=11947"},"modified":"2013-05-30T15:30:36","modified_gmt":"2013-05-30T20:30:36","slug":"el-mae-no-flexibilizara-los-procesos-ambientales-para-otorgar-licencias-a-proyectos-mineros","status":"publish","type":"post","link":"https:\/\/www.ambienteyenergia.gob.ec\/ambiente\/el-mae-no-flexibilizara-los-procesos-ambientales-para-otorgar-licencias-a-proyectos-mineros\/","title":{"rendered":"\u00abEl MAE no flexibilizar\u00e1  los procesos ambientales para otorgar licencias a proyectos mineros\u00bb"},"content":{"rendered":"<p style=\"text-align: justify;\">Hoy, en entrevistas realizadas en EcuadorTV \u00a0y FM Mundo, la Ministra del Ambiente, Lorena Tapia explic\u00f3 que el Proyecto de \u00a0Ley de Miner\u00eda que se encuentra en debate en la Asamblea Nacional tuvo el aporte del Ministerio del Ambiente (MAE) desde la visi\u00f3n de una miner\u00eda totalmente responsable con la naturaleza, fortaleciendo los controles y supervisando de manera constante la aplicaci\u00f3n de los lineamientos exigidos para el otorgamiento de Licencias y categorizando las fases de miner\u00eda, a partir del nivel de impacto.<\/p>\n<p style=\"text-align: justify;\">\u00abNuestra propuesta es aplicar la categorizaci\u00f3n ambiental nacional para las fases mineras de Exploraci\u00f3n Inicial, Exploraci\u00f3n Avanzada, Explotaci\u00f3n, Beneficio en funci\u00f3n del riesgo y grado de impacto, con la finalidad de optimizar tiempos para agilitar la emisi\u00f3n de permisos y licencias de todos\u00a0 los proyectos, obras o actividades que se desarrollan en el pa\u00eds\u00bb, indic\u00f3 la Secretaria de Estado.<\/p>\n<p style=\"text-align: justify;\">Adem\u00e1s, aclar\u00f3 que de ninguna manera, esos cambios significan una flexibilizaci\u00f3n de los procesos, sino que significa el mejoramiento de los servicios, la transparencia y accesibilidad de la informaci\u00f3n en materia ambiental. \u00abEn todos proyectos o actividades que se desarrollan en Ecuador, \u00a0el instrumento fundamental que avala y controla su trabajo es la Licencia Ambiental\u00bb.<\/p>\n<p style=\"text-align: justify;\">En ese sentido, Tapia explic\u00f3 que el MAE, ejecuta procesos de seguimiento y control a trav\u00e9s de la Direcci\u00f3n Nacional de Control, Direcciones Provinciales y la Unidad de Calidad Ambiental. En esas inspecciones,\u00a0 se verifica de manera constante el cumplimiento de los planes de manejo ambiental para todos los proyectos que cuentan con Licencia, mediante informes de monitoreo, auditor\u00edas de cumplimiento, entre otros mecanismos de control.<\/p>\n","protected":false},"excerpt":{"rendered":"<p class=\"excerpt\">Hoy, en entrevistas realizadas en EcuadorTV \u00a0y FM Mundo, la Ministra del Ambiente, Lorena Tapia explic\u00f3 que el Proyecto de \u00a0Ley de Miner\u00eda que se encuentra en debate en la Asamblea Nacional tuvo el aporte del Ministerio del Ambiente (MAE) desde la visi\u00f3n de una miner\u00eda totalmente responsable con la naturaleza, fortaleciendo los controles y supervisando de manera constante la&hellip; <a href=\"https:\/\/www.ambienteyenergia.gob.ec\/ambiente\/el-mae-no-flexibilizara-los-procesos-ambientales-para-otorgar-licencias-a-proyectos-mineros\/\">Read more &rarr;<\/a><\/p>\n","protected":false},"author":13,"featured_media":11948,"comment_status":"open","ping_status":"open","sticky":false,"template":"","format":"standard","meta":{"footnotes":""},"categories":[16,4],"tags":[],"class_list":["post-11947","post","type-post","status-publish","format-standard","has-post-thumbnail","hentry","category-comunicamos","category-noticias","xfolkentry"],"_links":{"self":[{"href":"https:\/\/www.ambienteyenergia.gob.ec\/ambiente\/wp-json\/wp\/v2\/posts\/11947","targetHints":{"allow":["GET"]}}],"collection":[{"href":"https:\/\/www.ambienteyenergia.gob.ec\/ambiente\/wp-json\/wp\/v2\/posts"}],"about":[{"href":"https:\/\/www.ambienteyenergia.gob.ec\/ambiente\/wp-json\/wp\/v2\/types\/post"}],"author":[{"embeddable":true,"href":"https:\/\/www.ambienteyenergia.gob.ec\/ambiente\/wp-json\/wp\/v2\/users\/13"}],"replies":[{"embeddable":true,"href":"https:\/\/www.ambienteyenergia.gob.ec\/ambiente\/wp-json\/wp\/v2\/comments?post=11947"}],"version-history":[{"count":0,"href":"https:\/\/www.ambienteyenergia.gob.ec\/ambiente\/wp-json\/wp\/v2\/posts\/11947\/revisions"}],"wp:featuredmedia":[{"embeddable":true,"href":"https:\/\/www.ambienteyenergia.gob.ec\/ambiente\/wp-json\/wp\/v2\/media\/11948"}],"wp:attachment":[{"href":"https:\/\/www.ambienteyenergia.gob.ec\/ambiente\/wp-json\/wp\/v2\/media?parent=11947"}],"wp:term":[{"taxonomy":"category","embeddable":true,"href":"https:\/\/www.ambienteyenergia.gob.ec\/ambiente\/wp-json\/wp\/v2\/categories?post=11947"},{"taxonomy":"post_tag","embeddable":true,"href":"https:\/\/www.ambienteyenergia.gob.ec\/ambiente\/wp-json\/wp\/v2\/tags?post=11947"}],"curies":[{"name":"wp","href":"https:\/\/api.w.org\/{rel}","templated":true}]}}