{"id":11937,"date":"2013-05-30T08:59:23","date_gmt":"2013-05-30T13:59:23","guid":{"rendered":"http:\/\/www.ambiente.gob.ec\/?p=11937"},"modified":"2013-05-30T10:24:34","modified_gmt":"2013-05-30T15:24:34","slug":"el-area-nacional-de-recreacion-quimsacocha-es-parte-del-patrimonio-de-areas-naturales-del-estado-desde-2012","status":"publish","type":"post","link":"https:\/\/www.ambienteyenergia.gob.ec\/ambiente\/el-area-nacional-de-recreacion-quimsacocha-es-parte-del-patrimonio-de-areas-naturales-del-estado-desde-2012\/","title":{"rendered":"El \u00c1rea Nacional de Recreaci\u00f3n Quimsacocha es parte del Patrimonio de \u00c1reas Naturales del Estado desde 2012"},"content":{"rendered":"<p style=\"text-align: justify;\">En marzo de 2012, el Ministerio del Ambiente (MAE) y el Municipio de Cuenca, \u00a0suscribieron un convenio de coordinaci\u00f3n y articulaci\u00f3n de acciones conjuntas para optimiza la gesti\u00f3n, control, manejo y administraci\u00f3n del \u00c1rea Nacional de Recreaci\u00f3n Quimsacocha, con la finalidad de proteger y preservar la diversidad de flora y fauna que habita en las m\u00e1s de 3 217 ha que conforman esta zona perteneciente a la nueva Reserva de Bi\u00f3sfera El Macizo del Cajas.<\/p>\n<p style=\"text-align: justify;\">Establecer directrices y lineamientos para la elaboraci\u00f3n y posterior aprobaci\u00f3n del Plan de Manejo del \u00c1rea Protegida, asesorar de manera \u00a0t\u00e9cnica respecto al manejo y administraci\u00f3n, establecer se\u00f1al\u00e9tica conforme a la Pol\u00edtica y Estrategia de Comunicaci\u00f3n del MAE, ejecutar actividades de protecci\u00f3n y conservaci\u00f3n de ecosistemas existentes en\u00a0 Quimsacocha,\u00a0 seguir y vigilar todas las normas del Patrimonio de \u00c1reas Naturales del Estado (PANE), son las acciones que esta Cartera de Estado y la Municipalidad de Cuenca efect\u00faan en para preservar esta \u00c1rea declarada como Protegida en enero del 2012, seg\u00fan Acuerdo Ministerial Nro. 007.<\/p>\n<p style=\"text-align: justify;\">El \u00c1rea Nacional de Recreaci\u00f3n Quimsacocha se caracterizada por estar cubierta por ecosistemas fr\u00e1giles como el p\u00e1ramo, el cual permite el mantenimiento de uno de los principales recursos del \u00e1rea: el agua. Por esa raz\u00f3n, El MAE revirti\u00f3 la concesi\u00f3n para exploraci\u00f3n minera de la era parte. Adem\u00e1s, est\u00e1 dentro de la Reserva de Bi\u00f3sfera Macizo del Cajas, cuyo objetivos son la conservaci\u00f3n, desarrollo econ\u00f3mico y humano sostenible, y el apoyo a proyectos locales, regionales nacionales, investigaci\u00f3n y desarrollo sostenible.<\/p>\n<p style=\"text-align: justify;\"><strong>Reserva de Bi\u00f3sfera Macizo del Cajas<\/strong><\/p>\n<p style=\"text-align: justify;\">El pasado 28 de mayo, la Organizaci\u00f3n de las Naciones Unidas para la Educaci\u00f3n, la Ciencia y la Cultura (Unesco), a trav\u00e9s de su Programa sobre el Hombre y la Biosfera (MAB) incluyeron a El Macizo del Cajas a la red internacional de reservas de bi\u00f3sfera. Esta declaraci\u00f3n fue el resultado de una gesti\u00f3n interdisciplianaria, intersectorial e interinstitucional, que inici\u00f3 en 2010 con una solicitud del Ecuador.<\/p>\n<p style=\"text-align: justify;\">Toda Reserva de Bi\u00f3sfera tiene una Zona N\u00facleo, destinada a la conservaci\u00f3n de ecosistemas y especies (\u00c1rea Protegida); una Zona amortiguamiento, se permiten actividades compatibles con la conservaci\u00f3n y actividad humana basada en un concepto de desarrollo sostenible; y una Zona de transici\u00f3n, se permite actividades productivas\u00a0 y de desarrollo econ\u00f3mico.<\/p>\n<p style=\"text-align: justify;\">En la zona de Amortiguamiento del Macizo del Cajas, se desarrollan dos proyectos estrat\u00e9gicos relacionados con la Exploraci\u00f3n Minera (R\u00edo Blanco, Loma Larga), estos proyectos cuentan con una Licencia Ambiental otorgada por el MAE en el a\u00f1o 2004 y 2002 respectivamente. Ninguno de estos proyectos interseca con las \u00c1reas Protegidas correspondientes a la zona n\u00facleo (\u00c1rea Protegida).<\/p>\n<p style=\"text-align: justify;\">Se debe mencionar que de toda el \u00c1rea que ocupa la reserva tan solo el 1,40 % (13738 ha) corresponde al \u00e1rea concesionada entre los dos proyectos y el 0,014 % (140 ha) ser\u00e1 intervenido por los proyectos estrat\u00e9gicos. Se recalca que ninguno de los proyectos se sobrepone a las \u00c1reas Protegidas o Zonas N\u00facleo de la Reserva.<\/p>\n<p style=\"text-align: justify;\">La zona n\u00facleo de la Reserva (4,53%-44.156,22 ha.) est\u00e1 conformada por El\u00a0 Parque Nacional Cajas, el \u00c1reas Nacional de Recreaci\u00f3n Quimsacocha y una zona marina costera. Son parte del Patrimonio de \u00c1reas Naturales del Ecuador y se encuentran bajo un r\u00e9gimen de administraci\u00f3n especial. Esta zona es regulada por el Ministerio del Ambiente.<\/p>\n<p style=\"text-align: justify;\">La superficie de la nueva reserva es de 976.600,92 ha, de la cuales 892.161,52\u00a0 ha corresponden a territorio continental y 88.439,4 ha a territorio marino. El \u00e1rea se encuentra en el sur occidente del Ecuador, abarca las vertientes Pac\u00edfica y Atl\u00e1ntica de la Cordillera Occidental de los Andes. Sus l\u00edmites pol\u00edtico &#8211; administrativo incluyen 64 parroquias que pertenecen a las provincias de Azuay, Ca\u00f1ar, EL Oro y Guayas<\/p>\n","protected":false},"excerpt":{"rendered":"<p class=\"excerpt\">En marzo de 2012, el Ministerio del Ambiente (MAE) y el Municipio de Cuenca, \u00a0suscribieron un convenio de coordinaci\u00f3n y articulaci\u00f3n de acciones conjuntas para optimiza la gesti\u00f3n, control, manejo y administraci\u00f3n del \u00c1rea Nacional de Recreaci\u00f3n Quimsacocha, con la finalidad de proteger y preservar la diversidad de flora y fauna que habita en las m\u00e1s de 3 217 ha&hellip; <a href=\"https:\/\/www.ambienteyenergia.gob.ec\/ambiente\/el-area-nacional-de-recreacion-quimsacocha-es-parte-del-patrimonio-de-areas-naturales-del-estado-desde-2012\/\">Read more &rarr;<\/a><\/p>\n","protected":false},"author":13,"featured_media":11938,"comment_status":"open","ping_status":"open","sticky":false,"template":"","format":"standard","meta":{"footnotes":""},"categories":[16,4],"tags":[],"class_list":["post-11937","post","type-post","status-publish","format-standard","has-post-thumbnail","hentry","category-comunicamos","category-noticias","xfolkentry"],"_links":{"self":[{"href":"https:\/\/www.ambienteyenergia.gob.ec\/ambiente\/wp-json\/wp\/v2\/posts\/11937","targetHints":{"allow":["GET"]}}],"collection":[{"href":"https:\/\/www.ambienteyenergia.gob.ec\/ambiente\/wp-json\/wp\/v2\/posts"}],"about":[{"href":"https:\/\/www.ambienteyenergia.gob.ec\/ambiente\/wp-json\/wp\/v2\/types\/post"}],"author":[{"embeddable":true,"href":"https:\/\/www.ambienteyenergia.gob.ec\/ambiente\/wp-json\/wp\/v2\/users\/13"}],"replies":[{"embeddable":true,"href":"https:\/\/www.ambienteyenergia.gob.ec\/ambiente\/wp-json\/wp\/v2\/comments?post=11937"}],"version-history":[{"count":0,"href":"https:\/\/www.ambienteyenergia.gob.ec\/ambiente\/wp-json\/wp\/v2\/posts\/11937\/revisions"}],"wp:featuredmedia":[{"embeddable":true,"href":"https:\/\/www.ambienteyenergia.gob.ec\/ambiente\/wp-json\/wp\/v2\/media\/11938"}],"wp:attachment":[{"href":"https:\/\/www.ambienteyenergia.gob.ec\/ambiente\/wp-json\/wp\/v2\/media?parent=11937"}],"wp:term":[{"taxonomy":"category","embeddable":true,"href":"https:\/\/www.ambienteyenergia.gob.ec\/ambiente\/wp-json\/wp\/v2\/categories?post=11937"},{"taxonomy":"post_tag","embeddable":true,"href":"https:\/\/www.ambienteyenergia.gob.ec\/ambiente\/wp-json\/wp\/v2\/tags?post=11937"}],"curies":[{"name":"wp","href":"https:\/\/api.w.org\/{rel}","templated":true}]}}