{"id":11928,"date":"2013-05-29T17:32:46","date_gmt":"2013-05-29T22:32:46","guid":{"rendered":"http:\/\/www.ambiente.gob.ec\/?p=11928"},"modified":"2013-05-30T09:54:29","modified_gmt":"2013-05-30T14:54:29","slug":"mae-continua-capacitando-a-los-gads-provinciales","status":"publish","type":"post","link":"https:\/\/www.ambienteyenergia.gob.ec\/ambiente\/mae-continua-capacitando-a-los-gads-provinciales\/","title":{"rendered":"MAE contin\u00faa capacitando a los GAD&#8217;S provinciales"},"content":{"rendered":"<p style=\"text-align: justify;\">El Ministerio del Ambiente (MAE) y el Consorcio de Gobiernos Aut\u00f3nomos Provinciales del Ecuador (CONGOPE) contin\u00faan capacitando a los representantes de los diferentes Gobiernos Aut\u00f3nomos Descentralizados (GAD\u00b4s) del pa\u00eds en el curso de \u201cCambio clim\u00e1tico en la gesti\u00f3n provincial\u201d, siendo uno de los objetivos principales incluir criterios de cambio clim\u00e1tico emitidos por la Autoridad Nacional Ambiental.<\/p>\n<p style=\"text-align: justify;\">El 28 y 29 de mayo se realiz\u00f3 en la ciudad de Loja el cuarto m\u00f3dulo de capacitaci\u00f3n que trata el tema de \u201cRepuestas ante el cambio clim\u00e1tico: adaptaci\u00f3n y mitigaci\u00f3n\u201d, entendi\u00e9ndose como <strong>adaptaci\u00f3n <\/strong>a las \u00a0actividades enfocadas a reducir la vulnerabilidad social, econ\u00f3mica y ambiental frente al impacto de cambio clim\u00e1tico y <strong>mitigaci\u00f3n <\/strong>como las actividades enfocadas a incrementar los esfuerzos para la reducci\u00f3n de emisiones de gases de efecto invernadero (GEI) y potencializaci\u00f3n de los sumideros.<\/p>\n<p style=\"text-align: justify;\">Cristian Parra, Director Nacional de Mitigaci\u00f3n del Cambio Clim\u00e1tico, estuvo presente en el primer d\u00eda del taller\u00a0 y reiter\u00f3 el compromiso del MAE en apoyar las iniciativas y proyectos de los gobiernos provinciales en temas relacionados al cambio clim\u00e1tico y el ambiente.<\/p>\n<p style=\"text-align: justify;\"><strong>Salida de campo<\/strong><\/p>\n<p style=\"text-align: justify;\">Una de las metodolog\u00edas utilizadas en estos talleres de capacitaci\u00f3n es visitar al segundo d\u00eda un proyecto ejecutado relacionado a los temas que se tratan el primer d\u00eda, en esta ocasi\u00f3n los talleristas pudieron visitar el Proyecto de Adaptaci\u00f3n al Cambio Clim\u00e1tico (PACC) del \u00a0MAE, el mismo que se ha realizado con el apoyo del Gobierno Provincial de Loja.<\/p>\n<p style=\"text-align: justify;\">En el lugar, \u00a0los t\u00e9cnicos de los GAD\u00b4s conocieron la realidad de esta provincia, uno de sus mayores problemas es la falta de agua, parte de las acciones del proyecto es la creaci\u00f3n de albarradas, reservorios de agua y sistemas de riego por aspersi\u00f3n, que han beneficiado a los habitantes de la parroquia de Malacatos \u2013 Loja.<\/p>\n<p style=\"text-align: justify;\">Jorge Cabrera, habitante nativo de esta parroquia manifest\u00f3 su agradecimiento al MAE y comparti\u00f3 la experiencia positiva obtenida por la implementaci\u00f3n del proyecto, nos cuenta que la \u201cobra\u00a0 ha beneficiado a nuestras familias y comunidad, el fruto de esto es que ha mejorado nuestro sistema de vida, ahora tenemos un mayor ingreso econ\u00f3mico porque se ha podido cultivar plantas de ciclo corto\u201d.<\/p>\n<p style=\"text-align: justify;\">Esta es una medida exitosa de adaptaci\u00f3n al cambio clim\u00e1tico porque la comunidad se encuentra preparada ante los cambios de clima. Seg\u00fan Cabrera cuando era peque\u00f1o el clima era demarcado. \u00abTen\u00edamos temporada de invierno y de verano, ahora en cambio en pleno tiempo de invierno, en el mes de abril solo llovi\u00f3 por sectores, el clima est\u00e1 bien variado\u201d.<\/p>\n<p style=\"text-align: justify;\"><strong>El dato<\/strong><\/p>\n<p style=\"text-align: justify;\">Cada m\u00f3dulo tiene una duraci\u00f3n de dos d\u00edas. En el primero, los participantes aprenden y refuerzan sus conocimientos y el segundo, visitan proyectos donde medidas de adaptaci\u00f3n o mitigaci\u00f3n son aplicadas con el apoyo de las comunidades m\u00e1s vulnerables ante el problema del cambio clim\u00e1tico.<\/p>\n<p>&nbsp;<\/p>\n<div id='gallery-1' class='gallery galleryid-11928 gallery-columns-4 gallery-size-thumbnail'><dl class='gallery-item'>\n\t\t\t<dt class='gallery-icon landscape'>\n\t\t\t\t<a href='https:\/\/www.ambienteyenergia.gob.ec\/ambiente\/mae-continua-capacitando-a-los-gads-provinciales\/p1080064\/'><img loading=\"lazy\" decoding=\"async\" width=\"150\" height=\"150\" src=\"https:\/\/www.ambienteyenergia.gob.ec\/ambiente\/wp-content\/uploads\/sites\/2\/2013\/05\/P1080064-150x150.jpg\" class=\"attachment-thumbnail size-thumbnail\" alt=\"\" \/><\/a>\n\t\t\t<\/dt><\/dl><dl class='gallery-item'>\n\t\t\t<dt class='gallery-icon landscape'>\n\t\t\t\t<a href='https:\/\/www.ambienteyenergia.gob.ec\/ambiente\/mae-continua-capacitando-a-los-gads-provinciales\/p1080300\/'><img loading=\"lazy\" decoding=\"async\" width=\"150\" height=\"150\" src=\"https:\/\/www.ambienteyenergia.gob.ec\/ambiente\/wp-content\/uploads\/sites\/2\/2013\/05\/P1080300-150x150.jpg\" class=\"attachment-thumbnail size-thumbnail\" alt=\"\" \/><\/a>\n\t\t\t<\/dt><\/dl><dl class='gallery-item'>\n\t\t\t<dt class='gallery-icon landscape'>\n\t\t\t\t<a href='https:\/\/www.ambienteyenergia.gob.ec\/ambiente\/mae-continua-capacitando-a-los-gads-provinciales\/p1080302\/'><img loading=\"lazy\" decoding=\"async\" width=\"150\" height=\"150\" src=\"https:\/\/www.ambienteyenergia.gob.ec\/ambiente\/wp-content\/uploads\/sites\/2\/2013\/05\/P1080302-150x150.jpg\" class=\"attachment-thumbnail size-thumbnail\" alt=\"\" \/><\/a>\n\t\t\t<\/dt><\/dl><dl class='gallery-item'>\n\t\t\t<dt class='gallery-icon landscape'>\n\t\t\t\t<a href='https:\/\/www.ambienteyenergia.gob.ec\/ambiente\/mae-continua-capacitando-a-los-gads-provinciales\/p1080327\/'><img loading=\"lazy\" decoding=\"async\" width=\"150\" height=\"150\" src=\"https:\/\/www.ambienteyenergia.gob.ec\/ambiente\/wp-content\/uploads\/sites\/2\/2013\/05\/P1080327-150x150.jpg\" class=\"attachment-thumbnail size-thumbnail\" alt=\"\" \/><\/a>\n\t\t\t<\/dt><\/dl><br style=\"clear: both\" \/><dl class='gallery-item'>\n\t\t\t<dt class='gallery-icon landscape'>\n\t\t\t\t<a href='https:\/\/www.ambienteyenergia.gob.ec\/ambiente\/mae-continua-capacitando-a-los-gads-provinciales\/p1080334\/'><img loading=\"lazy\" decoding=\"async\" width=\"150\" height=\"150\" src=\"https:\/\/www.ambienteyenergia.gob.ec\/ambiente\/wp-content\/uploads\/sites\/2\/2013\/05\/P1080334-150x150.jpg\" class=\"attachment-thumbnail size-thumbnail\" alt=\"\" \/><\/a>\n\t\t\t<\/dt><\/dl>\n\t\t\t<br style='clear: both' \/>\n\t\t<\/div>\n\n","protected":false},"excerpt":{"rendered":"<p class=\"excerpt\">El Ministerio del Ambiente (MAE) y el Consorcio de Gobiernos Aut\u00f3nomos Provinciales del Ecuador (CONGOPE) contin\u00faan capacitando a los representantes de los diferentes Gobiernos Aut\u00f3nomos Descentralizados (GAD\u00b4s) del pa\u00eds en el curso de \u201cCambio clim\u00e1tico en la gesti\u00f3n provincial\u201d, siendo uno de los objetivos principales incluir criterios de cambio clim\u00e1tico emitidos por la Autoridad Nacional Ambiental. El 28 y 29&hellip; <a href=\"https:\/\/www.ambienteyenergia.gob.ec\/ambiente\/mae-continua-capacitando-a-los-gads-provinciales\/\">Read more &rarr;<\/a><\/p>\n","protected":false},"author":13,"featured_media":11931,"comment_status":"open","ping_status":"open","sticky":false,"template":"","format":"standard","meta":{"footnotes":""},"categories":[16,4],"tags":[],"class_list":["post-11928","post","type-post","status-publish","format-standard","has-post-thumbnail","hentry","category-comunicamos","category-noticias","xfolkentry"],"_links":{"self":[{"href":"https:\/\/www.ambienteyenergia.gob.ec\/ambiente\/wp-json\/wp\/v2\/posts\/11928","targetHints":{"allow":["GET"]}}],"collection":[{"href":"https:\/\/www.ambienteyenergia.gob.ec\/ambiente\/wp-json\/wp\/v2\/posts"}],"about":[{"href":"https:\/\/www.ambienteyenergia.gob.ec\/ambiente\/wp-json\/wp\/v2\/types\/post"}],"author":[{"embeddable":true,"href":"https:\/\/www.ambienteyenergia.gob.ec\/ambiente\/wp-json\/wp\/v2\/users\/13"}],"replies":[{"embeddable":true,"href":"https:\/\/www.ambienteyenergia.gob.ec\/ambiente\/wp-json\/wp\/v2\/comments?post=11928"}],"version-history":[{"count":0,"href":"https:\/\/www.ambienteyenergia.gob.ec\/ambiente\/wp-json\/wp\/v2\/posts\/11928\/revisions"}],"wp:featuredmedia":[{"embeddable":true,"href":"https:\/\/www.ambienteyenergia.gob.ec\/ambiente\/wp-json\/wp\/v2\/media\/11931"}],"wp:attachment":[{"href":"https:\/\/www.ambienteyenergia.gob.ec\/ambiente\/wp-json\/wp\/v2\/media?parent=11928"}],"wp:term":[{"taxonomy":"category","embeddable":true,"href":"https:\/\/www.ambienteyenergia.gob.ec\/ambiente\/wp-json\/wp\/v2\/categories?post=11928"},{"taxonomy":"post_tag","embeddable":true,"href":"https:\/\/www.ambienteyenergia.gob.ec\/ambiente\/wp-json\/wp\/v2\/tags?post=11928"}],"curies":[{"name":"wp","href":"https:\/\/api.w.org\/{rel}","templated":true}]}}