{"id":11925,"date":"2013-05-29T17:21:08","date_gmt":"2013-05-29T22:21:08","guid":{"rendered":"http:\/\/www.ambiente.gob.ec\/?p=11925"},"modified":"2013-05-29T17:21:08","modified_gmt":"2013-05-29T22:21:08","slug":"mae-realiza-la-retencion-de-carne-de-guangana-en-orellana","status":"publish","type":"post","link":"https:\/\/www.ambienteyenergia.gob.ec\/ambiente\/mae-realiza-la-retencion-de-carne-de-guangana-en-orellana\/","title":{"rendered":"MAE realiza la retenci\u00f3n de carne de Guangana en Orellana"},"content":{"rendered":"<p style=\"text-align: justify;\">\u00a0El Ministerio del Ambiente (MAE), el pasado 26 de Mayo, realiz\u00f3 un operativo en el que se decomis\u00f3 85 libras carne de Guangana<strong><em> (<\/em><\/strong><strong><em>Tassu pecari), <\/em><\/strong>en un bus de<strong><em> <\/em><\/strong>la Cooperativa Alejandro Labaka. La Unidad fue interceptada a la altura de la V\u00eda Sacha-Coca, en el interior de las bodegas se encontr\u00f3 el producto, pero no se encontr\u00f3 a los responsables.<\/p>\n<p style=\"text-align: justify;\">\u00a0La Direcci\u00f3n Provincial del Ambiente Orellana, en coordinaci\u00f3n con la Unidad de Polic\u00eda de Medio Ambiente (UPMA), retir\u00f3 el producto, que iba a hacer comercializado en el Mercado del Cant\u00f3n Francisco de Orellana, provincia de Orellana. El producto decomisado fue reincorporado al suelo como biomasa.<\/p>\n<p style=\"text-align: justify;\">Con estos operativos el MAE, busca reducir en porcentaje de extracci\u00f3n de carne silvestre para su comercializaci\u00f3n en la Provincia.<\/p>\n<p style=\"text-align: justify;\">La Guangana es un mam\u00edfero que habita en la Costa, Amazon\u00eda y Estribaciones de los Andes. Esta especie vive en manadas y se alimenta de frutos, hojas, insectos y tub\u00e9rculos. Se caracteriza por recorrer largas distancias hasta 10 Km por d\u00eda. Las zonas por las que pasa la manada son f\u00e1ciles de reconocer por el fuerte olor rancio que deja la manada, es buen nadador, no tiene buena visi\u00f3n.<\/p>\n<p style=\"text-align: justify;\"><strong>El Dato<\/strong><\/p>\n<p style=\"text-align: justify;\">Esta Especie sufre una intensa presi\u00f3n por cacer\u00eda, tambi\u00e9n por p\u00e9rdida y fragmentaci\u00f3n de su h\u00e1bitat natural por lo que se encuentra catalogado En Peligro en el Libro Rojo.<strong><\/strong><\/p>\n<p>&nbsp;<\/p>\n","protected":false},"excerpt":{"rendered":"<p class=\"excerpt\">\u00a0El Ministerio del Ambiente (MAE), el pasado 26 de Mayo, realiz\u00f3 un operativo en el que se decomis\u00f3 85 libras carne de Guangana (Tassu pecari), en un bus de la Cooperativa Alejandro Labaka. La Unidad fue interceptada a la altura de la V\u00eda Sacha-Coca, en el interior de las bodegas se encontr\u00f3 el producto, pero no se encontr\u00f3 a los&hellip; <a href=\"https:\/\/www.ambienteyenergia.gob.ec\/ambiente\/mae-realiza-la-retencion-de-carne-de-guangana-en-orellana\/\">Read more &rarr;<\/a><\/p>\n","protected":false},"author":13,"featured_media":11926,"comment_status":"open","ping_status":"open","sticky":false,"template":"","format":"standard","meta":{"footnotes":""},"categories":[16,4],"tags":[],"class_list":["post-11925","post","type-post","status-publish","format-standard","has-post-thumbnail","hentry","category-comunicamos","category-noticias","xfolkentry"],"_links":{"self":[{"href":"https:\/\/www.ambienteyenergia.gob.ec\/ambiente\/wp-json\/wp\/v2\/posts\/11925","targetHints":{"allow":["GET"]}}],"collection":[{"href":"https:\/\/www.ambienteyenergia.gob.ec\/ambiente\/wp-json\/wp\/v2\/posts"}],"about":[{"href":"https:\/\/www.ambienteyenergia.gob.ec\/ambiente\/wp-json\/wp\/v2\/types\/post"}],"author":[{"embeddable":true,"href":"https:\/\/www.ambienteyenergia.gob.ec\/ambiente\/wp-json\/wp\/v2\/users\/13"}],"replies":[{"embeddable":true,"href":"https:\/\/www.ambienteyenergia.gob.ec\/ambiente\/wp-json\/wp\/v2\/comments?post=11925"}],"version-history":[{"count":0,"href":"https:\/\/www.ambienteyenergia.gob.ec\/ambiente\/wp-json\/wp\/v2\/posts\/11925\/revisions"}],"wp:featuredmedia":[{"embeddable":true,"href":"https:\/\/www.ambienteyenergia.gob.ec\/ambiente\/wp-json\/wp\/v2\/media\/11926"}],"wp:attachment":[{"href":"https:\/\/www.ambienteyenergia.gob.ec\/ambiente\/wp-json\/wp\/v2\/media?parent=11925"}],"wp:term":[{"taxonomy":"category","embeddable":true,"href":"https:\/\/www.ambienteyenergia.gob.ec\/ambiente\/wp-json\/wp\/v2\/categories?post=11925"},{"taxonomy":"post_tag","embeddable":true,"href":"https:\/\/www.ambienteyenergia.gob.ec\/ambiente\/wp-json\/wp\/v2\/tags?post=11925"}],"curies":[{"name":"wp","href":"https:\/\/api.w.org\/{rel}","templated":true}]}}