{"id":11921,"date":"2013-05-29T16:03:13","date_gmt":"2013-05-29T21:03:13","guid":{"rendered":"http:\/\/www.ambiente.gob.ec\/?p=11921"},"modified":"2013-05-29T16:03:13","modified_gmt":"2013-05-29T21:03:13","slug":"detalles-sobre-cumbre-internacional-de-medio-ambiente","status":"publish","type":"post","link":"https:\/\/www.ambienteyenergia.gob.ec\/ambiente\/detalles-sobre-cumbre-internacional-de-medio-ambiente\/","title":{"rendered":"Detalles sobre Cumbre Internacional de Medio Ambiente"},"content":{"rendered":"<p style=\"text-align: justify;\">Hoy, en una rueda de prensa realizada en el sal\u00f3n Juan Tanca Marengo del Centro de Convenciones Sim\u00f3n Bol\u00edvar de Guayaquil, \u00a0se presentaron los detalles de la Cumbre Internacional de Medio Ambiente (CIMA) 2013, actividad que se efectuar\u00e1 de 15 al 18 de Julio, en ese mismo Centro.<\/p>\n<p style=\"text-align: justify;\">La Ministra del Ambiente, Lorena Tapia, mencion\u00f3 que la Cumbre establece un hito de referencia ambiental en el pa\u00eds e internacionalmente, porque incentiva a los diversos actores a interesarse por la protecci\u00f3n del ecosistema.<\/p>\n<p>\u00abLa Cumbre pretende ser un espacio de integraci\u00f3n entre la econom\u00eda y el ambiente, un motor que impulse a l\u00edderes de la regi\u00f3n presentes (&#8230;) Para trabajar en un modelo de econom\u00eda sustentable que busque la conservaci\u00f3n de los recursos naturales\u00bb, enfatiz\u00f3 la Secretaria de Estado.<\/p>\n<p>Javier Guarderas, representante de Soluciones Ambientales Totales (Sambito), record\u00f3 que la CIMA es una plataforma ambiental que en 2011 tuvo m\u00e1s de 16 mil visitantes, 40 conferencistas de 15 pa\u00edses, cerrando negocios por m\u00e1s de $2 millones y convenios de biodiversidad por $20 millones, evidenciando que es posible hacer negocios de una manera sostenible.<\/p>\n<p>El a\u00f1o pasado se hizo el CIMA Kids, con un enfoque directo en ni\u00f1os y j\u00f3venes, quienes se educaron en temas ambientales y se alcanz\u00f3 el record Guinnes por la recolecci\u00f3n de 1.5 millones de botellas pl\u00e1sticas, en 6 d\u00edas.<\/p>\n<p>En esta ocasi\u00f3n, en la exposici\u00f3n se espera la participaci\u00f3n de empresas e instituciones vinculadas a la importancia de la econom\u00eda verde en Ecuador. Tambi\u00e9n la visita de m\u00e1s de 40 mil personas.<\/p>\n<p>Las capacitaciones y foros, entre otras actividades, ser\u00e1n gratuitas y estar\u00e1n dirigidas para distintos grupos de inter\u00e9s en el \u00e1mbito ambiental. Las inscripciones se pueden realizar en\u00a0 la p\u00e1gina web www.cimaecuador.com.<\/p>\n<p>Para el \u00abConcurso Nacional de Bioideas\u00bb, los estudiantes universitarios pueden descargarse las bases del concurso e inscribirse en\u00a0 la web, hasta el 21 de junio, siendo premiados en el \u00faltimo d\u00eda del evento el 18 de julio.<\/p>\n<p>Las ruedas de negocios es otro frente de la CIMA, poniendo en contacto a proveedores de bienes y servicios locales e internacionales. A ellos se suman alcald\u00edas del pa\u00eds para dar a conocer sus iniciativas de reciclaje y productores de materia prima natural, esencial para la industria cosm\u00e9tica.<\/p>\n<p>En esta ocasi\u00f3n, se entregar\u00e1 un reconocimiento ambiental en siete categor\u00edas: Proyecto P\u00fablico Verde, Instituci\u00f3n Educativa Verde, Responsabilidad Empresarial Verde, Emprendimiento Verde, Proyecto Arquitect\u00f3nico Verde, Proyecto Comunitario Verde y Comunicador Verde, quienes podr\u00e1n inscribirse en la p\u00e1gina web www.premioslatinoamericaverde.com.<\/p>\n<p style=\"text-align: justify;\"><a href=\"http:\/\/www.ambienteyenergia.gob.ec\/ambiente\/wp-content\/uploads\/2013\/05\/portada-min.jpg\"><img loading=\"lazy\" decoding=\"async\" class=\"aligncenter size-full wp-image-11923\" title=\"Detalles sobre CIMA\" src=\"http:\/\/www.ambienteyenergia.gob.ec\/ambiente\/wp-content\/uploads\/2013\/05\/portada-min.jpg\" alt=\"\" width=\"670\" height=\"370\" srcset=\"https:\/\/www.ambienteyenergia.gob.ec\/ambiente\/wp-content\/uploads\/sites\/2\/2013\/05\/portada-min.jpg 670w, https:\/\/www.ambienteyenergia.gob.ec\/ambiente\/wp-content\/uploads\/sites\/2\/2013\/05\/portada-min-300x165.jpg 300w, https:\/\/www.ambienteyenergia.gob.ec\/ambiente\/wp-content\/uploads\/sites\/2\/2013\/05\/portada-min-500x276.jpg 500w\" sizes=\"auto, (max-width: 670px) 100vw, 670px\" \/><\/a><\/p>\n","protected":false},"excerpt":{"rendered":"<p class=\"excerpt\">Hoy, en una rueda de prensa realizada en el sal\u00f3n Juan Tanca Marengo del Centro de Convenciones Sim\u00f3n Bol\u00edvar de Guayaquil, \u00a0se presentaron los detalles de la Cumbre Internacional de Medio Ambiente (CIMA) 2013, actividad que se efectuar\u00e1 de 15 al 18 de Julio, en ese mismo Centro. La Ministra del Ambiente, Lorena Tapia, mencion\u00f3 que la Cumbre establece un&hellip; <a href=\"https:\/\/www.ambienteyenergia.gob.ec\/ambiente\/detalles-sobre-cumbre-internacional-de-medio-ambiente\/\">Read more &rarr;<\/a><\/p>\n","protected":false},"author":13,"featured_media":11922,"comment_status":"open","ping_status":"open","sticky":false,"template":"","format":"standard","meta":{"footnotes":""},"categories":[16,4],"tags":[],"class_list":["post-11921","post","type-post","status-publish","format-standard","has-post-thumbnail","hentry","category-comunicamos","category-noticias","xfolkentry"],"_links":{"self":[{"href":"https:\/\/www.ambienteyenergia.gob.ec\/ambiente\/wp-json\/wp\/v2\/posts\/11921","targetHints":{"allow":["GET"]}}],"collection":[{"href":"https:\/\/www.ambienteyenergia.gob.ec\/ambiente\/wp-json\/wp\/v2\/posts"}],"about":[{"href":"https:\/\/www.ambienteyenergia.gob.ec\/ambiente\/wp-json\/wp\/v2\/types\/post"}],"author":[{"embeddable":true,"href":"https:\/\/www.ambienteyenergia.gob.ec\/ambiente\/wp-json\/wp\/v2\/users\/13"}],"replies":[{"embeddable":true,"href":"https:\/\/www.ambienteyenergia.gob.ec\/ambiente\/wp-json\/wp\/v2\/comments?post=11921"}],"version-history":[{"count":0,"href":"https:\/\/www.ambienteyenergia.gob.ec\/ambiente\/wp-json\/wp\/v2\/posts\/11921\/revisions"}],"wp:featuredmedia":[{"embeddable":true,"href":"https:\/\/www.ambienteyenergia.gob.ec\/ambiente\/wp-json\/wp\/v2\/media\/11922"}],"wp:attachment":[{"href":"https:\/\/www.ambienteyenergia.gob.ec\/ambiente\/wp-json\/wp\/v2\/media?parent=11921"}],"wp:term":[{"taxonomy":"category","embeddable":true,"href":"https:\/\/www.ambienteyenergia.gob.ec\/ambiente\/wp-json\/wp\/v2\/categories?post=11921"},{"taxonomy":"post_tag","embeddable":true,"href":"https:\/\/www.ambienteyenergia.gob.ec\/ambiente\/wp-json\/wp\/v2\/tags?post=11921"}],"curies":[{"name":"wp","href":"https:\/\/api.w.org\/{rel}","templated":true}]}}