{"id":11915,"date":"2013-05-29T15:56:38","date_gmt":"2013-05-29T20:56:38","guid":{"rendered":"http:\/\/www.ambiente.gob.ec\/?p=11915"},"modified":"2013-05-29T15:56:38","modified_gmt":"2013-05-29T20:56:38","slug":"socio-bosque-participo-en-comite-de-responsabilidad-corporativa","status":"publish","type":"post","link":"https:\/\/www.ambienteyenergia.gob.ec\/ambiente\/socio-bosque-participo-en-comite-de-responsabilidad-corporativa\/","title":{"rendered":"Socio Bosque particip\u00f3 en Comit\u00e9 de Responsabilidad Corporativa"},"content":{"rendered":"<p style=\"text-align: justify;\">El Ministerio del Ambiente (MAE), a trav\u00e9s del Programa Socio Bosque, particip\u00f3 hoy, en el Comit\u00e9 sobre Responsabilidad Corporativa organizado por la C\u00e1mara de Comercio Ecuatoriano Americana, en Quito.<\/p>\n<p style=\"text-align: justify;\">El acto reuni\u00f3 a decenas de empresarios privados que debatieron sobre la incidencia de la responsabilidad social empresarial ambiental y la influencia de estas actividades en la sostenibilidad de sus negocios.<\/p>\n<p style=\"text-align: justify;\">Durante la cita, el Programa Socio Bosque present\u00f3 su Estrategia de Sostenibilidad Financiera (ESF), misma que tiene como objetivo la consolidaci\u00f3n de aportes econ\u00f3micos que faciliten el funcionamiento de esta iniciativa ambiental.<\/p>\n<p style=\"text-align: justify;\">Uno de los principales retos de Socio Bosque consiste en lograr diversificar sus fuentes de financiamiento que complementen la actual asignaci\u00f3n de recursos fiscales.<\/p>\n<p style=\"text-align: justify;\">El Programa de Estado entrega certificados de conservaci\u00f3n a las personas naturales o jur\u00eddicas que deseen contribuir al financiamiento temporal de hect\u00e1reas que se encuentran bajo conservaci\u00f3n en Socio Bosque.<\/p>\n<p style=\"text-align: justify;\">Seg\u00fan el Programa los primeros aportantes econ\u00f3micos son Soluciones Ambientales Ttootales (Sambito), Motor Uno, Tr\u00e9bol Verde, Banco Bolivariano y Pfizer. El monto total de aporte de estas compa\u00f1\u00edas es de alrededor de USD 40 mil.<\/p>\n<p style=\"text-align: justify;\">El titular de Socio Bosque, Max Lascano, explic\u00f3 que el cuidado de los ecosistemas vivos requiere tambi\u00e9n de la cooperaci\u00f3n de organizaciones que faciliten la gesti\u00f3n de conservaci\u00f3n que impulsa Socio Bosque en el pa\u00eds.<\/p>\n<p style=\"text-align: justify;\">El Programa Socio Bosque es una iniciativa ambiental que desde el 2008 conserva los bosques y p\u00e1ramos nativos en todo el pa\u00eds. Seg\u00fan este Programa de Estado, al momento se conservan cerca de 1 mill\u00f3n 126 mil hect\u00e1reas y se benefician cerca de 123 mil ciudadanos.<\/p>\n<p style=\"text-align: justify;\">Uno de los principales ejes de gesti\u00f3n de Socio Bosque consiste en el mejoramiento de las condiciones de vida de quienes habitan en estos espacios nativos en el pa\u00eds.<\/p>\n<div id='gallery-1' class='gallery galleryid-11915 gallery-columns-4 gallery-size-thumbnail'><dl class='gallery-item'>\n\t\t\t<dt class='gallery-icon landscape'>\n\t\t\t\t<a href='https:\/\/www.ambienteyenergia.gob.ec\/ambiente\/socio-bosque-participo-en-comite-de-responsabilidad-corporativa\/_dsc0678\/'><img loading=\"lazy\" decoding=\"async\" width=\"150\" height=\"150\" src=\"https:\/\/www.ambienteyenergia.gob.ec\/ambiente\/wp-content\/uploads\/sites\/2\/2013\/05\/DSC0678-150x150.jpg\" class=\"attachment-thumbnail size-thumbnail\" alt=\"\" \/><\/a>\n\t\t\t<\/dt><\/dl><dl class='gallery-item'>\n\t\t\t<dt class='gallery-icon landscape'>\n\t\t\t\t<a href='https:\/\/www.ambienteyenergia.gob.ec\/ambiente\/socio-bosque-participo-en-comite-de-responsabilidad-corporativa\/_dsc0693\/'><img loading=\"lazy\" decoding=\"async\" width=\"150\" height=\"150\" src=\"https:\/\/www.ambienteyenergia.gob.ec\/ambiente\/wp-content\/uploads\/sites\/2\/2013\/05\/DSC0693-150x150.jpg\" class=\"attachment-thumbnail size-thumbnail\" alt=\"\" \/><\/a>\n\t\t\t<\/dt><\/dl><dl class='gallery-item'>\n\t\t\t<dt class='gallery-icon landscape'>\n\t\t\t\t<a href='https:\/\/www.ambienteyenergia.gob.ec\/ambiente\/socio-bosque-participo-en-comite-de-responsabilidad-corporativa\/_dsc0712\/'><img loading=\"lazy\" decoding=\"async\" width=\"150\" height=\"150\" src=\"https:\/\/www.ambienteyenergia.gob.ec\/ambiente\/wp-content\/uploads\/sites\/2\/2013\/05\/DSC0712-150x150.jpg\" class=\"attachment-thumbnail size-thumbnail\" alt=\"\" \/><\/a>\n\t\t\t<\/dt><\/dl>\n\t\t\t<br style='clear: both' \/>\n\t\t<\/div>\n\n<p>&nbsp;<\/p>\n","protected":false},"excerpt":{"rendered":"<p class=\"excerpt\">El Ministerio del Ambiente (MAE), a trav\u00e9s del Programa Socio Bosque, particip\u00f3 hoy, en el Comit\u00e9 sobre Responsabilidad Corporativa organizado por la C\u00e1mara de Comercio Ecuatoriano Americana, en Quito. El acto reuni\u00f3 a decenas de empresarios privados que debatieron sobre la incidencia de la responsabilidad social empresarial ambiental y la influencia de estas actividades en la sostenibilidad de sus negocios.&hellip; <a href=\"https:\/\/www.ambienteyenergia.gob.ec\/ambiente\/socio-bosque-participo-en-comite-de-responsabilidad-corporativa\/\">Read more &rarr;<\/a><\/p>\n","protected":false},"author":13,"featured_media":11918,"comment_status":"open","ping_status":"open","sticky":false,"template":"","format":"standard","meta":{"footnotes":""},"categories":[16,4],"tags":[],"class_list":["post-11915","post","type-post","status-publish","format-standard","has-post-thumbnail","hentry","category-comunicamos","category-noticias","xfolkentry"],"_links":{"self":[{"href":"https:\/\/www.ambienteyenergia.gob.ec\/ambiente\/wp-json\/wp\/v2\/posts\/11915","targetHints":{"allow":["GET"]}}],"collection":[{"href":"https:\/\/www.ambienteyenergia.gob.ec\/ambiente\/wp-json\/wp\/v2\/posts"}],"about":[{"href":"https:\/\/www.ambienteyenergia.gob.ec\/ambiente\/wp-json\/wp\/v2\/types\/post"}],"author":[{"embeddable":true,"href":"https:\/\/www.ambienteyenergia.gob.ec\/ambiente\/wp-json\/wp\/v2\/users\/13"}],"replies":[{"embeddable":true,"href":"https:\/\/www.ambienteyenergia.gob.ec\/ambiente\/wp-json\/wp\/v2\/comments?post=11915"}],"version-history":[{"count":0,"href":"https:\/\/www.ambienteyenergia.gob.ec\/ambiente\/wp-json\/wp\/v2\/posts\/11915\/revisions"}],"wp:featuredmedia":[{"embeddable":true,"href":"https:\/\/www.ambienteyenergia.gob.ec\/ambiente\/wp-json\/wp\/v2\/media\/11918"}],"wp:attachment":[{"href":"https:\/\/www.ambienteyenergia.gob.ec\/ambiente\/wp-json\/wp\/v2\/media?parent=11915"}],"wp:term":[{"taxonomy":"category","embeddable":true,"href":"https:\/\/www.ambienteyenergia.gob.ec\/ambiente\/wp-json\/wp\/v2\/categories?post=11915"},{"taxonomy":"post_tag","embeddable":true,"href":"https:\/\/www.ambienteyenergia.gob.ec\/ambiente\/wp-json\/wp\/v2\/tags?post=11915"}],"curies":[{"name":"wp","href":"https:\/\/api.w.org\/{rel}","templated":true}]}}