{"id":11907,"date":"2013-05-29T15:02:00","date_gmt":"2013-05-29T20:02:00","guid":{"rendered":"http:\/\/www.ambiente.gob.ec\/?p=11907"},"modified":"2013-05-29T15:35:37","modified_gmt":"2013-05-29T20:35:37","slug":"talleres-para-fortalecer-la-sostenibilidad-financiera-en-las-areas-privadas","status":"publish","type":"post","link":"https:\/\/www.ambienteyenergia.gob.ec\/ambiente\/talleres-para-fortalecer-la-sostenibilidad-financiera-en-las-areas-privadas\/","title":{"rendered":"Talleres para fortalecer la sostenibilidad financiera en las \u00e1reas privadas"},"content":{"rendered":"<p style=\"text-align: justify;\">En el marco del Proyecto de Sostenibilidad Financiera de \u00c1reas Protegidas (PSF), iniciativa del Ministerio del Ambiente (MAE), realiz\u00f3 el \u201cCurso de primeros auxilios en \u00e1reas agrestes\u201d, con el fin de fortalecer la operaci\u00f3n tur\u00edstica de las reservas que son parte de la Corporaci\u00f3n Nacional de Bosques y Reservas Privadas del Ecuador (CNBRPE). La iniciativa cuenta con la asistencia t\u00e9cnica del Programa de las Naciones Unidas para el Desarrollo (PNUD) y es financiado por el Fondo para el Medio Ambiente Mundial (GEF).<\/p>\n<p style=\"text-align: justify;\">Entre el 23 y 26 de mayo en la Reserva Ecol\u00f3gica Bellavista, ubicada en el Nodo Noroccidente, m\u00e1s de 25 personas que trabajan en las reservas naturales privadas del sector, participaron en el taller, con una duraci\u00f3n de 8 horas diarias, en las cuales los asistentes recibieron clases te\u00f3ricas y pr\u00e1cticas, basadas en una metodolog\u00eda de recreaci\u00f3n de situaciones reales para manejar emergencias.<\/p>\n<p style=\"text-align: justify;\">El curso fue desarrollado por Felipe J\u00e1come y otros instructores pertenecientes a la Fundaci\u00f3n Ecol\u00f3gica y Medio Ambiente Mingai, instancia con m\u00e1s de una d\u00e9cada de experiencia en la acreditaci\u00f3n y capacitaci\u00f3n en temas de primeros auxilios y pr\u00e1cticas param\u00e9dicas emergentes.<\/p>\n<p style=\"text-align: justify;\">\u201cEl an\u00e1lisis de la situaci\u00f3n en base a los datos recopilados en el paciente, define la decisi\u00f3n que tomar\u00e1 la persona que presta auxilio en cuesti\u00f3n de minutos\u201d, afirma Felipe, quien adem\u00e1s explica que las t\u00e9cnicas y conocimientos que se brindan en este taller son funcionales en escenarios agrestes como en espacios urbanos.<\/p>\n<p style=\"text-align: justify;\">El sistema de evaluaci\u00f3n al paciente, planes de emergencia y evacuaci\u00f3n, reportes para radio, c\u00f3mo tratar lesiones de columna y cabeza, manejo de heridas en \u00e1reas silvestres, entre otros; fueron los temas abordaos durante la jornada, con ejercicios pr\u00e1cticos a trav\u00e9s de simulacros.<\/p>\n<p style=\"text-align: justify;\">Los participantes recibieron un certificado que avala su conocimiento en primeros auxilios, luego de haber rendido una evaluaci\u00f3n escrita y pr\u00e1ctica. Esta certificaci\u00f3n apoyar\u00e1 a los reservistas en la obtenci\u00f3n de licencias para ejercer actividades tur\u00edsticas.<\/p>\n<p style=\"text-align: justify;\">El PSF ha apoyado en la parte t\u00e9cnica y\u00a0 financiera para la realizaci\u00f3n del curso, en base al resultado de fortalecimiento de las capacidades, con el fin de optimizar la calidad de los servicios tur\u00edsticos en las reservas, como aporte al proceso de sostenibilidad financiera de la zona.<\/p>\n<p style=\"text-align: justify;\" align=\"center\">\n","protected":false},"excerpt":{"rendered":"<p class=\"excerpt\">En el marco del Proyecto de Sostenibilidad Financiera de \u00c1reas Protegidas (PSF), iniciativa del Ministerio del Ambiente (MAE), realiz\u00f3 el \u201cCurso de primeros auxilios en \u00e1reas agrestes\u201d, con el fin de fortalecer la operaci\u00f3n tur\u00edstica de las reservas que son parte de la Corporaci\u00f3n Nacional de Bosques y Reservas Privadas del Ecuador (CNBRPE). La iniciativa cuenta con la asistencia t\u00e9cnica&hellip; <a href=\"https:\/\/www.ambienteyenergia.gob.ec\/ambiente\/talleres-para-fortalecer-la-sostenibilidad-financiera-en-las-areas-privadas\/\">Read more &rarr;<\/a><\/p>\n","protected":false},"author":13,"featured_media":11908,"comment_status":"open","ping_status":"open","sticky":false,"template":"","format":"standard","meta":{"footnotes":""},"categories":[16,4],"tags":[],"class_list":["post-11907","post","type-post","status-publish","format-standard","has-post-thumbnail","hentry","category-comunicamos","category-noticias","xfolkentry"],"_links":{"self":[{"href":"https:\/\/www.ambienteyenergia.gob.ec\/ambiente\/wp-json\/wp\/v2\/posts\/11907","targetHints":{"allow":["GET"]}}],"collection":[{"href":"https:\/\/www.ambienteyenergia.gob.ec\/ambiente\/wp-json\/wp\/v2\/posts"}],"about":[{"href":"https:\/\/www.ambienteyenergia.gob.ec\/ambiente\/wp-json\/wp\/v2\/types\/post"}],"author":[{"embeddable":true,"href":"https:\/\/www.ambienteyenergia.gob.ec\/ambiente\/wp-json\/wp\/v2\/users\/13"}],"replies":[{"embeddable":true,"href":"https:\/\/www.ambienteyenergia.gob.ec\/ambiente\/wp-json\/wp\/v2\/comments?post=11907"}],"version-history":[{"count":0,"href":"https:\/\/www.ambienteyenergia.gob.ec\/ambiente\/wp-json\/wp\/v2\/posts\/11907\/revisions"}],"wp:featuredmedia":[{"embeddable":true,"href":"https:\/\/www.ambienteyenergia.gob.ec\/ambiente\/wp-json\/wp\/v2\/media\/11908"}],"wp:attachment":[{"href":"https:\/\/www.ambienteyenergia.gob.ec\/ambiente\/wp-json\/wp\/v2\/media?parent=11907"}],"wp:term":[{"taxonomy":"category","embeddable":true,"href":"https:\/\/www.ambienteyenergia.gob.ec\/ambiente\/wp-json\/wp\/v2\/categories?post=11907"},{"taxonomy":"post_tag","embeddable":true,"href":"https:\/\/www.ambienteyenergia.gob.ec\/ambiente\/wp-json\/wp\/v2\/tags?post=11907"}],"curies":[{"name":"wp","href":"https:\/\/api.w.org\/{rel}","templated":true}]}}