{"id":11889,"date":"2013-05-28T22:08:33","date_gmt":"2013-05-29T03:08:33","guid":{"rendered":"http:\/\/www.ambiente.gob.ec\/?p=11889"},"modified":"2013-05-28T22:17:02","modified_gmt":"2013-05-29T03:17:02","slug":"ministra-lorena-tapia-hablo-sobre-marco-regulatorio-ambiental-en-foro-internacional-del-banano","status":"publish","type":"post","link":"https:\/\/www.ambienteyenergia.gob.ec\/ambiente\/ministra-lorena-tapia-hablo-sobre-marco-regulatorio-ambiental-en-foro-internacional-del-banano\/","title":{"rendered":"Ministra Lorena Tapia habl\u00f3 sobre marco regulatorio ambiental en Foro Internacional del Banano"},"content":{"rendered":"<p style=\"text-align: justify;\">La Regularizaci\u00f3n Ambiental en el Sector Bananero fue el tema con el que la Ministra del Ambiente, Lorena Tapia, particip\u00f3 en el X\u00a0 Foro Internacional del Banano este 28 de mayo en la ciudad de Guayaquil.<\/p>\n<p style=\"text-align: justify;\">Este importante foro organizado por La Asociaci\u00f3n de Exportadores de Banano del Ecuador, AEBE, es un espacio que se ofrece al sector para exponer \u00a0informaci\u00f3n acerca de los procesos, normas, legislaci\u00f3n, sistemas, herramientas y en definitiva todo lo relacionado con la industria del banano.<\/p>\n<p style=\"text-align: justify;\">La Ministra del Ambiente en su intervenci\u00f3n habl\u00f3 de \u00a0temas como el Marco legal ambiental, el proceso de Regularizaci\u00f3n, la obtenci\u00f3n de licencias ambientales, planes de manejo ambiental, estado de Regularizaci\u00f3n y Estudios de prueba de deriva.<\/p>\n<p style=\"text-align: justify;\">Su intervenci\u00f3n fue muy bien acogida por el gremio y destac\u00f3 la apertura del MAE al an\u00e1lisis y estudio de propuestas\u00a0 del sector dentro del marco legal. \u201cLos esfuerzos \u00a0que se realicen contar\u00e1n con el debido control y prevenci\u00f3n en los procesos\u201d, insisti\u00f3.<\/p>\n<p style=\"text-align: justify;\">La Ministra Lorena Tapia tambi\u00e9n pudo recorrer\u00a0\u00a0la Feria Comercial &amp; Feria Internacional de Insumos, Tecnolog\u00eda y Servicio, que durar\u00e1 dos d\u00edas y que se exhibe en el Hotel Hilton Col\u00f3n de Guayaquil.<\/p>\n<p style=\"text-align: justify;\">El \u00a0evento permitir\u00e1 a Productores, Exportadores Ecuatorianos y extranjeros, Empresas\u00a0 y compa\u00f1\u00edas de la industria, potencializar sus esfuerzos en pro de un desarrollo agr\u00edcola y con responsabilidad ambiental \u00a0en nuestro pa\u00eds. En esto se enmarc\u00f3 la ponencia de la Ministra Lorena Tapia.<\/p>\n<div id='gallery-1' class='gallery galleryid-11889 gallery-columns-4 gallery-size-thumbnail'><dl class='gallery-item'>\n\t\t\t<dt class='gallery-icon landscape'>\n\t\t\t\t<a href='https:\/\/www.ambienteyenergia.gob.ec\/ambiente\/ministra-lorena-tapia-hablo-sobre-marco-regulatorio-ambiental-en-foro-internacional-del-banano\/_mg_5231\/'><img loading=\"lazy\" decoding=\"async\" width=\"150\" height=\"150\" src=\"https:\/\/www.ambienteyenergia.gob.ec\/ambiente\/wp-content\/uploads\/sites\/2\/2013\/05\/MG_5231-150x150.jpg\" class=\"attachment-thumbnail size-thumbnail\" alt=\"\" \/><\/a>\n\t\t\t<\/dt><\/dl><dl class='gallery-item'>\n\t\t\t<dt class='gallery-icon landscape'>\n\t\t\t\t<a href='https:\/\/www.ambienteyenergia.gob.ec\/ambiente\/ministra-lorena-tapia-hablo-sobre-marco-regulatorio-ambiental-en-foro-internacional-del-banano\/_mg_5240\/'><img loading=\"lazy\" decoding=\"async\" width=\"150\" height=\"150\" src=\"https:\/\/www.ambienteyenergia.gob.ec\/ambiente\/wp-content\/uploads\/sites\/2\/2013\/05\/MG_5240-150x150.jpg\" class=\"attachment-thumbnail size-thumbnail\" alt=\"\" \/><\/a>\n\t\t\t<\/dt><\/dl><dl class='gallery-item'>\n\t\t\t<dt class='gallery-icon landscape'>\n\t\t\t\t<a href='https:\/\/www.ambienteyenergia.gob.ec\/ambiente\/ministra-lorena-tapia-hablo-sobre-marco-regulatorio-ambiental-en-foro-internacional-del-banano\/_mg_5244\/'><img loading=\"lazy\" decoding=\"async\" width=\"150\" height=\"150\" src=\"https:\/\/www.ambienteyenergia.gob.ec\/ambiente\/wp-content\/uploads\/sites\/2\/2013\/05\/MG_5244-150x150.jpg\" class=\"attachment-thumbnail size-thumbnail\" alt=\"\" \/><\/a>\n\t\t\t<\/dt><\/dl>\n\t\t\t<br style='clear: both' \/>\n\t\t<\/div>\n\n","protected":false},"excerpt":{"rendered":"<p class=\"excerpt\">La Regularizaci\u00f3n Ambiental en el Sector Bananero fue el tema con el que la Ministra del Ambiente, Lorena Tapia, particip\u00f3 en el X\u00a0 Foro Internacional del Banano este 28 de mayo en la ciudad de Guayaquil. Este importante foro organizado por La Asociaci\u00f3n de Exportadores de Banano del Ecuador, AEBE, es un espacio que se ofrece al sector para exponer&hellip; <a href=\"https:\/\/www.ambienteyenergia.gob.ec\/ambiente\/ministra-lorena-tapia-hablo-sobre-marco-regulatorio-ambiental-en-foro-internacional-del-banano\/\">Read more &rarr;<\/a><\/p>\n","protected":false},"author":13,"featured_media":11891,"comment_status":"open","ping_status":"open","sticky":false,"template":"","format":"standard","meta":{"footnotes":""},"categories":[16,4,10],"tags":[],"class_list":["post-11889","post","type-post","status-publish","format-standard","has-post-thumbnail","hentry","category-comunicamos","category-noticias","category-noticias-destacadas","xfolkentry"],"_links":{"self":[{"href":"https:\/\/www.ambienteyenergia.gob.ec\/ambiente\/wp-json\/wp\/v2\/posts\/11889","targetHints":{"allow":["GET"]}}],"collection":[{"href":"https:\/\/www.ambienteyenergia.gob.ec\/ambiente\/wp-json\/wp\/v2\/posts"}],"about":[{"href":"https:\/\/www.ambienteyenergia.gob.ec\/ambiente\/wp-json\/wp\/v2\/types\/post"}],"author":[{"embeddable":true,"href":"https:\/\/www.ambienteyenergia.gob.ec\/ambiente\/wp-json\/wp\/v2\/users\/13"}],"replies":[{"embeddable":true,"href":"https:\/\/www.ambienteyenergia.gob.ec\/ambiente\/wp-json\/wp\/v2\/comments?post=11889"}],"version-history":[{"count":0,"href":"https:\/\/www.ambienteyenergia.gob.ec\/ambiente\/wp-json\/wp\/v2\/posts\/11889\/revisions"}],"wp:featuredmedia":[{"embeddable":true,"href":"https:\/\/www.ambienteyenergia.gob.ec\/ambiente\/wp-json\/wp\/v2\/media\/11891"}],"wp:attachment":[{"href":"https:\/\/www.ambienteyenergia.gob.ec\/ambiente\/wp-json\/wp\/v2\/media?parent=11889"}],"wp:term":[{"taxonomy":"category","embeddable":true,"href":"https:\/\/www.ambienteyenergia.gob.ec\/ambiente\/wp-json\/wp\/v2\/categories?post=11889"},{"taxonomy":"post_tag","embeddable":true,"href":"https:\/\/www.ambienteyenergia.gob.ec\/ambiente\/wp-json\/wp\/v2\/tags?post=11889"}],"curies":[{"name":"wp","href":"https:\/\/api.w.org\/{rel}","templated":true}]}}