{"id":11884,"date":"2013-05-28T19:17:31","date_gmt":"2013-05-29T00:17:31","guid":{"rendered":"http:\/\/www.ambiente.gob.ec\/?p=11884"},"modified":"2013-05-28T22:25:56","modified_gmt":"2013-05-29T03:25:56","slug":"mae-sustenta","status":"publish","type":"post","link":"https:\/\/www.ambienteyenergia.gob.ec\/ambiente\/mae-sustenta\/","title":{"rendered":"MAE sustenta criterio ambiental en plazos para obtenci\u00f3n de licencias"},"content":{"rendered":"<p style=\"text-align: justify;\">La Viceministra del Ambiente, M\u00f3nica Hidalgo, acudi\u00f3 este martes a la Asamblea Nacional para participar en una reuni\u00f3n organizada por la Comisi\u00f3n del R\u00e9gimen Econ\u00f3mico y Tributario y su Regulaci\u00f3n y Control.\u00a0 Durante su intervenci\u00f3n, \u00a0la Viceministra asegur\u00f3 que se rebajar\u00e1n los tiempos para la obtenci\u00f3n de la licencia ambiental de 16 a 6 meses, tal como lo se\u00f1ala el art\u00edculo 78 del proyecto de Ley\u00a0 Org\u00e1nica Reformatoria a la Ley de Miner\u00eda.<\/p>\n<p style=\"text-align: justify;\">Este nuevo plazo implica el cumplimiento de un proceso riguroso desde el Ministerio del Ambiente que contempla: la aprobaci\u00f3n de los t\u00e9rminos de referencia, procesos de participaci\u00f3n social obligatorios, aprobaci\u00f3n de estudios de impacto ambiental, pago de tasas y, finalmente, emisi\u00f3n de licencias ambientales.<\/p>\n<p style=\"text-align: justify;\">Este ajuste es posible, seg\u00fan la Viceministra, gracias a los procesos de automatizaci\u00f3n que se han implementado en la Cartera del Ambiente.<\/p>\n<p style=\"text-align: justify;\">El plazo de 6 meses se aplicar\u00e1 solo en casos de miner\u00eda a mediana y gran escala, pues en el caso de la miner\u00eda artesanal\u00a0 solo hace falta una ficha ambiental cuya obtenci\u00f3n demora entre 15 y 30 d\u00edas.<\/p>\n<p style=\"text-align: justify;\">En cuanto a las consultas realizadas por la Comisi\u00f3n presidida por el Asambleista Oswaldo Larriva, sobre la utilizaci\u00f3n de mercurio en esta actividad productiva, la Viceministra Hidalgo asegur\u00f3 que el MAE est\u00e1 trabajando en el Plan Cero Mercurio que posibilitar\u00e1 que, al cabo de un a\u00f1o, se erradique el uso de este elemento en la miner\u00eda artesanal, pero tambi\u00e9n en los \u00e1mbitos est\u00e9tico y odontol\u00f3gico.<\/p>\n<p style=\"text-align: justify;\">Una de las alternativas para dejar de lado este elemento altamente contaminante\u00a0 es incentivar a la asociaci\u00f3n de los peque\u00f1os mineros en cooperativas que les permitan tecnificar sus procesos. Los planes de capacitaci\u00f3n sobre este tema arrancaron hace una semana en Nambija y se extender\u00e1n pr\u00f3ximamente a todos los sectores donde se practique miner\u00eda artesanal.<\/p>\n<p style=\"text-align: justify;\">Frente a la consulta de los periodistas sobre el impacto que el proyecto R\u00edo Blanco tendr\u00e1 sobre la recientemente reconocida\u00a0 Reserva de Bi\u00f3sfera de El Cajas, la Viceministra respondi\u00f3 que \u201ces importante diferenciar los niveles de impacto de las distintas actividades econ\u00f3micas. La cercan\u00eda de una reserva no necesariamente impide el desarrollo de una actividad productiva, eso lo determinan los estudios de impacto ambiental\u201d.<\/p>\n<p style=\"text-align: justify;\"><a href=\"http:\/\/www.ambienteyenergia.gob.ec\/ambiente\/wp-content\/uploads\/2013\/05\/vlcsnap-2013-05-28-17h53m24s248.jpg\"><img loading=\"lazy\" decoding=\"async\" class=\"aligncenter size-full wp-image-11886\" title=\"Las licencias ambientales se obtendr\u00e1n en 6 meses con el  Proyecto de Reforma a la Ley Minera\" src=\"http:\/\/www.ambienteyenergia.gob.ec\/ambiente\/wp-content\/uploads\/2013\/05\/vlcsnap-2013-05-28-17h53m24s248.jpg\" alt=\"\" width=\"650\" height=\"433\" srcset=\"https:\/\/www.ambienteyenergia.gob.ec\/ambiente\/wp-content\/uploads\/sites\/2\/2013\/05\/vlcsnap-2013-05-28-17h53m24s248.jpg 650w, https:\/\/www.ambienteyenergia.gob.ec\/ambiente\/wp-content\/uploads\/sites\/2\/2013\/05\/vlcsnap-2013-05-28-17h53m24s248-300x199.jpg 300w, https:\/\/www.ambienteyenergia.gob.ec\/ambiente\/wp-content\/uploads\/sites\/2\/2013\/05\/vlcsnap-2013-05-28-17h53m24s248-450x300.jpg 450w\" sizes=\"auto, (max-width: 650px) 100vw, 650px\" \/><\/a><a href=\"http:\/\/www.ambienteyenergia.gob.ec\/ambiente\/wp-content\/uploads\/2013\/05\/vlcsnap-2013-05-28-17h52m57s219.jpg\"><img loading=\"lazy\" decoding=\"async\" class=\"aligncenter size-full wp-image-11885\" title=\"Las licencias ambientales se obtendr\u00e1n en 6 meses con el  Proyecto de Reforma a la Ley Minera\" src=\"http:\/\/www.ambienteyenergia.gob.ec\/ambiente\/wp-content\/uploads\/2013\/05\/vlcsnap-2013-05-28-17h52m57s219.jpg\" alt=\"\" width=\"650\" height=\"433\" srcset=\"https:\/\/www.ambienteyenergia.gob.ec\/ambiente\/wp-content\/uploads\/sites\/2\/2013\/05\/vlcsnap-2013-05-28-17h52m57s219.jpg 650w, https:\/\/www.ambienteyenergia.gob.ec\/ambiente\/wp-content\/uploads\/sites\/2\/2013\/05\/vlcsnap-2013-05-28-17h52m57s219-300x199.jpg 300w, https:\/\/www.ambienteyenergia.gob.ec\/ambiente\/wp-content\/uploads\/sites\/2\/2013\/05\/vlcsnap-2013-05-28-17h52m57s219-450x300.jpg 450w\" sizes=\"auto, (max-width: 650px) 100vw, 650px\" \/><\/a><\/p>\n","protected":false},"excerpt":{"rendered":"<p class=\"excerpt\">La Viceministra del Ambiente, M\u00f3nica Hidalgo, acudi\u00f3 este martes a la Asamblea Nacional para participar en una reuni\u00f3n organizada por la Comisi\u00f3n del R\u00e9gimen Econ\u00f3mico y Tributario y su Regulaci\u00f3n y Control.\u00a0 Durante su intervenci\u00f3n, \u00a0la Viceministra asegur\u00f3 que se rebajar\u00e1n los tiempos para la obtenci\u00f3n de la licencia ambiental de 16 a 6 meses, tal como lo se\u00f1ala el&hellip; <a href=\"https:\/\/www.ambienteyenergia.gob.ec\/ambiente\/mae-sustenta\/\">Read more &rarr;<\/a><\/p>\n","protected":false},"author":13,"featured_media":11887,"comment_status":"open","ping_status":"open","sticky":false,"template":"","format":"standard","meta":{"footnotes":""},"categories":[16,4,10],"tags":[],"class_list":["post-11884","post","type-post","status-publish","format-standard","has-post-thumbnail","hentry","category-comunicamos","category-noticias","category-noticias-destacadas","xfolkentry"],"_links":{"self":[{"href":"https:\/\/www.ambienteyenergia.gob.ec\/ambiente\/wp-json\/wp\/v2\/posts\/11884","targetHints":{"allow":["GET"]}}],"collection":[{"href":"https:\/\/www.ambienteyenergia.gob.ec\/ambiente\/wp-json\/wp\/v2\/posts"}],"about":[{"href":"https:\/\/www.ambienteyenergia.gob.ec\/ambiente\/wp-json\/wp\/v2\/types\/post"}],"author":[{"embeddable":true,"href":"https:\/\/www.ambienteyenergia.gob.ec\/ambiente\/wp-json\/wp\/v2\/users\/13"}],"replies":[{"embeddable":true,"href":"https:\/\/www.ambienteyenergia.gob.ec\/ambiente\/wp-json\/wp\/v2\/comments?post=11884"}],"version-history":[{"count":0,"href":"https:\/\/www.ambienteyenergia.gob.ec\/ambiente\/wp-json\/wp\/v2\/posts\/11884\/revisions"}],"wp:featuredmedia":[{"embeddable":true,"href":"https:\/\/www.ambienteyenergia.gob.ec\/ambiente\/wp-json\/wp\/v2\/media\/11887"}],"wp:attachment":[{"href":"https:\/\/www.ambienteyenergia.gob.ec\/ambiente\/wp-json\/wp\/v2\/media?parent=11884"}],"wp:term":[{"taxonomy":"category","embeddable":true,"href":"https:\/\/www.ambienteyenergia.gob.ec\/ambiente\/wp-json\/wp\/v2\/categories?post=11884"},{"taxonomy":"post_tag","embeddable":true,"href":"https:\/\/www.ambienteyenergia.gob.ec\/ambiente\/wp-json\/wp\/v2\/tags?post=11884"}],"curies":[{"name":"wp","href":"https:\/\/api.w.org\/{rel}","templated":true}]}}