{"id":11881,"date":"2013-05-28T19:09:11","date_gmt":"2013-05-29T00:09:11","guid":{"rendered":"http:\/\/www.ambiente.gob.ec\/?p=11881"},"modified":"2013-05-30T12:00:42","modified_gmt":"2013-05-30T17:00:42","slug":"el-macizo-del-cajas-es-la-quinta-reserva-de-biosfera-del-ecuador","status":"publish","type":"post","link":"https:\/\/www.ambienteyenergia.gob.ec\/ambiente\/el-macizo-del-cajas-es-la-quinta-reserva-de-biosfera-del-ecuador\/","title":{"rendered":"El Macizo del Cajas es la quinta Reserva de Bi\u00f3sfera del Ecuador"},"content":{"rendered":"<p style=\"text-align: justify;\">Hoy, luego de un proceso interdisciplianario, intersectorial e interinstitucional que inici\u00f3 en 2010, La Organizaci\u00f3n de las Naciones Unidas para la Educaci\u00f3n, la Ciencia y la Cultura (Unesco) declar\u00f3 a El Macizo del Cajas como parte de la red mundial de Reservas de Bi\u00f3sfera. Esta inclusi\u00f3n se debi\u00f3 a que el \u00e1rea que cubre una extensi\u00f3n total de casi un mill\u00f3n hect\u00e1reas, entre territorio continental y marino, tiene las condiciones f\u00edsicas, biol\u00f3gicas y socio-econ\u00f3micas que un espacio geogr\u00e1fico debe tener, seg\u00fan\u00a0 los criterios establecidos por esa entidad y su Programa sobre el Hombre y la Biosfera (MAB) para las declaratorias de esa envergadura.<\/p>\n<p style=\"text-align: justify;\">Esta nueva Reserva Biosfera, que se encuentra en el sur occidente del Ecuador, abarca las vertientes Pac\u00edfica y Atl\u00e1ntica de la Cordillera Occidental de los Andes, est\u00e1 conformada por las zonas n\u00facleo, de amortiguamiento y de transici\u00f3n, e incluye territorio de las provincias de Azuay (58,44%), Ca\u00f1ar (15,36%), El Oro (8,85%) y Guayas (17,35%). Es decir, posee p\u00e1ramos, humedales, manglares y ecosistemas marinos.<\/p>\n<p style=\"text-align: justify;\">Debido a sus condiciones geogr\u00e1ficas y clim\u00e1ticas, en este territorio existe una exuberante diversidad biol\u00f3gica. En la zona n\u00facleo se halla el Parque Nacional Cajas que cuenta con 71 especies end\u00e9micas, de la cuales 16 son \u00fanicas de la zona. Adem\u00e1s, existe una gran din\u00e1mica econ\u00f3mica, que incluye cultivos, plantaciones e industria.<\/p>\n<p style=\"text-align: justify;\">La inclusi\u00f3n del Macizo del Cajas en la red mundial de bi\u00f3sferas significa el desarrollo de \u00a0programas y proyectos de investigaci\u00f3n biol\u00f3gica, ecol\u00f3gica y socio-econ\u00f3mica, educaci\u00f3n ambiental, entre otros; as\u00ed como una pol\u00edtica o un plan de gesti\u00f3n de la zona en su calidad de Reserva de Bi\u00f3sfera. Este desarrollo econ\u00f3mico\u00a0 debe visualizarse desde un enfoque sostenible.<\/p>\n<p style=\"text-align: justify;\"><strong>Datos importantes:<\/strong><\/p>\n<ul style=\"text-align: justify;\">\n<li>El\u00a0 Ecuador ten\u00eda cuatro Reservas de Biosfera: Podocarpus-El C\u00f3ndor, Yasun\u00ed, Sumaco y las islas Gal\u00e1pagos.<\/li>\n<\/ul>\n<ul style=\"text-align: justify;\">\n<li>Reserva Biosfera Macizo de El tiene una extensi\u00f3n total de 976.600,92 ha, de la cuales 892.161,52 ha pertenecen a territorio continental y 88.439,4 ha pertenecen a territorio marino. Est\u00e1 conformada por s 65 parroquias, 15 cantones de las provincias de Azuay, Ca\u00f1ar, Guayas y El Oro, con una poblaci\u00f3n aproximada de un mill\u00f3n de habitantes.<\/li>\n<\/ul>\n<ul>\n<li style=\"text-align: justify;\">Las instituciones que participaron en el proceso de de promoci\u00f3n para la declaratoria de la Reserva Biosfera Macizo de El Cajas fueron: Ministerio del Ambiente de Ecuador (MAE), Secretar\u00eda Nacional de Planificaci\u00f3n y Desarrollo (SENPLADES), el Gobierno Provincial del Azuay (GPA), el Gobierno Municipal de Cuenca,\u00a0 la Empresa P\u00fablica Municipal de telecomunicaciones, agua potable, alcantarillado y saneamiento de Cuenca (ETAPA-EP), GIZ , Corporaci\u00f3n Naturaleza y Cultura Internacional (NCI),\u00a0 Ministerio de Relaciones exteriores comercio e integraci\u00f3n.<\/li>\n<li style=\"text-align: justify;\">Dentro de El Macizo del Majas se encuentra el \u00c1rea Nacional de Recreaci\u00f3n Quimsacocha con 3217 ha, con una formaci\u00f3n ecol\u00f3gica similar al Parque Nacional Cajas, nace en los r\u00edos Bermejos, tributario del Yanuncay, que abastecen de agua a la planta de captaci\u00f3n Sustag, y el r\u00edo Tarqui con los diferentes sistemas para las comunidades y parroquias de Victoria del Portete y Tarqui.<\/li>\n<\/ul>\n","protected":false},"excerpt":{"rendered":"<p class=\"excerpt\">Hoy, luego de un proceso interdisciplianario, intersectorial e interinstitucional que inici\u00f3 en 2010, La Organizaci\u00f3n de las Naciones Unidas para la Educaci\u00f3n, la Ciencia y la Cultura (Unesco) declar\u00f3 a El Macizo del Cajas como parte de la red mundial de Reservas de Bi\u00f3sfera. Esta inclusi\u00f3n se debi\u00f3 a que el \u00e1rea que cubre una extensi\u00f3n total de casi un&hellip; <a href=\"https:\/\/www.ambienteyenergia.gob.ec\/ambiente\/el-macizo-del-cajas-es-la-quinta-reserva-de-biosfera-del-ecuador\/\">Read more &rarr;<\/a><\/p>\n","protected":false},"author":13,"featured_media":11882,"comment_status":"open","ping_status":"open","sticky":false,"template":"","format":"standard","meta":{"footnotes":""},"categories":[16,4],"tags":[],"class_list":["post-11881","post","type-post","status-publish","format-standard","has-post-thumbnail","hentry","category-comunicamos","category-noticias","xfolkentry"],"_links":{"self":[{"href":"https:\/\/www.ambienteyenergia.gob.ec\/ambiente\/wp-json\/wp\/v2\/posts\/11881","targetHints":{"allow":["GET"]}}],"collection":[{"href":"https:\/\/www.ambienteyenergia.gob.ec\/ambiente\/wp-json\/wp\/v2\/posts"}],"about":[{"href":"https:\/\/www.ambienteyenergia.gob.ec\/ambiente\/wp-json\/wp\/v2\/types\/post"}],"author":[{"embeddable":true,"href":"https:\/\/www.ambienteyenergia.gob.ec\/ambiente\/wp-json\/wp\/v2\/users\/13"}],"replies":[{"embeddable":true,"href":"https:\/\/www.ambienteyenergia.gob.ec\/ambiente\/wp-json\/wp\/v2\/comments?post=11881"}],"version-history":[{"count":0,"href":"https:\/\/www.ambienteyenergia.gob.ec\/ambiente\/wp-json\/wp\/v2\/posts\/11881\/revisions"}],"wp:featuredmedia":[{"embeddable":true,"href":"https:\/\/www.ambienteyenergia.gob.ec\/ambiente\/wp-json\/wp\/v2\/media\/11882"}],"wp:attachment":[{"href":"https:\/\/www.ambienteyenergia.gob.ec\/ambiente\/wp-json\/wp\/v2\/media?parent=11881"}],"wp:term":[{"taxonomy":"category","embeddable":true,"href":"https:\/\/www.ambienteyenergia.gob.ec\/ambiente\/wp-json\/wp\/v2\/categories?post=11881"},{"taxonomy":"post_tag","embeddable":true,"href":"https:\/\/www.ambienteyenergia.gob.ec\/ambiente\/wp-json\/wp\/v2\/tags?post=11881"}],"curies":[{"name":"wp","href":"https:\/\/api.w.org\/{rel}","templated":true}]}}