{"id":11878,"date":"2013-05-28T14:18:09","date_gmt":"2013-05-28T19:18:09","guid":{"rendered":"http:\/\/www.ambiente.gob.ec\/?p=11878"},"modified":"2013-05-28T14:18:09","modified_gmt":"2013-05-28T19:18:09","slug":"socio-bosque-suscribe-acuerdo-con-prefectura-de-carchi","status":"publish","type":"post","link":"https:\/\/www.ambienteyenergia.gob.ec\/ambiente\/socio-bosque-suscribe-acuerdo-con-prefectura-de-carchi\/","title":{"rendered":"Socio Bosque suscribe acuerdo con Prefectura de Carchi"},"content":{"rendered":"<p style=\"text-align: justify;\">El Programa Socio Bosque del Ministerio del Ambiente (MAE) suscribi\u00f3 un convenio de cooperaci\u00f3n con el Gobierno Aut\u00f3nomo Descentralizado de la provincia del Carchi (GADPC).<\/p>\n<p style=\"text-align: justify;\">Seg\u00fan Socio Bosque, esta alianza pretende fomentar la participaci\u00f3n de las comunidades ind\u00edgenas y ciudadanos que habitan en los bosques nativos y p\u00e1ramos de la zona.<\/p>\n<p style=\"text-align: justify;\">El acuerdo indica que Socio Bosque capacitar\u00e1 a los responsables de la Direcci\u00f3n de Gesti\u00f3n ambiental de la Prefectura del Carchi sobre la conservaci\u00f3n de los bosques.<\/p>\n<p style=\"text-align: justify;\">De su parte, la entidad provincial se compromete a brindar apoyo a los propietarios individuales y colectivos en el cumplimiento de los requisitos t\u00e9cnicos y legales para acceder al incentivo de Socio Bosque.<\/p>\n<p style=\"text-align: justify;\">\u201cTodos podemos juntar esfuerzos para conservar nuestros ecosistemas nativos y lograr un desarrollo sostenible, justo y equitativo, en beneficio de los ciudadanos y ciudadanas\u201d, enfatiz\u00f3 el titular de Socio Bosque, el Eco. Max Lascano Vaca.<\/p>\n<p style=\"text-align: justify;\">El Proyecto ha suscrito hasta el momento decenas de acuerdos de cooperaci\u00f3n con diferentes entidades entidades, organismos internacionales, universidades, e instituciones del Estado con el fin fomentar la conservaci\u00f3n de los bosques nativos y p\u00e1ramos en todos los rincones de la patria.<\/p>\n<p style=\"text-align: justify;\">El art\u00edculo 71 de la Constituci\u00f3n de la Rep\u00fablica del Ecuador determina que el Estado incentivar\u00e1 a las personas naturales y jur\u00eddicas, y a los colectivos, para que protejan la naturaleza, y promover\u00e1 el respeto a todos los elementos que forman un ecosistema.<\/p>\n<p style=\"text-align: justify;\">El Gobierno Aut\u00f3nomo Descentralizado de la Provincia del Carchi es un organismo de desarrollo provincial, cuyas pol\u00edticas ambientales entre otras buscan conservar y manejar sustentablemente la biodiversidad de la provincia.<\/p>\n<p style=\"text-align: justify;\">Al acto de suscripci\u00f3n de los acuerdos de cooperaci\u00f3n asistieron Gabriela Celi, en representaci\u00f3n del Gerente de Socio Bosque; Marcelo Chicaiza, Procurador S\u00edndico de Gobierno Aut\u00f3nomo Descentralizado de la Provincia del Carchi; y Guillermo Herrera Villarreal, Prefecto de la provincia del Carchi.<\/p>\n<p>&nbsp;<\/p>\n","protected":false},"excerpt":{"rendered":"<p class=\"excerpt\">El Programa Socio Bosque del Ministerio del Ambiente (MAE) suscribi\u00f3 un convenio de cooperaci\u00f3n con el Gobierno Aut\u00f3nomo Descentralizado de la provincia del Carchi (GADPC). Seg\u00fan Socio Bosque, esta alianza pretende fomentar la participaci\u00f3n de las comunidades ind\u00edgenas y ciudadanos que habitan en los bosques nativos y p\u00e1ramos de la zona. El acuerdo indica que Socio Bosque capacitar\u00e1 a los&hellip; <a href=\"https:\/\/www.ambienteyenergia.gob.ec\/ambiente\/socio-bosque-suscribe-acuerdo-con-prefectura-de-carchi\/\">Read more &rarr;<\/a><\/p>\n","protected":false},"author":13,"featured_media":11879,"comment_status":"open","ping_status":"open","sticky":false,"template":"","format":"standard","meta":{"footnotes":""},"categories":[16,4],"tags":[],"class_list":["post-11878","post","type-post","status-publish","format-standard","has-post-thumbnail","hentry","category-comunicamos","category-noticias","xfolkentry"],"_links":{"self":[{"href":"https:\/\/www.ambienteyenergia.gob.ec\/ambiente\/wp-json\/wp\/v2\/posts\/11878","targetHints":{"allow":["GET"]}}],"collection":[{"href":"https:\/\/www.ambienteyenergia.gob.ec\/ambiente\/wp-json\/wp\/v2\/posts"}],"about":[{"href":"https:\/\/www.ambienteyenergia.gob.ec\/ambiente\/wp-json\/wp\/v2\/types\/post"}],"author":[{"embeddable":true,"href":"https:\/\/www.ambienteyenergia.gob.ec\/ambiente\/wp-json\/wp\/v2\/users\/13"}],"replies":[{"embeddable":true,"href":"https:\/\/www.ambienteyenergia.gob.ec\/ambiente\/wp-json\/wp\/v2\/comments?post=11878"}],"version-history":[{"count":0,"href":"https:\/\/www.ambienteyenergia.gob.ec\/ambiente\/wp-json\/wp\/v2\/posts\/11878\/revisions"}],"wp:featuredmedia":[{"embeddable":true,"href":"https:\/\/www.ambienteyenergia.gob.ec\/ambiente\/wp-json\/wp\/v2\/media\/11879"}],"wp:attachment":[{"href":"https:\/\/www.ambienteyenergia.gob.ec\/ambiente\/wp-json\/wp\/v2\/media?parent=11878"}],"wp:term":[{"taxonomy":"category","embeddable":true,"href":"https:\/\/www.ambienteyenergia.gob.ec\/ambiente\/wp-json\/wp\/v2\/categories?post=11878"},{"taxonomy":"post_tag","embeddable":true,"href":"https:\/\/www.ambienteyenergia.gob.ec\/ambiente\/wp-json\/wp\/v2\/tags?post=11878"}],"curies":[{"name":"wp","href":"https:\/\/api.w.org\/{rel}","templated":true}]}}