{"id":11874,"date":"2013-05-28T11:41:30","date_gmt":"2013-05-28T16:41:30","guid":{"rendered":"http:\/\/www.ambiente.gob.ec\/?p=11874"},"modified":"2013-05-28T11:41:30","modified_gmt":"2013-05-28T16:41:30","slug":"promotores-y-lideres-comunitarios-se-concientizan-sobre-el-cuidado-ambiental","status":"publish","type":"post","link":"https:\/\/www.ambienteyenergia.gob.ec\/ambiente\/promotores-y-lideres-comunitarios-se-concientizan-sobre-el-cuidado-ambiental\/","title":{"rendered":"Promotores y l\u00edderes comunitarios se concientizan sobre el cuidado ambiental"},"content":{"rendered":"<p style=\"text-align: justify;\">Los <strong>Ecotalleres <\/strong>son parte del proyecto de educaci\u00f3n ambiental \u201cSomos parte de la Soluci\u00f3n\u201d, impulsado por el Ministerio del Ambiente (MAE). El objetivo es formar Promotores Ambientales Comunitarios, dot\u00e1ndolos de conocimientos y herramientas pr\u00e1cticas, que les permitan ser agentes activos en el mejoramiento de calidad ambiental de sus comunidades. Su eje de acci\u00f3n est\u00e1 en todas las parroquias rurales del Ecuador.<\/p>\n<p style=\"text-align: justify;\">\u00a0\u201cLa experiencia de compartir con las comunidades y comprometerles a involucrarse en el tema de responsabilidad ambiental es la parte m\u00e1s significativa de este trabajo. Para explicar el tema, primero hay que comprender el ambiente en el que se desenvuelven y sus interacciones, para identificar las situaciones a los problemas locales\u201d, comenta Freddy Abarca, uno de los capacitadores del MAE.<\/p>\n<p style=\"text-align: justify;\">El tiempo de duraci\u00f3n de las jornadas de capacitaci\u00f3n son 80 horas divididas en 60 horas de capacitaci\u00f3n te\u00f3rica y 20 horas en visitas de campo, con una duraci\u00f3n aproximada de dos meses. La serie educativa contiene cinco m\u00f3dulos sobre temas como el rol del promotor ambiental comunitario, conservaci\u00f3n de la biodiversidad, gesti\u00f3n ambiental y desarrollo sostenible,\u00a0 calidad ambiental y educaci\u00f3n ambiental en la pr\u00e1ctica.<\/p>\n<p style=\"text-align: justify;\">Al final de 80 horas de capacitaci\u00f3n se espera que los promotores ambientales comunitarios de las juntas parroquiales cuenten con las herramientas necesarias para llevar a cabo proyectos ambientales y replicar la experiencia formativa en otros grupos de su parroquia para que de esta manera\u00a0 apoyen con eficiencia los planes de desarrollo local.<\/p>\n<p style=\"text-align: justify;\">Para Abarca, esta iniciativa promueve un modelo de vida sostenible, a trav\u00e9s del conocimiento de la realidad de la parroquia y el desarrollo de actividades que permitan un manejo adecuado de los recursos naturales.<\/p>\n<p style=\"text-align: justify;\">Para lograr este objetivo, el MAE suscribi\u00f3 convenios de cooperaci\u00f3n con el Consejo Nacional de Gobiernos Parroquiales Aut\u00f3nomos del Ecuador (Conagopare) y la Escuela Polit\u00e9cnica del Ej\u00e9rcito (ESPE).<\/p>\n<p style=\"text-align: justify;\">La iniciativa promueve capacidades en aspectos relacionados con el desarrollo de la gesti\u00f3n ambiental, sostenibilidad de los procesos de formaci\u00f3n continua y vinculaci\u00f3n con la colectividad que se impulsa desde las universidades, a nivel local.<\/p>\n<p style=\"text-align: justify;\">Durante los primeros cinco meses del a\u00f1o se han realizado 25 Ecotalleres en diferentes Direcciones Provinciales Ambientales y Asociaciones Provinciales de Gobiernos Parroquiales,\u00a0 a trav\u00e9s de los cuales se ha capacitado a 430 personas. .<\/p>\n<p style=\"text-align: justify;\">Los representantes de los Gobiernos Parroquiales manifestaron\u00a0 que est\u00e1n dispuestos a participar en el proyecto porque constituye un aporte valioso al desarrollo de uno de los ejes priorizados en el plan de desarrollo local, como es el eje ambiental.<\/p>\n<p style=\"text-align: justify;\"><a href=\"http:\/\/www.ambienteyenergia.gob.ec\/ambiente\/wp-content\/uploads\/2013\/05\/24.jpg\"><img loading=\"lazy\" decoding=\"async\" class=\"aligncenter size-full wp-image-11876\" title=\"Ecotalleres\" src=\"http:\/\/www.ambienteyenergia.gob.ec\/ambiente\/wp-content\/uploads\/2013\/05\/24.jpg\" alt=\"\" width=\"650\" height=\"488\" srcset=\"https:\/\/www.ambienteyenergia.gob.ec\/ambiente\/wp-content\/uploads\/sites\/2\/2013\/05\/24.jpg 650w, https:\/\/www.ambienteyenergia.gob.ec\/ambiente\/wp-content\/uploads\/sites\/2\/2013\/05\/24-300x225.jpg 300w, https:\/\/www.ambienteyenergia.gob.ec\/ambiente\/wp-content\/uploads\/sites\/2\/2013\/05\/24-399x300.jpg 399w\" sizes=\"auto, (max-width: 650px) 100vw, 650px\" \/><\/a><\/p>\n","protected":false},"excerpt":{"rendered":"<p class=\"excerpt\">Los Ecotalleres son parte del proyecto de educaci\u00f3n ambiental \u201cSomos parte de la Soluci\u00f3n\u201d, impulsado por el Ministerio del Ambiente (MAE). El objetivo es formar Promotores Ambientales Comunitarios, dot\u00e1ndolos de conocimientos y herramientas pr\u00e1cticas, que les permitan ser agentes activos en el mejoramiento de calidad ambiental de sus comunidades. Su eje de acci\u00f3n est\u00e1 en todas las parroquias rurales del&hellip; <a href=\"https:\/\/www.ambienteyenergia.gob.ec\/ambiente\/promotores-y-lideres-comunitarios-se-concientizan-sobre-el-cuidado-ambiental\/\">Read more &rarr;<\/a><\/p>\n","protected":false},"author":13,"featured_media":11875,"comment_status":"open","ping_status":"open","sticky":false,"template":"","format":"standard","meta":{"footnotes":""},"categories":[16,4],"tags":[],"class_list":["post-11874","post","type-post","status-publish","format-standard","has-post-thumbnail","hentry","category-comunicamos","category-noticias","xfolkentry"],"_links":{"self":[{"href":"https:\/\/www.ambienteyenergia.gob.ec\/ambiente\/wp-json\/wp\/v2\/posts\/11874","targetHints":{"allow":["GET"]}}],"collection":[{"href":"https:\/\/www.ambienteyenergia.gob.ec\/ambiente\/wp-json\/wp\/v2\/posts"}],"about":[{"href":"https:\/\/www.ambienteyenergia.gob.ec\/ambiente\/wp-json\/wp\/v2\/types\/post"}],"author":[{"embeddable":true,"href":"https:\/\/www.ambienteyenergia.gob.ec\/ambiente\/wp-json\/wp\/v2\/users\/13"}],"replies":[{"embeddable":true,"href":"https:\/\/www.ambienteyenergia.gob.ec\/ambiente\/wp-json\/wp\/v2\/comments?post=11874"}],"version-history":[{"count":0,"href":"https:\/\/www.ambienteyenergia.gob.ec\/ambiente\/wp-json\/wp\/v2\/posts\/11874\/revisions"}],"wp:featuredmedia":[{"embeddable":true,"href":"https:\/\/www.ambienteyenergia.gob.ec\/ambiente\/wp-json\/wp\/v2\/media\/11875"}],"wp:attachment":[{"href":"https:\/\/www.ambienteyenergia.gob.ec\/ambiente\/wp-json\/wp\/v2\/media?parent=11874"}],"wp:term":[{"taxonomy":"category","embeddable":true,"href":"https:\/\/www.ambienteyenergia.gob.ec\/ambiente\/wp-json\/wp\/v2\/categories?post=11874"},{"taxonomy":"post_tag","embeddable":true,"href":"https:\/\/www.ambienteyenergia.gob.ec\/ambiente\/wp-json\/wp\/v2\/tags?post=11874"}],"curies":[{"name":"wp","href":"https:\/\/api.w.org\/{rel}","templated":true}]}}